{"id":5093,"date":"2012-06-06T19:23:37","date_gmt":"2012-06-06T16:23:37","guid":{"rendered":"http:\/\/www.bbyhaber.com\/bby\/?p=5093"},"modified":"2017-01-11T15:02:08","modified_gmt":"2017-01-11T12:02:08","slug":"sehit-gazetecilerin-ismi-olumsuzlesecek-izmir-torbali","status":"publish","type":"post","link":"https:\/\/www.bbyhaber.com\/bby\/2012\/06\/06\/sehit-gazetecilerin-ismi-olumsuzlesecek-izmir-torbali","title":{"rendered":"\u015eehit Gazetecilerin \u0130smi \u00d6l\u00fcms\u00fczle\u015fecek-\u0130zmir-Torbal\u0131"},"content":{"rendered":"<p style=\"text-align: justify;\">\u0130zmir\u2019in Torbal\u0131 il\u00e7esinde yay\u0131n yapan yerel bir gazetede muhabir olan Vedat G\u00f6k\u00e7ay\u2019\u0131n ba\u015flatm\u0131\u015f oldu\u011fu K\u00f6y \u00c7ocuklar\u0131na Mini K\u00fct\u00fcphane Kampanyas\u0131, ilk meyvesini veriyor. \u2018K\u00fct\u00fcphanesiz da\u011f k\u00f6y\u00fc kalmas\u0131n\u2019 slogan\u0131 ile yola \u00e7\u0131kan gen\u00e7 gazetecinin \u00f6nderlik etti\u011fi kampanya kapsam\u0131nda ilk k\u00fct\u00fcphane <strong>7 Haziran<\/strong> Per\u015fembe g\u00fcn\u00fc saat 15.00\u2019da Da\u011fk\u0131z\u0131lca K\u00f6y\u00fc\u2019nde a\u00e7\u0131lacak. <!--more-->Torbal\u0131 Kaymakaml\u0131\u011f\u0131, Torbal\u0131 Belediyesi ve bir\u00e7ok sivil toplum kurulu\u015fu ve kitapseverlerin deste\u011fiyle a\u00e7\u0131lacak olan k\u00fct\u00fcphaneye, Van depremi esnas\u0131nda b\u00f6lgede g\u00f6revde olan ve Bayram Otel\u2019in enkaz\u0131 alt\u0131nda kalarak \u015fehit d\u00fc\u015fen, muhabirler Sebahattin Y\u0131lmaz ve Cem Emir\u2019in isimleri verilecek. K\u00fct\u00fcphanenin a\u00e7\u0131l\u0131\u015f\u0131na kat\u0131l\u0131m\u0131n olduk\u00e7a yo\u011fun olmas\u0131 bekleniyor.<\/p>\n<p style=\"text-align: justify;\">SOSYAL MEDYADA \u0130LG\u0130 G\u00d6RD\u00dc<\/p>\n<p style=\"text-align: justify;\">Torbal\u0131\u2019n\u0131n yerel gazetesinde muhabirlik yapan gazeteci Vedat G\u00f6k\u00e7ay, yakla\u015f\u0131k 10 ay \u00f6nce, kitap alamayan k\u00f6y \u00e7ocuklar\u0131 i\u00e7in harekete ge\u00e7ti. Gen\u00e7 gazeteci, Torbal\u0131\u2019daki da\u011f k\u00f6yleri i\u00e7in il\u00e7e geneli kitap toplama kampanyas\u0131 ba\u015flatt\u0131. \u0130lk \u00f6nce sosyal medya a\u011f\u0131 olan Facebook sitesinde \u2018K\u00f6y Okullar\u0131na Mini K\u00fct\u00fcphane Kampanyas\u0131\u2019 ad\u0131 alt\u0131nda bir kampanya ba\u015flatan G\u00f6k\u00e7ay, daha sonra il\u00e7ede bulunan bir\u00e7ok yazar, \u015fair, sanat\u00e7\u0131 ve esnaftan da destek g\u00f6rd\u00fc. Ba\u015flat\u0131lan kampanya i\u00e7in T\u00fcrkiye genelinden baz\u0131 sanat\u00e7\u0131lar ve \u00fcniversitelerin \u00f6\u011frenci birlikleri ile ileti\u015fime ge\u00e7ildi. K\u0131sa zamanda y\u00fczlerce kitap topland\u0131 ve yo\u011fun \u00e7al\u0131\u015fmalar\u0131n ard\u0131ndan, at\u0131l vaziyette olan eski K\u00f6y Kona\u011f\u0131, ba\u015ftan a\u015fa\u011f\u0131 tadilat ettirildi. Ba\u015flat\u0131lan \u00e7al\u0131\u015fmaya Torbal\u0131 Kaymakaml\u0131\u011f\u0131 ve Belediye b\u00fcy\u00fck destek verdi.<\/p>\n<p style=\"text-align: justify;\">ATIL VAZ\u0130YETTEK\u0130 B\u0130NA K\u00dcT\u00dcPHANE OLDU<\/p>\n<p style=\"text-align: justify;\">\u00c7al\u0131\u015fmalar kapsam\u0131nda Da\u011fk\u0131z\u0131lca K\u00f6y\u00fc\u2019nde kurulacak olan ilk k\u00fct\u00fcphanede at\u0131l vaziyette olan k\u00f6y kona\u011f\u0131n\u0131 muhtarl\u0131ktan teslim alan G\u00f6k\u00e7ay, binay\u0131 tadilat ettirdi. \u00c7at\u0131s\u0131ndan tavan\u0131na, duvarlar\u0131ndan, pencerelerine kadar her bir detay\u0131na kadar elden ge\u00e7irilen bina, ilk g\u00fcnk\u00fc gibi yeni bir hal ald\u0131. K\u00fct\u00fcphane i\u00e7erisine s\u0131f\u0131r kitapl\u0131klar, laminant parke, plastik tavan, boya, elektrik tesisat\u0131 gibi i\u015flemler yap\u0131ld\u0131. Son olarak \u00f6nceki g\u00fcn \u00c7a\u011fda\u015f Ya\u015fam\u0131 Destekleme Derne\u011fi Torbal\u0131 \u015eubesi temsilcisi Tanzer Bo\u011fan ve 10 \u00f6\u011frenci kitaplar\u0131n ta\u015f\u0131nmas\u0131na yard\u0131m ederek, \u00e7ocuklar i\u00e7in toplanan kitaplar\u0131 titiz bir \u015fekilde raflara dizdiler. Van Depremi\u2019nde g\u00f6rev yaparken, Bayram Oteli\u2019nin \u00e7\u00f6kmesi sonucu \u015fehit olan gazeteciler Sabahattin Y\u0131lmaz ve Cem Emir\u2019in isimleri verilecek. A\u00e7\u0131lacak olan k\u00fct\u00fcphaneyle birlikte \u015fehit gazetecilerin ismi da\u011f k\u00f6y\u00fcndeki bir k\u00fct\u00fcphanede \u00f6l\u00fcms\u00fczle\u015fecek.<\/p>\n<p style=\"text-align: justify;\">\u0130LK K\u00dcT\u00dcPHANE YARIN A\u00c7ILIYOR<\/p>\n<p style=\"text-align: justify;\">B\u00fct\u00fcn \u00e7al\u0131\u015fmalar\u0131n tamamland\u0131\u011f\u0131, Da\u011fk\u0131z\u0131lca K\u00f6y\u00fc \u015eehit Gazeteciler Sabahattin Y\u0131lmaz ve Cem Emir K\u00fct\u00fcphanesi, 7 Haziran Per\u015fembe g\u00fcn\u00fc saat 15.00\u2019da a\u00e7\u0131lacak. A\u00e7\u0131l\u0131\u015fa \u00e7ok say\u0131da kitapseverin kat\u0131lmas\u0131 bekleniyor. Kampanyan\u0131n koordinat\u00f6r\u00fc olan Vedat G\u00f6k\u00e7ay, a\u00e7\u0131l\u0131\u015fa b\u00fct\u00fcn Torbal\u0131 halk\u0131n\u0131 davet etti. K\u00fct\u00fcphanesi olmayan bir\u00e7ok k\u00f6y okulunun bulundu\u011funu, bir gazeteci olarak bunun b\u00fcy\u00fck bir eksiklik oldu\u011funu belirten G\u00f6k\u00e7ay, \u201cG\u00fcn\u00fcm\u00fczde insanlar bireyselle\u015ftirilmi\u015f durumdalar. Kitaplardan uzak ya\u015f\u0131yorlar, \u00f6zellikle \u00e7ocuklar\u0131m\u0131z. Da\u011f k\u00f6ylerindeki \u00e7ocuklar istedikleri kitaplar\u0131 bulam\u0131yorlar. Hem onlara ders \u00e7al\u0131\u015fma ortam\u0131 haz\u0131rlamak, hem de k\u00fct\u00fcphane havas\u0131n\u0131 tatt\u0131rmak ad\u0131na bu kampanyay\u0131 ba\u015flatt\u0131k. En g\u00fczel isminde, \u015fehit meslekta\u015flar\u0131m\u0131n isimlerinin olaca\u011f\u0131n\u0131 d\u00fc\u015f\u00fcnd\u00fcm\u201d dedi.<\/p>\n<p style=\"text-align: justify;\">Kaynak: http:\/\/www.egehaberleri.net\/<\/p>\n<p style=\"text-align: justify;\">\u015eehit Gazetecilerin \u0130smi \u00d6l\u00fcms\u00fczle\u015fecek<\/p>\n","protected":false},"excerpt":{"rendered":"<p>\u0130zmir\u2019in Torbal\u0131 il\u00e7esinde yay\u0131n yapan yerel bir gazetede muhabir olan Vedat G\u00f6k\u00e7ay\u2019\u0131n ba\u015flatm\u0131\u015f oldu\u011fu K\u00f6y \u00c7ocuklar\u0131na Mini K\u00fct\u00fcphane Kampanyas\u0131, ilk meyvesini veriyor. \u2018K\u00fct\u00fcphanesiz da\u011f k\u00f6y\u00fc kalmas\u0131n\u2019 slogan\u0131 ile yola \u00e7\u0131kan gen\u00e7 gazetecinin \u00f6nderlik etti\u011fi kampanya kapsam\u0131nda ilk k\u00fct\u00fcphane 7 Haziran Per\u015fembe g\u00fcn\u00fc saat 15.00\u2019da Da\u011fk\u0131z\u0131lca K\u00f6y\u00fc\u2019nde a\u00e7\u0131lacak.<\/p>\n","protected":false},"author":1,"featured_media":0,"comment_status":"open","ping_status":"open","sticky":false,"template":"","format":"standard","meta":{"footnotes":""},"categories":[1,1603],"tags":[],"class_list":["post-5093","post","type-post","status-publish","format-standard","hentry","category-genel","category-sehit-kutuphaneleri"],"_links":{"self":[{"href":"https:\/\/www.bbyhaber.com\/bby\/wp-json\/wp\/v2\/posts\/5093"}],"collection":[{"href":"https:\/\/www.bbyhaber.com\/bby\/wp-json\/wp\/v2\/posts"}],"about":[{"href":"https:\/\/www.bbyhaber.com\/bby\/wp-json\/wp\/v2\/types\/post"}],"author":[{"embeddable":true,"href":"https:\/\/www.bbyhaber.com\/bby\/wp-json\/wp\/v2\/users\/1"}],"replies":[{"embeddable":true,"href":"https:\/\/www.bbyhaber.com\/bby\/wp-json\/wp\/v2\/comments?post=5093"}],"version-history":[{"count":1,"href":"https:\/\/www.bbyhaber.com\/bby\/wp-json\/wp\/v2\/posts\/5093\/revisions"}],"predecessor-version":[{"id":20836,"href":"https:\/\/www.bbyhaber.com\/bby\/wp-json\/wp\/v2\/posts\/5093\/revisions\/20836"}],"wp:attachment":[{"href":"https:\/\/www.bbyhaber.com\/bby\/wp-json\/wp\/v2\/media?parent=5093"}],"wp:term":[{"taxonomy":"category","embeddable":true,"href":"https:\/\/www.bbyhaber.com\/bby\/wp-json\/wp\/v2\/categories?post=5093"},{"taxonomy":"post_tag","embeddable":true,"href":"https:\/\/www.bbyhaber.com\/bby\/wp-json\/wp\/v2\/tags?post=5093"}],"curies":[{"name":"wp","href":"https:\/\/api.w.org\/{rel}","templated":true}]}}