{"id":5089,"date":"2012-06-06T18:05:58","date_gmt":"2012-06-06T18:05:58","guid":{"rendered":"http:\/\/www.bbyhaber.com\/bby\/?p=5089"},"modified":"2012-09-07T17:43:49","modified_gmt":"2012-09-07T14:43:49","slug":"besiride-kutuphane-acilisi-yapildi","status":"publish","type":"post","link":"https:\/\/www.bbyhaber.com\/bby\/2012\/06\/06\/besiride-kutuphane-acilisi-yapildi","title":{"rendered":"Be\u015firi\u2019de K\u00fct\u00fcphane A\u00e7\u0131l\u0131\u015f\u0131 Yap\u0131ld\u0131"},"content":{"rendered":"<p style=\"text-align: justify;\">Be\u015firi Cumhuriyet \u0130lk\u00f6\u011fretim okulunda k\u00fct\u00fcphane a\u00e7\u0131l\u0131\u015f\u0131 yap\u0131ld\u0131.Batman \u0130l Emniyet M\u00fcd\u00fcrl\u00fc\u011f\u00fc Sosyal Et\u00fctler Proje (SEM) birimi taraf\u0131ndan okula kazand\u0131r\u0131lan 50 metre karelik \u201cPolis Amca K\u00fct\u00fcphanesi\u201dnin a\u00e7\u0131l\u0131\u015f\u0131n\u0131 \u0130l Emniyet M\u00fcd\u00fcr\u00fc Hasan Ali Okan, Be\u015firi Belediye Ba\u015fkan\u0131 Sait Karabulut, \u0130l\u00e7e Garnizon Komutan\u0131 Yzb. K\u00fcr\u015fat \u00c7ilek, \u0130l\u00e7e Milli E\u011fitim M\u00fcd\u00fcr\u00fc Kadir Banl\u0131 \u0130l\u00e7e Emniyet Amiri Mustafa \u015eevik kat\u0131ld\u0131. <!--more--><\/p>\n<p style=\"text-align: justify;\">A\u00e7\u0131l\u0131\u015fta \u00f6\u011frencilerle sohbet eden Emniyet M\u00fcd\u00fcr\u00fc Hasan Ali Okan daha sonra yapt\u0131\u011f\u0131 a\u00e7\u0131klamada &#8220;Gelece\u011fimiz olan \u00e7ocuklar\u0131m\u0131z\u0131n ba\u015far\u0131s\u0131 i\u00e7in her kurum imkanlar dahilinde katk\u0131 sunduklar\u0131 halde iyi bir gelecek haz\u0131rlam\u0131\u015f olaca\u011f\u0131z&#8221; dedi. Okul M\u00fcd\u00fcr\u00fc M.\u015eirin D\u00f6\u011fer yapt\u0131\u011f\u0131 a\u00e7\u0131klamada, &#8221;Bu projeler kapsam\u0131nda bu iki y\u0131l i\u00e7erisinde il\u00e7emizden 22 \u00f6\u011frenci g\u00f6rd\u00fckleri e\u011fitim sayesinde Batman\u0131n en iyi okullar\u0131na yerle\u015ftiler. Okulumuza bu k\u00fct\u00fcphanenin kazand\u0131r\u0131lmas\u0131ndan eme\u011fi ge\u00e7en herkese projelerden sorumlu Batman il Emniyet M\u00fcd\u00fcr Yard\u0131mc\u0131s\u0131 Samih Teymur\u2019a te\u015fekk\u00fcr ederim&#8221; dedi. A\u00e7\u0131l\u0131\u015f\u0131n ard\u0131ndan yap\u0131lan ikramlar\u0131n ard\u0131ndan \u0130l Emniyet m\u00fcd\u00fcr\u00fc ve beraberindeki heyet Be\u015firi\u2019den ayr\u0131ld\u0131.<\/p>\n<p style=\"text-align: justify;\">Kaynak: http:\/\/batmanbarisgazetesi.com<\/p>\n","protected":false},"excerpt":{"rendered":"<p>Be\u015firi Cumhuriyet \u0130lk\u00f6\u011fretim okulunda k\u00fct\u00fcphane a\u00e7\u0131l\u0131\u015f\u0131 yap\u0131ld\u0131.Batman \u0130l Emniyet M\u00fcd\u00fcrl\u00fc\u011f\u00fc Sosyal Et\u00fctler Proje (SEM) birimi taraf\u0131ndan okula kazand\u0131r\u0131lan 50 metre karelik \u201cPolis Amca K\u00fct\u00fcphanesi\u201dnin a\u00e7\u0131l\u0131\u015f\u0131n\u0131 \u0130l Emniyet M\u00fcd\u00fcr\u00fc Hasan Ali Okan, Be\u015firi Belediye Ba\u015fkan\u0131 Sait Karabulut, \u0130l\u00e7e Garnizon Komutan\u0131 Yzb. K\u00fcr\u015fat \u00c7ilek, \u0130l\u00e7e Milli E\u011fitim M\u00fcd\u00fcr\u00fc Kadir Banl\u0131 \u0130l\u00e7e Emniyet Amiri Mustafa \u015eevik kat\u0131ld\u0131.<\/p>\n","protected":false},"author":1,"featured_media":0,"comment_status":"open","ping_status":"open","sticky":false,"template":"","format":"standard","meta":{"footnotes":""},"categories":[],"tags":[845],"class_list":["post-5089","post","type-post","status-publish","format-standard","hentry","tag-okul-kutuphaneleri"],"_links":{"self":[{"href":"https:\/\/www.bbyhaber.com\/bby\/wp-json\/wp\/v2\/posts\/5089"}],"collection":[{"href":"https:\/\/www.bbyhaber.com\/bby\/wp-json\/wp\/v2\/posts"}],"about":[{"href":"https:\/\/www.bbyhaber.com\/bby\/wp-json\/wp\/v2\/types\/post"}],"author":[{"embeddable":true,"href":"https:\/\/www.bbyhaber.com\/bby\/wp-json\/wp\/v2\/users\/1"}],"replies":[{"embeddable":true,"href":"https:\/\/www.bbyhaber.com\/bby\/wp-json\/wp\/v2\/comments?post=5089"}],"version-history":[{"count":0,"href":"https:\/\/www.bbyhaber.com\/bby\/wp-json\/wp\/v2\/posts\/5089\/revisions"}],"wp:attachment":[{"href":"https:\/\/www.bbyhaber.com\/bby\/wp-json\/wp\/v2\/media?parent=5089"}],"wp:term":[{"taxonomy":"category","embeddable":true,"href":"https:\/\/www.bbyhaber.com\/bby\/wp-json\/wp\/v2\/categories?post=5089"},{"taxonomy":"post_tag","embeddable":true,"href":"https:\/\/www.bbyhaber.com\/bby\/wp-json\/wp\/v2\/tags?post=5089"}],"curies":[{"name":"wp","href":"https:\/\/api.w.org\/{rel}","templated":true}]}}