{"id":5068,"date":"2012-06-06T10:43:22","date_gmt":"2012-06-06T10:43:22","guid":{"rendered":"http:\/\/www.bbyhaber.com\/bby\/?p=5068"},"modified":"2012-06-06T10:43:32","modified_gmt":"2012-06-06T10:43:32","slug":"halk-kutuphanesi-yeniden-hizmete-acildi-van","status":"publish","type":"post","link":"https:\/\/www.bbyhaber.com\/bby\/2012\/06\/06\/halk-kutuphanesi-yeniden-hizmete-acildi-van","title":{"rendered":"Halk K\u00fct\u00fcphanesi Yeniden Hizmete A\u00e7\u0131ld\u0131-Van"},"content":{"rendered":"<p style=\"text-align: justify;\">Van&#8217;da ya\u015fanan 2 b\u00fcy\u00fck depremin ard\u0131ndan kapat\u0131lan halk k\u00fct\u00fcphanesi yeniden hizmete a\u00e7\u0131ld\u0131. Depremden sonra yakla\u015f\u0131k 7 ay kapal\u0131 kalan k\u00fct\u00fcphaneyi yeniden hizmet i\u00e7in a\u00e7t\u0131klar\u0131n\u0131 ifade eden \u0130l K\u00fclt\u00fcr ve Turizm M\u00fcd\u00fcr\u00fc Muzaffer Aktu\u011f, \u00f6zellikle \u00f6\u011frencilere hizmet verdiklerini s\u00f6yledi. K\u00fct\u00fcphanede KPSS ve \u00fcniversite s\u0131navlar\u0131 i\u00e7in \u00f6\u011frenicilerin yo\u011fun \u00e7al\u0131\u015ft\u0131\u011f\u0131n\u0131 belirten Aktu\u011f, &#8220;Bilindi\u011fi \u00fczere kentteki iki b\u00fcy\u00fck depremin ard\u0131ndan mecburen k\u00fct\u00fcphanemizi kapatm\u0131\u015ft\u0131k.<!--more--><\/p>\n<p style=\"text-align: justify;\">Ancak \u00f6\u011frencilerimizin ma\u011fdur olmamas\u0131 i\u00e7in k\u00fct\u00fcphanemizi yeniden a\u00e7t\u0131k. \u00d6\u011frencilerimiz burada hem KPSS&#8217;ye hem de \u00fcniversiteye haz\u0131rlan\u0131yor. B\u00fcy\u00fck bir talep var. Biz de \u00f6\u011frencilerimize en iyi hizmeti vermeye \u00e7al\u0131\u015f\u0131yoruz. Onlar ders \u00e7al\u0131\u015f\u0131rken sessiz bir ortam sa\u011flamaya \u00f6zen g\u00f6stertiyoruz. Ayr\u0131ca yine \u00f6\u011frencilerimize \u00e7e\u015fitli i\u00e7ecek ikramlarda bulunuyoruz&#8221; dedi.\u00d6\u011frenciler de kendilerine bu imkan\u0131 sa\u011flayan yetkililere te\u015fekk\u00fcr ettiler.<\/p>\n<p style=\"text-align: justify;\">Kaynak: http:\/\/www.ercishaber.com<\/p>\n","protected":false},"excerpt":{"rendered":"<p>Van&#8217;da ya\u015fanan 2 b\u00fcy\u00fck depremin ard\u0131ndan kapat\u0131lan halk k\u00fct\u00fcphanesi yeniden hizmete a\u00e7\u0131ld\u0131. Depremden sonra yakla\u015f\u0131k 7 ay kapal\u0131 kalan k\u00fct\u00fcphaneyi yeniden hizmet i\u00e7in a\u00e7t\u0131klar\u0131n\u0131 ifade eden \u0130l K\u00fclt\u00fcr ve Turizm M\u00fcd\u00fcr\u00fc Muzaffer Aktu\u011f, \u00f6zellikle \u00f6\u011frencilere hizmet verdiklerini s\u00f6yledi. K\u00fct\u00fcphanede KPSS ve \u00fcniversite s\u0131navlar\u0131 i\u00e7in \u00f6\u011frenicilerin yo\u011fun \u00e7al\u0131\u015ft\u0131\u011f\u0131n\u0131 belirten Aktu\u011f, &#8220;Bilindi\u011fi \u00fczere kentteki iki b\u00fcy\u00fck depremin [&hellip;]<\/p>\n","protected":false},"author":1,"featured_media":0,"comment_status":"open","ping_status":"open","sticky":false,"template":"","format":"standard","meta":{"footnotes":""},"categories":[1555,1],"tags":[848],"class_list":["post-5068","post","type-post","status-publish","format-standard","hentry","category-deprem-kutuphane","category-genel","tag-halk-kutuphaneleri"],"_links":{"self":[{"href":"https:\/\/www.bbyhaber.com\/bby\/wp-json\/wp\/v2\/posts\/5068"}],"collection":[{"href":"https:\/\/www.bbyhaber.com\/bby\/wp-json\/wp\/v2\/posts"}],"about":[{"href":"https:\/\/www.bbyhaber.com\/bby\/wp-json\/wp\/v2\/types\/post"}],"author":[{"embeddable":true,"href":"https:\/\/www.bbyhaber.com\/bby\/wp-json\/wp\/v2\/users\/1"}],"replies":[{"embeddable":true,"href":"https:\/\/www.bbyhaber.com\/bby\/wp-json\/wp\/v2\/comments?post=5068"}],"version-history":[{"count":0,"href":"https:\/\/www.bbyhaber.com\/bby\/wp-json\/wp\/v2\/posts\/5068\/revisions"}],"wp:attachment":[{"href":"https:\/\/www.bbyhaber.com\/bby\/wp-json\/wp\/v2\/media?parent=5068"}],"wp:term":[{"taxonomy":"category","embeddable":true,"href":"https:\/\/www.bbyhaber.com\/bby\/wp-json\/wp\/v2\/categories?post=5068"},{"taxonomy":"post_tag","embeddable":true,"href":"https:\/\/www.bbyhaber.com\/bby\/wp-json\/wp\/v2\/tags?post=5068"}],"curies":[{"name":"wp","href":"https:\/\/api.w.org\/{rel}","templated":true}]}}