{"id":5065,"date":"2012-06-06T08:25:43","date_gmt":"2012-06-06T08:25:43","guid":{"rendered":"http:\/\/www.bbyhaber.com\/bby\/?p=5065"},"modified":"2012-09-07T17:43:53","modified_gmt":"2012-09-07T14:43:53","slug":"mazi-ilkogretim-okulu-kutuphane-acilisi%e2%80%8f-nevsehir","status":"publish","type":"post","link":"https:\/\/www.bbyhaber.com\/bby\/2012\/06\/06\/mazi-ilkogretim-okulu-kutuphane-acilisi%e2%80%8f-nevsehir","title":{"rendered":"Maz\u0131 \u0130lk\u00f6\u011fretim Okulu k\u00fct\u00fcphane a\u00e7\u0131l\u0131\u015f\u0131\u200f-Nev\u015fehir"},"content":{"rendered":"<p style=\"text-align: justify;\">Ankara Uluslararas\u0131 Yard\u0131mla\u015fma Komitesi taraf\u0131ndan Maz\u0131 \u0130lk\u00f6\u011fretim Okulu\u2019na yapt\u0131r\u0131lan k\u00fct\u00fcphanenin a\u00e7\u0131l\u0131\u015f\u0131 30\/05\/2012 tarihinde yap\u0131ld\u0131. A\u00e7\u0131l\u0131\u015fa \u00dcrg\u00fcp Kaymakam\u0131 Say\u0131n Tu\u011fba Y\u0131lmaz, \u00dcrg\u00fcp Belediye Ba\u015fkan\u0131 Say\u0131n Fahri Y\u0131ld\u0131z, \u0130l Milli E\u011fitim M\u00fcd\u00fcr\u00fc Say\u0131n Abdulgafur B\u00fcy\u00fckf\u0131rat, \u0130l\u00e7e Milli E\u011fitim M\u00fcd\u00fcr Vekili Say\u0131n Mehmet \u00c7al\u0131\u015f\u0131r, T\u00fcrk E\u011fitim Sendikas\u0131 Nev\u015fehir \u015eube Ba\u015fkan\u0131 Say\u0131n Mustafa U\u011fur, 21.D\u00f6nem Milletvekili Av.Say\u0131n \u0130smail \u00c7evik, Avustralya\u2019n\u0131n T\u00fcrkiye B\u00fcy\u00fckel\u00e7isi Say\u0131n Ian David Grainge B\u0131ggs \u2018\u0131n e\u015fi Ankara Uluslararas\u0131 Yard\u0131mla\u015fma Komitesi Ba\u015fkan\u0131 Say\u0131n Dr.Christine Bigss, komite \u00fcyeleri ve Maz\u0131 K\u00f6y\u00fc halk\u0131 kat\u0131ld\u0131.<!--more--><\/p>\n<p style=\"text-align: justify;\">A\u00e7\u0131l\u0131\u015f t\u00f6reninde konu\u015fma yapan Okul M\u00fcd\u00fcr\u00fc \u0130zzet ERDEM, okulumuz ve k\u00f6y\u00fcm\u00fcz a\u00e7\u0131s\u0131ndan b\u00fcy\u00fck bir eksikli\u011fin giderildi\u011fini belirtti. Okulumuza kazand\u0131r\u0131lan k\u00fct\u00fcphanenin sadece \u00f6\u011frencilere de\u011fil b\u00fct\u00fcn k\u00f6y halk\u0131na fayda sa\u011flayaca\u011f\u0131n\u0131, okuma al\u0131\u015fkanl\u0131\u011f\u0131n\u0131 kazand\u0131rabilecek \u00e7ok \u00f6nemli bir hizmet oldu\u011funu ifade ederek,\u00a0 k\u00fct\u00fcphaneyi yapt\u0131ran Ankara Uluslararas\u0131 Yard\u0131mla\u015fma Komitesi Ba\u015fkan\u0131 Say\u0131n Dr.Christine BIGSS\u2019e ve\u00a0 a\u00e7\u0131l\u0131\u015f t\u00f6renine kat\u0131lan misafirlere te\u015fekk\u00fcr etti.<\/p>\n<p style=\"text-align: justify;\">\u00dcrg\u00fcp Kaymakam\u0131 Say\u0131n Tu\u011fba YILMAZ\u2019\u0131n plaket takdim etti\u011fi Ankara Uluslararas\u0131 Yard\u0131mla\u015fma Komitesi Ba\u015fkan\u0131\u00a0 Say\u0131n Dr.Christine BIGSS, komiteleri taraf\u0131ndan \u00fclkemizdeki\u00a0 okullara bu t\u00fcr yard\u0131mlar yapt\u0131klar\u0131n\u0131 belirterek a\u00e7\u0131l\u0131\u015f t\u00f6reninde bulunmaktan duydu\u011fu memnuniyeti ifade etti.K\u00fct\u00fcphanenin a\u00e7\u0131l\u0131\u015f\u0131n\u0131 \u00dcrg\u00fcp Kaymakam\u0131 Say\u0131n Tu\u011fba YILMAZ ve Ankara Uluslararas\u0131 Yard\u0131mla\u015fma Komitesi Ba\u015fkan\u0131\u00a0 Say\u0131n Dr.Christine BIGSS birlikte yaparken misafirlere sunulan ikramlarla t\u00f6ren sona erdi.<\/p>\n<p style=\"text-align: justify;\">Kaynak: http:\/\/www.fibhaber.com<\/p>\n","protected":false},"excerpt":{"rendered":"<p>Ankara Uluslararas\u0131 Yard\u0131mla\u015fma Komitesi taraf\u0131ndan Maz\u0131 \u0130lk\u00f6\u011fretim Okulu\u2019na yapt\u0131r\u0131lan k\u00fct\u00fcphanenin a\u00e7\u0131l\u0131\u015f\u0131 30\/05\/2012 tarihinde yap\u0131ld\u0131. A\u00e7\u0131l\u0131\u015fa \u00dcrg\u00fcp Kaymakam\u0131 Say\u0131n Tu\u011fba Y\u0131lmaz, \u00dcrg\u00fcp Belediye Ba\u015fkan\u0131 Say\u0131n Fahri Y\u0131ld\u0131z, \u0130l Milli E\u011fitim M\u00fcd\u00fcr\u00fc Say\u0131n Abdulgafur B\u00fcy\u00fckf\u0131rat, \u0130l\u00e7e Milli E\u011fitim M\u00fcd\u00fcr Vekili Say\u0131n Mehmet \u00c7al\u0131\u015f\u0131r, T\u00fcrk E\u011fitim Sendikas\u0131 Nev\u015fehir \u015eube Ba\u015fkan\u0131 Say\u0131n Mustafa U\u011fur, 21.D\u00f6nem Milletvekili Av.Say\u0131n \u0130smail \u00c7evik, [&hellip;]<\/p>\n","protected":false},"author":1,"featured_media":0,"comment_status":"open","ping_status":"open","sticky":false,"template":"","format":"standard","meta":{"footnotes":""},"categories":[1],"tags":[845],"class_list":["post-5065","post","type-post","status-publish","format-standard","hentry","category-genel","tag-okul-kutuphaneleri"],"_links":{"self":[{"href":"https:\/\/www.bbyhaber.com\/bby\/wp-json\/wp\/v2\/posts\/5065"}],"collection":[{"href":"https:\/\/www.bbyhaber.com\/bby\/wp-json\/wp\/v2\/posts"}],"about":[{"href":"https:\/\/www.bbyhaber.com\/bby\/wp-json\/wp\/v2\/types\/post"}],"author":[{"embeddable":true,"href":"https:\/\/www.bbyhaber.com\/bby\/wp-json\/wp\/v2\/users\/1"}],"replies":[{"embeddable":true,"href":"https:\/\/www.bbyhaber.com\/bby\/wp-json\/wp\/v2\/comments?post=5065"}],"version-history":[{"count":0,"href":"https:\/\/www.bbyhaber.com\/bby\/wp-json\/wp\/v2\/posts\/5065\/revisions"}],"wp:attachment":[{"href":"https:\/\/www.bbyhaber.com\/bby\/wp-json\/wp\/v2\/media?parent=5065"}],"wp:term":[{"taxonomy":"category","embeddable":true,"href":"https:\/\/www.bbyhaber.com\/bby\/wp-json\/wp\/v2\/categories?post=5065"},{"taxonomy":"post_tag","embeddable":true,"href":"https:\/\/www.bbyhaber.com\/bby\/wp-json\/wp\/v2\/tags?post=5065"}],"curies":[{"name":"wp","href":"https:\/\/api.w.org\/{rel}","templated":true}]}}