{"id":5061,"date":"2012-06-06T08:18:06","date_gmt":"2012-06-06T08:18:06","guid":{"rendered":"http:\/\/www.bbyhaber.com\/bby\/?p=5061"},"modified":"2012-09-07T19:35:21","modified_gmt":"2012-09-07T16:35:21","slug":"sarap-baglarinin-yaninda-yer-alan-kutuphane","status":"publish","type":"post","link":"https:\/\/www.bbyhaber.com\/bby\/2012\/06\/06\/sarap-baglarinin-yaninda-yer-alan-kutuphane","title":{"rendered":"\u015earap ba\u011flar\u0131n\u0131n yan\u0131nda yer alan k\u00fct\u00fcphane"},"content":{"rendered":"<p style=\"text-align: justify;\"><a href=\"http:\/\/www.haberedikkat.com\/resimler\/image\/kutuphane_1.jpg\"><img loading=\"lazy\" decoding=\"async\" class=\"alignleft\" src=\"http:\/\/www.haberedikkat.com\/resimler\/image\/kutuphane_1.jpg\" alt=\"\" width=\"276\" height=\"184\" \/><\/a>Bel\u00e7ika&#8217;da \u015farap ba\u011flar\u0131n\u0131n yan\u0131nda kitap bah\u00e7esi kuruldu. Dev halk k\u00fct\u00fcphanesi, 16 Eyl\u00fcl&#8217;e kadar a\u00e7\u0131k kalacak. \u0130talyan sanat\u00e7\u0131 Massimo Bartolini, Bel\u00e7ika Sanat Festivali kapsam\u0131nda kitap bah\u00e7esi yaratt\u0131. Sanat\u00e7\u0131, ye\u015fillikler i\u00e7ine kurulan dev halk k\u00fct\u00fcphanesi i\u00e7in her biri 6 raftan olu\u015fan 12 kitapl\u0131k tasarlad\u0131. <!--more--><\/p>\n<p style=\"text-align: justify;\">\u015earap ba\u011flar\u0131n\u0131n yan\u0131nda yer alan k\u00fct\u00fcphanedeki kitaplar ise b\u00f6lgedeki k\u00fct\u00fcphanelere ba\u011f\u0131\u015flanmak \u00fczere sat\u0131\u015fa \u00e7\u0131kar\u0131ld\u0131. Bu y\u00f6ntemle, ziyaret\u00e7ilerin de evlerine, sanat \u00e7al\u0131\u015fmas\u0131ndan kal\u0131c\u0131 bir eser g\u00f6t\u00fcrebilmeleri sa\u011fland\u0131. Kitap bah\u00e7esi, 16 Eyl\u00fcl 2012&#8217;ye kadar a\u00e7\u0131k kalacak.<\/p>\n<p style=\"text-align: justify;\">Kaynak:http:\/\/www.haberedikkat.com<\/p>\n","protected":false},"excerpt":{"rendered":"<p>Bel\u00e7ika&#8217;da \u015farap ba\u011flar\u0131n\u0131n yan\u0131nda kitap bah\u00e7esi kuruldu. Dev halk k\u00fct\u00fcphanesi, 16 Eyl\u00fcl&#8217;e kadar a\u00e7\u0131k kalacak. \u0130talyan sanat\u00e7\u0131 Massimo Bartolini, Bel\u00e7ika Sanat Festivali kapsam\u0131nda kitap bah\u00e7esi yaratt\u0131. Sanat\u00e7\u0131, ye\u015fillikler i\u00e7ine kurulan dev halk k\u00fct\u00fcphanesi i\u00e7in her biri 6 raftan olu\u015fan 12 kitapl\u0131k tasarlad\u0131.<\/p>\n","protected":false},"author":1,"featured_media":0,"comment_status":"open","ping_status":"open","sticky":false,"template":"","format":"standard","meta":{"footnotes":""},"categories":[],"tags":[848,1410],"class_list":["post-5061","post","type-post","status-publish","format-standard","hentry","tag-halk-kutuphaneleri","tag-uluslararasi-kutuphane-haberleri"],"_links":{"self":[{"href":"https:\/\/www.bbyhaber.com\/bby\/wp-json\/wp\/v2\/posts\/5061"}],"collection":[{"href":"https:\/\/www.bbyhaber.com\/bby\/wp-json\/wp\/v2\/posts"}],"about":[{"href":"https:\/\/www.bbyhaber.com\/bby\/wp-json\/wp\/v2\/types\/post"}],"author":[{"embeddable":true,"href":"https:\/\/www.bbyhaber.com\/bby\/wp-json\/wp\/v2\/users\/1"}],"replies":[{"embeddable":true,"href":"https:\/\/www.bbyhaber.com\/bby\/wp-json\/wp\/v2\/comments?post=5061"}],"version-history":[{"count":0,"href":"https:\/\/www.bbyhaber.com\/bby\/wp-json\/wp\/v2\/posts\/5061\/revisions"}],"wp:attachment":[{"href":"https:\/\/www.bbyhaber.com\/bby\/wp-json\/wp\/v2\/media?parent=5061"}],"wp:term":[{"taxonomy":"category","embeddable":true,"href":"https:\/\/www.bbyhaber.com\/bby\/wp-json\/wp\/v2\/categories?post=5061"},{"taxonomy":"post_tag","embeddable":true,"href":"https:\/\/www.bbyhaber.com\/bby\/wp-json\/wp\/v2\/tags?post=5061"}],"curies":[{"name":"wp","href":"https:\/\/api.w.org\/{rel}","templated":true}]}}