{"id":5058,"date":"2012-06-05T13:10:53","date_gmt":"2012-06-05T13:10:53","guid":{"rendered":"http:\/\/www.bbyhaber.com\/bby\/?p=5058"},"modified":"2012-12-06T14:40:52","modified_gmt":"2012-12-06T12:40:52","slug":"tkd-izmir-subesinin-yeni-yonetim-kurulu-dagilimi","status":"publish","type":"post","link":"https:\/\/www.bbyhaber.com\/bby\/2012\/06\/05\/tkd-izmir-subesinin-yeni-yonetim-kurulu-dagilimi","title":{"rendered":"TKD \u0130zmir \u015eubesi&#8217;nin yeni y\u00f6netim kurulu da\u011f\u0131l\u0131m\u0131"},"content":{"rendered":"<p style=\"text-align: justify;\">T\u00fcrk K\u00fct\u00fcphaneciler Derne\u011fi (TKD) \u0130zmir \u015eubesi&#8217;nin 25 May\u0131s 2012 tarihinde ger\u00e7ekle\u015fen Genel Kurulu sonras\u0131 olu\u015fan Y\u00f6netim Kurulu g\u00f6rev da\u011f\u0131l\u0131m\u0131 ger\u00e7ekle\u015fmi\u015ftir. Yeni y\u00f6netimin, meslekta\u015flar\u0131m\u0131z ve \u0130zmir i\u00e7in hay\u0131rl\u0131 olmas\u0131 dile\u011fiyle.<!--more--><\/p>\n<p>Sayg\u0131lar\u0131\u0131m\u0131z\u0131 sunar\u0131z<\/p>\n<p><strong><span style=\"color: #ff0000;\">Y\u00d6NET\u0130M KURULU \u00dcYELER\u0130<\/span><\/strong><\/p>\n<p>Abdullah Murat METE &#8211; Ba\u015fkan<br \/>\n\u00c7al\u0131\u015ft\u0131\u011f\u0131 Kurum : Dokuz Eyl\u00fcl \u00dcniversitesi T\u0131p Fak\u00fcltesi K\u00fct\u00fcphanesi<\/p>\n<p>Ece HELVACIO\u011eLU &#8211; Yazman<br \/>\n\u00c7al\u0131\u015ft\u0131\u011f\u0131 Kurum : Ya\u015far \u00dcniversitesi Bilgi Merkezi<\/p>\n<p>Yeter AYSU &#8211; Sayman<br \/>\n\u00c7al\u0131\u015ft\u0131\u011f\u0131 Kurum : \u00d6zel Ege Lisesi K\u00fct\u00fcphanesi<\/p>\n<p>H\u00fclya G\u00d6KMEN &#8211; \u00dcye(Sosyal Faaliyetler ve Kurumlararas\u0131 \u0130li\u015fkiler Sorumlusu)<br \/>\n\u00c7al\u0131\u015ft\u0131\u011f\u0131 Kurum : Dokuz Eyl\u00fcl \u00dcniversitesi Merkez K\u00fct\u00fcphanesi<\/p>\n<p>Asuman Nesibe G\u00d6K &#8211; \u00dcye(Mesleki Faaliyetler Sorumlusu)<br \/>\n\u00c7al\u0131\u015ft\u0131\u011f\u0131 Kurum : Bornova \u0130l\u00e7e Halk K\u00fct\u00fcphanesi<\/p>\n<p><span style=\"color: #0000ff;\"><strong>DENETLEME KURULU \u00dcYELER\u0130<\/strong><\/span><\/p>\n<p>Mehmet ERKEN<br \/>\nMehtap AKG\u00dcN<br \/>\nG\u00f6ksen ATICI<\/p>\n<p><strong><span style=\"color: #0000ff;\">GENEL MERKEZ DELEGELER\u0130<\/span><\/strong><\/p>\n<p>Mehmet ERKEN<br \/>\nYasin DE\u011e\u0130RMEN<\/p>\n","protected":false},"excerpt":{"rendered":"<p>T\u00fcrk K\u00fct\u00fcphaneciler Derne\u011fi (TKD) \u0130zmir \u015eubesi&#8217;nin 25 May\u0131s 2012 tarihinde ger\u00e7ekle\u015fen Genel Kurulu sonras\u0131 olu\u015fan Y\u00f6netim Kurulu g\u00f6rev da\u011f\u0131l\u0131m\u0131 ger\u00e7ekle\u015fmi\u015ftir. Yeni y\u00f6netimin, meslekta\u015flar\u0131m\u0131z ve \u0130zmir i\u00e7in hay\u0131rl\u0131 olmas\u0131 dile\u011fiyle.<\/p>\n","protected":false},"author":1,"featured_media":0,"comment_status":"open","ping_status":"open","sticky":false,"template":"","format":"standard","meta":{"footnotes":""},"categories":[],"tags":[1422],"class_list":["post-5058","post","type-post","status-publish","format-standard","hentry","tag-tkd-izmir"],"_links":{"self":[{"href":"https:\/\/www.bbyhaber.com\/bby\/wp-json\/wp\/v2\/posts\/5058"}],"collection":[{"href":"https:\/\/www.bbyhaber.com\/bby\/wp-json\/wp\/v2\/posts"}],"about":[{"href":"https:\/\/www.bbyhaber.com\/bby\/wp-json\/wp\/v2\/types\/post"}],"author":[{"embeddable":true,"href":"https:\/\/www.bbyhaber.com\/bby\/wp-json\/wp\/v2\/users\/1"}],"replies":[{"embeddable":true,"href":"https:\/\/www.bbyhaber.com\/bby\/wp-json\/wp\/v2\/comments?post=5058"}],"version-history":[{"count":0,"href":"https:\/\/www.bbyhaber.com\/bby\/wp-json\/wp\/v2\/posts\/5058\/revisions"}],"wp:attachment":[{"href":"https:\/\/www.bbyhaber.com\/bby\/wp-json\/wp\/v2\/media?parent=5058"}],"wp:term":[{"taxonomy":"category","embeddable":true,"href":"https:\/\/www.bbyhaber.com\/bby\/wp-json\/wp\/v2\/categories?post=5058"},{"taxonomy":"post_tag","embeddable":true,"href":"https:\/\/www.bbyhaber.com\/bby\/wp-json\/wp\/v2\/tags?post=5058"}],"curies":[{"name":"wp","href":"https:\/\/api.w.org\/{rel}","templated":true}]}}