{"id":5021,"date":"2012-06-05T07:40:33","date_gmt":"2012-06-05T07:40:33","guid":{"rendered":"http:\/\/www.bbyhaber.com\/bby\/?p=5021"},"modified":"2012-06-05T07:44:05","modified_gmt":"2012-06-05T07:44:05","slug":"halk-kutuphanesi-ataturk-parki%e2%80%99na-insaa-ediliyor","status":"publish","type":"post","link":"https:\/\/www.bbyhaber.com\/bby\/2012\/06\/05\/halk-kutuphanesi-ataturk-parki%e2%80%99na-insaa-ediliyor","title":{"rendered":"Halk K\u00fct\u00fcphanesi, Atat\u00fcrk Park\u0131\u2019na in\u015faa ediliyor"},"content":{"rendered":"<p style=\"text-align: justify;\"><a href=\"http:\/\/www.habertire.com\/wp-content\/uploads\/halk-kutuphanesi-300x163.jpg\"><img loading=\"lazy\" decoding=\"async\" class=\"alignleft\" src=\"http:\/\/www.habertire.com\/wp-content\/uploads\/halk-kutuphanesi-300x163.jpg\" alt=\"\" width=\"300\" height=\"163\" \/><\/a> \u0130zmir-Mevcut yerinin Kent M\u00fczesi\u2019ne d\u00f6n\u00fc\u015ft\u00fcr\u00fcl\u00fcyor olmas\u0131 nedeniyle Halk K\u00fct\u00fcphanesi yeni binas\u0131na ta\u015f\u0131nacak. Tire Belediyesi\u2019nin Atat\u00fcrk Park\u0131 bah\u00e7esindeki ye\u015fil alana yap\u0131lacak olan Halk K\u00fct\u00fcphanesi binas\u0131n\u0131n in\u015faat\u0131na ba\u015fland\u0131. <!--more-->Modern mimarinin bir \u00fcr\u00fcn\u00fc olarak in\u015fa edilecek bina, 208 m2 lik bir alana kurulacak. Daha ferah bir i\u00e7 mekan\u0131n\u0131n olmas\u0131 amac\u0131yla \u00f6n cephesi komple camekan yap\u0131lacak olan k\u00fct\u00fcphane b\u00f6lgenin en b\u00fcy\u00fck ve en g\u00fczel k\u00fct\u00fcphanesi olacak.<\/p>\n<p>Kaynak: http:\/\/www.habertire.com<\/p>\n","protected":false},"excerpt":{"rendered":"<p>\u0130zmir-Mevcut yerinin Kent M\u00fczesi\u2019ne d\u00f6n\u00fc\u015ft\u00fcr\u00fcl\u00fcyor olmas\u0131 nedeniyle Halk K\u00fct\u00fcphanesi yeni binas\u0131na ta\u015f\u0131nacak. Tire Belediyesi\u2019nin Atat\u00fcrk Park\u0131 bah\u00e7esindeki ye\u015fil alana yap\u0131lacak olan Halk K\u00fct\u00fcphanesi binas\u0131n\u0131n in\u015faat\u0131na ba\u015fland\u0131.<\/p>\n","protected":false},"author":1,"featured_media":0,"comment_status":"open","ping_status":"open","sticky":false,"template":"","format":"standard","meta":{"footnotes":""},"categories":[1],"tags":[848],"class_list":["post-5021","post","type-post","status-publish","format-standard","hentry","category-genel","tag-halk-kutuphaneleri"],"_links":{"self":[{"href":"https:\/\/www.bbyhaber.com\/bby\/wp-json\/wp\/v2\/posts\/5021"}],"collection":[{"href":"https:\/\/www.bbyhaber.com\/bby\/wp-json\/wp\/v2\/posts"}],"about":[{"href":"https:\/\/www.bbyhaber.com\/bby\/wp-json\/wp\/v2\/types\/post"}],"author":[{"embeddable":true,"href":"https:\/\/www.bbyhaber.com\/bby\/wp-json\/wp\/v2\/users\/1"}],"replies":[{"embeddable":true,"href":"https:\/\/www.bbyhaber.com\/bby\/wp-json\/wp\/v2\/comments?post=5021"}],"version-history":[{"count":0,"href":"https:\/\/www.bbyhaber.com\/bby\/wp-json\/wp\/v2\/posts\/5021\/revisions"}],"wp:attachment":[{"href":"https:\/\/www.bbyhaber.com\/bby\/wp-json\/wp\/v2\/media?parent=5021"}],"wp:term":[{"taxonomy":"category","embeddable":true,"href":"https:\/\/www.bbyhaber.com\/bby\/wp-json\/wp\/v2\/categories?post=5021"},{"taxonomy":"post_tag","embeddable":true,"href":"https:\/\/www.bbyhaber.com\/bby\/wp-json\/wp\/v2\/tags?post=5021"}],"curies":[{"name":"wp","href":"https:\/\/api.w.org\/{rel}","templated":true}]}}