{"id":5010,"date":"2012-06-04T07:46:32","date_gmt":"2012-06-04T07:46:32","guid":{"rendered":"http:\/\/www.bbyhaber.com\/bby\/?p=5010"},"modified":"2012-09-07T19:39:38","modified_gmt":"2012-09-07T16:39:38","slug":"tkd-istanbul-subesinin-olagan-genel-kuruluna-meslek-icin-tkd-meclisi-adaylari","status":"publish","type":"post","link":"https:\/\/www.bbyhaber.com\/bby\/2012\/06\/04\/tkd-istanbul-subesinin-olagan-genel-kuruluna-meslek-icin-tkd-meclisi-adaylari","title":{"rendered":"TKD \u0130stanbul \u015eubesi\u2019nin Ola\u011fan Genel Kuruluna Meslek \u0130\u00e7in TKD Meclisi Adaylar\u0131"},"content":{"rendered":"<p style=\"text-align: justify;\">T\u00fcrk K\u00fct\u00fcphaneciler Derne\u011fi \u0130stanbul \u015eubesi\u2019nin Ola\u011fan Genel Kurulunda m\u0130lkeli, Objektif, Kat\u0131l\u0131mc\u0131 Yap\u0131ya Sahip Meslek \u0130\u00e7in TKD Meclisi Olarak Y\u00f6netim Kurulu, Denetim Kurulu ve Delegeliklere Aday\u0131z.<!--more--><\/p>\n<p style=\"text-align: justify;\">HEDEFLER\u0130M\u0130Z<\/p>\n<p style=\"text-align: justify;\">Kamu kurumlar\u0131nda ve \u00f6zel kurumlarda \u00e7al\u0131\u015fan meslekta\u015flar\u0131m\u0131z\u0131n \u00d6zl\u00fck Haklar\u0131yla ilgili yap\u0131lmas\u0131 gereken \u00e7al\u0131\u015fmalar\u0131n y\u00f6netilmesi; analiz edilmesi, rehber olunmas\u0131 i\u00e7in \u201c\u00d6zl\u00fck Haklar\u0131 \u00c7al\u0131\u015fma Grubu\u201d olu\u015fturarak TKD Genel Merkezi\u2019nin bu konudaki \u00e7al\u0131\u015fmalar\u0131n\u0131n TKD \u0130stanbul \u015eubesi aktif olarak desteklenmesi.<\/p>\n<p style=\"text-align: justify;\">TKD \u0130stanbul \u015eubesi\u2019nin \u00e7at\u0131s\u0131 alt\u0131nda bir \u201cMesleki Hukuk B\u00fcrosu\u201d olu\u015fturulmas\u0131, bu hukuk b\u00fcrosunun \u00fcyelerimizin i\u015f yerlerinde ya\u015fad\u0131klar\u0131 sorunlarla ilgili dan\u0131\u015fmanl\u0131k hizmeti vermesi ve gerekli durumlarda hukuksal deste\u011finin sa\u011flanarak konu ile ilgili kurumlarla i\u015fbirli\u011fi yap\u0131lmas\u0131.<\/p>\n<p style=\"text-align: justify;\">TKD \u0130stanbul \u015eubesi\u2019nin \u00e7at\u0131s\u0131 alt\u0131nda \u201c\u00d6\u011frenci Meclisi\u201dnin olu\u015fturulmas\u0131. Olu\u015fturulan meclisin arac\u0131l\u0131\u011f\u0131yla \u00f6\u011frencilerin dernek y\u00f6netiminde s\u00f6z yetki ve karar sahibi olmas\u0131. \u00d6\u011frenci Meclisi ile birlikte TKD \u0130stanbul \u015eubesi\u2019nin \u00f6\u011frencilerinin sorunlar\u0131na \u00e7\u00f6z\u00fcm bulmas\u0131, dernek \u00e7al\u0131\u015fmalar\u0131nda \u00f6\u011frencilerin fikirlerine ve projelerine yer verilmesi. \u00d6\u011frencilerin derne\u011fe kat\u0131l\u0131mlar\u0131n\u0131n aktifle\u015ftirilmesi, onlar\u0131n mesleki ya\u015fama haz\u0131rlanmas\u0131 ve \u00f6\u011frencilerin \u00e7\u0131karmak istedi\u011fi yay\u0131nlara destek verilmesi. \u00d6\u011frencilere Burs, Staj vb. konularda rehberlik edilmesi. Deneyimli meslekta\u015flar\u0131n \u00f6\u011frencilere Mentorl\u00fck yapmas\u0131. \u00d6\u011frencilerin yurt i\u00e7i ve yurt d\u0131\u015f\u0131 mesleki etkinliklere kat\u0131l\u0131m\u0131n\u0131n te\u015fvik edilmesi bu \u00e7al\u0131\u015fmalar i\u00e7in fon olu\u015fturulmas\u0131.<\/p>\n<p style=\"text-align: justify;\">TKD \u0130stanbul \u015eubesi olarak d\u00fczenli (olarak dernek bas\u0131l\u0131 ya da elektronik ortamda) \u201c\u015eube B\u00fclteni\u201d \u00e7\u0131kart\u0131lmas\u0131. Meslekta\u015flar\u0131m\u0131z\u0131n, akademisyenlerin ve \u00e7al\u0131\u015fma gruplar\u0131n\u0131n \u00e7\u0131karmak istedi\u011fi bilimsel ya da mesleki yay\u0131nlar\u0131n te\u015fvik edilmesi.<\/p>\n<p style=\"text-align: justify;\">\u00dcye aidatlar\u0131n\u0131n y\u0131lda bir kez yap\u0131lan toplu \u00f6deme \u015fekli yerine, mobil \u00f6deme sistemi ile taksitlendirilmesi ve bu sayede dernek \u00fcye gelirlerinin kontrol alt\u0131na al\u0131n\u0131p denetlenmesi. 6 ayda bir derne\u011fin gelir gider bilgilerinin ve Denetleme Kurulu\u2019nun periyodik inceleme raporlar\u0131n\u0131n \u00fcyelere duyurulmas\u0131. (\u015eeffaf Dernek Y\u00f6netimi)<\/p>\n<p style=\"text-align: justify;\">Mesle\u011fe yeni ba\u015flayan meslekta\u015flar\u0131m\u0131z i\u00e7in \u00e7al\u0131\u015fma gruplar\u0131 ve konu uzmanlar\u0131 arac\u0131l\u0131\u011f\u0131yla d\u00fczenli aral\u0131klarla \u201cHizmet \u0130\u00e7i E\u011fitim\u201d programlar\u0131n\u0131n haz\u0131rlanmas\u0131 ve y\u00fcr\u00fct\u00fclmesi. Bu konuda ilgili kamu kurum ve kurulu\u015flar\u0131yla ortak e\u011fitimler ve projeler yap\u0131lmas\u0131.<br \/>\nTKD \u0130stanbul \u015eubesi\u2019nin 50. Y\u0131l kurulu\u015f y\u0131ld\u00f6n\u00fcm\u00fcn\u00fc \u0130stanbul&#8217;da mesle\u011fin t\u00fcm \u00e7al\u0131\u015fanlar\u0131n\u0131 kucaklayacak \u015fekilde g\u00fc\u00e7l\u00fc ve kat\u0131l\u0131mc\u0131 organizasyonlarla kutlanmas\u0131.<\/p>\n<p style=\"text-align: justify;\">Uluslararas\u0131 ve ulusal mesleki ve bilimsel i\u00e7erikli organizasyonlar d\u00fczenlenmesi. (\u00c7al\u0131\u015ftay, Seminer, Sempozyum) Ger\u00e7ekle\u015ftirilecek \u00e7al\u0131\u015fmalara \u00fcyelerin en geni\u015f kat\u0131l\u0131m\u0131n\u0131 sa\u011flayacak alt yap\u0131n\u0131n haz\u0131rlanmas\u0131.<\/p>\n<p style=\"text-align: justify;\">\u0130stanbul\u2019da \u00fcyelerimizin oldu\u011fu t\u00fcm kurumlarda derne\u011fe \u00fcyelerin fikrini ta\u015f\u0131yacak, sorunlar\u0131n\u0131 aktaracak, dernekten ald\u0131\u011f\u0131 bilgileri kendi kurumundaki \u00fcyeleri bilgilendirecek \u201cDernek Temsilcileri\u201d ile \u00fcyelerin dernek y\u00f6netimine daha fazla kat\u0131l\u0131m\u0131n\u0131n sa\u011flanmas\u0131. (Her kurum\/birim kendi temsilcisini se\u00e7mesi) Y\u00f6netim Kurulu toplant\u0131 g\u00fcndemlerinin ve toplant\u0131 sonu\u00e7lar\u0131n\u0131n \u00fcyelere d\u00fczenli duyurulmas\u0131. Y\u00f6netim Kurulu toplant\u0131lar\u0131na kat\u0131lmak isteyen \u00fcyelere toplant\u0131lar\u0131n a\u00e7\u0131k olmas\u0131 ve ayl\u0131k genel \u00fcye toplant\u0131lar\u0131 d\u00fczenlenmesi.<\/p>\n<p style=\"text-align: justify;\">Meslek b\u00fcy\u00fcklerimizden, akademisyenlerden ve konu uzmanlar\u0131ndan fikir al\u0131\u015fveri\u015finde bulunaca\u011f\u0131m\u0131z \u201c\u015eube Dan\u0131\u015fma Kurulu\u201d olu\u015fturulmas\u0131.<\/p>\n<p style=\"text-align: justify;\">D\u00fczenli olarak \u0130stanbul&#8217;daki K\u00fct\u00fcphane, Ar\u015fiv ve Bilgi Merkezi\u2019nin ziyaret edilmesi, meslekta\u015flarla bire bir g\u00f6r\u00fc\u015f al\u0131\u015fveri\u015finde bulunulmas\u0131, sorunlar\u0131n yerinde tespit edilmesi ve \u00e7\u00f6z\u00fclmesi i\u00e7in giri\u015fimlerde bulunulmas\u0131.<\/p>\n<p style=\"text-align: justify;\">K\u00fct\u00fcphanecilik Zirvesinin yap\u0131larak h\u0131zl\u0131ca Mesleki Yeterlilik Kurumuna \u201cK\u00fct\u00fcphanecilik Meslek Tan\u0131m\u0131\u201dn\u0131n konulmas\u0131.<\/p>\n<p style=\"text-align: justify;\">\u00dcniversitelerle i\u015fbirli\u011fi yaparak \u201cUzaktan E\u011fitim\u201d modeli ile ya da alternatif e\u011fitim modelleriyle \u00fcyelerimizin talepleri do\u011frultusunda sertifikal\u0131 e\u011fitimleri verilmesi. Bilgi y\u00f6neticilerinin \u201cYa\u015fam Boyu E\u011fitim\u201dine katk\u0131 sa\u011flanmas\u0131 (Formasyon, Bili\u015fim, \u0130leti\u015fim, Halkla \u0130li\u015fkiler, Web, Yabanc\u0131 Dil vd.) \u0130stanbul \u00dcniversitesi ile \u00f6n g\u00f6r\u00fc\u015fme yap\u0131lm\u0131\u015ft\u0131r.<\/p>\n<p style=\"text-align: justify;\">\u0130stanbul\u2019da TKD\u2019yi g\u00fc\u00e7lendirecek \u201cYayg\u0131n \u00dcye Kampanyas\u0131\u201dn\u0131n yap\u0131lmas\u0131.<\/p>\n<p style=\"text-align: justify;\">\u00dcyelerin \u00e7o\u011funlu\u011funun kat\u0131labilece\u011fi \u00fccretlerle ve uygun zaman aral\u0131klar\u0131yla \u201csosyal etkinlikler\u201din organize edilmesi.<\/p>\n<p style=\"text-align: justify;\">T\u00fcm \u00fcyelerin \u00e7al\u0131\u015fma gruplar\u0131na kat\u0131l\u0131m\u0131 i\u00e7in \u201c\u00c7al\u0131\u015fma Gruplar\u0131 Tan\u0131t\u0131m G\u00fcnleri\u201dnin yap\u0131lmas\u0131.<\/p>\n<p style=\"text-align: justify;\">\u015eube \u00fcyelerinin ulusal ve uluslararas\u0131 toplant\u0131lara kat\u0131l\u0131m\u0131 i\u00e7in maddi destek sa\u011flanmas\u0131. Bunun i\u00e7in \u201c\u00dcye Destek Fonu\u201d olu\u015fturulmas\u0131. Bu toplant\u0131lara kat\u0131l\u0131m i\u00e7in t\u00fcm \u00fcyelere kriterler do\u011frultusunda e\u015fit f\u0131rsatlar sunulmas\u0131.<\/p>\n<p style=\"text-align: justify;\">Derne\u011fimizin t\u00fcz\u00fc\u011f\u00fc ve mesleki sorumluluklar\u0131m\u0131z gere\u011fi hayata ge\u00e7irebilecek, ger\u00e7ek\u00e7i Kamu Yarar\u0131na Projeler y\u00fcr\u00fct\u00fclmesi i\u00e7in \u0130stanbul Valili\u011fi, \u0130stanbul K\u00fclt\u00fcr ve Turizm M\u00fcd\u00fcrl\u00fc\u011f\u00fc, \u0130stanbul Milli E\u011fitim M\u00fcd\u00fcrl\u00fc\u011f\u00fc, \u0130stanbul B\u00fcy\u00fck\u015fehir Belediyesi ve di\u011fer yerel y\u00f6netimlerle ile i\u015fbirli\u011fi sa\u011flayacak \u201cProjeler \u00c7al\u0131\u015fma Gurubu\u201d olu\u015fturulmas\u0131.<\/p>\n<p style=\"text-align: justify;\">Di\u011fer mesleki \u00f6rg\u00fctlerle i\u015fbirli\u011fi, dayan\u0131\u015fma ve payla\u015f\u0131m sa\u011flanmas\u0131 ve birlikte ortakla\u015fa projeler, etkinlikler organize edilmesi.<\/p>\n<p style=\"text-align: justify;\">50 Y\u0131ll\u0131k Birikimi Gelece\u011fe Ta\u015f\u0131mak \u0130\u00e7in Meslek \u0130\u00e7in<br \/>\nTKD Meclisi Olarak Dernek Y\u00f6netimi\u2019ne Aday\u0131z.<br \/>\nKat\u0131l\u0131n De\u011fi\u015ftirelim!<\/p>\n<p style=\"text-align: justify;\">Y\u00d6NET\u0130M KURULU AS\u0130L ADAYLARI<br \/>\nBar\u0131\u015f YILDIRIM -\u0130STANBUL \u00dcN\u0130VERS\u0130TES\u0130 MERKEZ K\u00dcT\u00dcPHANES\u0130 (K\u00fct\u00fcphaneci)<br \/>\n\u00c7i\u011fdem AKYOL -MARMARA \u00dcN\u0130VERS\u0130TES\u0130 MERKEZ K\u00dcT\u00dcPHANES\u0130 (K\u00fct\u00fcphaneci)<\/p>\n<p style=\"text-align: justify;\">G\u00fcl\u00e7in ABAY -\u0130BB ATAT\u00dcRK K\u0130TAPLI\u011eI (K\u00fct\u00fcphaneci)<br \/>\nHakan Hilmi KAPUCU -I\u015eIK \u00dcN\u0130VERS\u0130TES\u0130 (Daire Ba\u015fkan\u0131)<br \/>\nI\u015f\u0131l \u0130lknur SERT (Yrd. Do\u00e7. Dr.) -\u0130STANBUL \u00dcN\u0130VERS\u0130TES\u0130 BBY (\u00d6\u011fretim \u00dcyesi)<\/p>\n<p style=\"text-align: justify;\">Y\u00d6NET\u0130M KURULU YEDEK ADAYLARI<br \/>\nDilek \u00c7AKMAK -MARMARA \u00dcN\u0130VERS\u0130TES\u0130 (K\u00fct\u00fcphaneci)<br \/>\nFiliz Y\u00fcksel \u0130LER\u0130 -MARMARA E\u011e\u0130T\u0130M KURUMLARI (K\u00fct\u00fcphaneci)<br \/>\nGamze SALTIKALP -\u0130STANBUL \u00dcN\u0130VERS\u0130TES\u0130 BBY (\u00d6\u011frenci)<br \/>\nMustafa DEM\u0130R -GALATASARAY \u00dcN\u0130VERS\u0130TES\u0130 (K\u00fct\u00fcphaneci)<br \/>\nMustafa \u00d6ZY\u00dcREK -\u0130STANBUL \u00dcN\u0130VERS\u0130TES\u0130 MERKEZ (K\u00fct\u00fcphaneci)<\/p>\n<p style=\"text-align: justify;\">DENETLEME KURULU AS\u0130L ADAYLARI<br \/>\nJale KAYMAZ -KADIK\u00d6Y BELED\u0130YES\u0130 MUHTAR \u00d6ZKAYA HALK K\u00dcT\u00dcPHANES\u0130 (K\u00fct\u00fcphaneci)<br \/>\nKadriye S\u00dcZMETA\u015e -Emekli (Uzman)<br \/>\nKemal \u00d6ZT\u00dcRK -\u0130STANBUL TIP FAK\u00dcLTES\u0130 (Uzman)<\/p>\n<p style=\"text-align: justify;\">DENETLEME KURULU YEDEK ADAYLARI<br \/>\nAhmet MUTLUO\u011eLU -HASAN AL\u0130 Y\u00dcCEL E\u011e\u0130T\u0130M FAK\u00dcLTES\u0130 (Uzman)<br \/>\nMehmet \u00c7AKIRCI -\u0130STANBUL \u00dcN\u0130VERS\u0130TES\u0130 BBY (\u00d6\u011frenci)<br \/>\nY\u00fccel YILMAZ -\u0130STANBUL \u00dcN\u0130VERS\u0130TES\u0130 MERKEZ K\u00dcT\u00dcPHANES\u0130 (K\u00fct\u00fcphaneci)<\/p>\n<p style=\"text-align: justify;\">TKD GENEL MERKEZ KONGRE DELEGES\u0130 ADAYLARI<br \/>\nFatih CANATA (Ar. G\u00f6r. )-\u0130STANBUL \u00dcN\u0130VERS\u0130TES\u0130 BBY (\u00d6\u011fretim \u00fcyesi)<br \/>\nFurkan SEV\u0130M -\u0130STANBUL \u00dcN\u0130VERS\u0130TES\u0130 BBY (\u00d6\u011frenci)<br \/>\n\u0130rfan SERDAR -MARMARA \u00dcN\u0130VERS\u0130TES\u0130 MERKEZ K\u00dcT\u00dcPHANES\u0130 (K\u00fct\u00fcphaneci)<br \/>\nKadim FIRAT -KADIK\u00d6Y BELED\u0130YES\u0130 (K\u00fct\u00fcphaneci)<br \/>\nKas\u0131m \u00c7EL\u0130K -SEBAHATT\u0130N ZA\u0130M \u00dcN\u0130VERS\u0130TES\u0130 (Daire Ba\u015fkan\u0131)<br \/>\nMehmet AKYAR -DEN\u0130Z M\u00dcZES\u0130 (K\u00fct\u00fcphaneci)<br \/>\nSelahattin \u00d6ZT\u00dcRK -Serbest K\u00fct\u00fcphaneci<br \/>\nSel\u00e7uk S\u00dcZMETA\u015e -\u0130STANBUL \u00dcN\u0130VERS\u0130TES\u0130 MERKEZ K\u00dcT\u00dcPHANES\u0130 (Uzman)<br \/>\nUfuk MAZLUM -\u0130BB ATAT\u00dcRK K\u0130TAPLI\u011eI (K\u00fct\u00fcphaneci)<br \/>\n\u00dcmit KONYA (Yrd. Do\u00e7. Dr. ) -\u0130STANBUL \u00dcN\u0130VERS\u0130TES\u0130 BBY (\u00d6\u011fretim \u00dcyesi)<br \/>\n\u2026<br \/>\nNot: Listeler Alfabetik olarak s\u0131ralanm\u0131\u015ft\u0131r.<\/p>\n","protected":false},"excerpt":{"rendered":"<p>T\u00fcrk K\u00fct\u00fcphaneciler Derne\u011fi \u0130stanbul \u015eubesi\u2019nin Ola\u011fan Genel Kurulunda m\u0130lkeli, Objektif, Kat\u0131l\u0131mc\u0131 Yap\u0131ya Sahip Meslek \u0130\u00e7in TKD Meclisi Olarak Y\u00f6netim Kurulu, Denetim Kurulu ve Delegeliklere Aday\u0131z.<\/p>\n","protected":false},"author":1,"featured_media":0,"comment_status":"open","ping_status":"open","sticky":false,"template":"","format":"standard","meta":{"footnotes":""},"categories":[],"tags":[1420],"class_list":["post-5010","post","type-post","status-publish","format-standard","hentry","tag-tkd-istanbul"],"_links":{"self":[{"href":"https:\/\/www.bbyhaber.com\/bby\/wp-json\/wp\/v2\/posts\/5010"}],"collection":[{"href":"https:\/\/www.bbyhaber.com\/bby\/wp-json\/wp\/v2\/posts"}],"about":[{"href":"https:\/\/www.bbyhaber.com\/bby\/wp-json\/wp\/v2\/types\/post"}],"author":[{"embeddable":true,"href":"https:\/\/www.bbyhaber.com\/bby\/wp-json\/wp\/v2\/users\/1"}],"replies":[{"embeddable":true,"href":"https:\/\/www.bbyhaber.com\/bby\/wp-json\/wp\/v2\/comments?post=5010"}],"version-history":[{"count":0,"href":"https:\/\/www.bbyhaber.com\/bby\/wp-json\/wp\/v2\/posts\/5010\/revisions"}],"wp:attachment":[{"href":"https:\/\/www.bbyhaber.com\/bby\/wp-json\/wp\/v2\/media?parent=5010"}],"wp:term":[{"taxonomy":"category","embeddable":true,"href":"https:\/\/www.bbyhaber.com\/bby\/wp-json\/wp\/v2\/categories?post=5010"},{"taxonomy":"post_tag","embeddable":true,"href":"https:\/\/www.bbyhaber.com\/bby\/wp-json\/wp\/v2\/tags?post=5010"}],"curies":[{"name":"wp","href":"https:\/\/api.w.org\/{rel}","templated":true}]}}