{"id":4982,"date":"2012-06-01T18:49:48","date_gmt":"2012-06-01T18:49:48","guid":{"rendered":"http:\/\/www.bbyhaber.com\/bby\/?p=4982"},"modified":"2012-09-07T17:43:57","modified_gmt":"2012-09-07T14:43:57","slug":"sanal-dunyadan-gercek-kutuphane","status":"publish","type":"post","link":"https:\/\/www.bbyhaber.com\/bby\/2012\/06\/01\/sanal-dunyadan-gercek-kutuphane","title":{"rendered":"Sanal d\u00fcnyadan ger\u00e7ek k\u00fct\u00fcphane"},"content":{"rendered":"<p style=\"text-align: justify;\">Sosyal payla\u015f\u0131m sitesi Facebook&#8217;ta kurulan Vicdan adl\u0131 platform, sanal d\u00fcnyada ba\u015flatt\u0131klar\u0131 kitap toplama kampanyas\u0131yla bug\u00fcne kadar ders kitaplar\u0131 d\u0131\u015f\u0131nda hi\u00e7bir kitap okumam\u0131\u015f olan onlarca \u00e7ocu\u011fun bulundu\u011fu Hakkari&#8217;nin Y\u00fcksekova il\u00e7esine ba\u011fl\u0131 Demikonak K\u00f6y\u00fc \u00c7ukurca \u0130lk\u00f6\u011fretim Okulu&#8217;na k\u00fct\u00fcphane kuracak. \u00c7evre k\u00f6ylere de hitap etmesi planlanan k\u00fct\u00fcphanenin Y\u00fcksekova il\u00e7esinin en b\u00fcy\u00fck k\u00fct\u00fcphanesi olmas\u0131 bekleniyor.<!--more--><\/p>\n<p style=\"text-align: justify;\">Bug\u00fcne kadar sanal d\u00fcnyadan ger\u00e7ek d\u00fcnyaya ta\u015f\u0131nan adli olaylarla g\u00fcndeme gelen sosyal payla\u015f\u0131m sitesi Facebook, art\u0131k sosyal sorumluluk projelerine de ilham kayna\u011f\u0131 oluyor. Facebook \u00fczerinden kurulan ve 250&#8217;e yak\u0131n \u00fcyenin bulundu\u011fu Vicdan adl\u0131 grup, kurulu\u015funun birinci y\u0131l\u0131nda ilk sosyal sorumluluk projesi olan \u201cSanaldan Hayata K\u00fct\u00fcphane Kurma Projesi&#8217;ni hayata ge\u00e7irdi. Proje kapsam\u0131nda, 66 \u00f6\u011frencinin e\u011fitim g\u00f6rd\u00fc\u011f\u00fc Hakkari&#8217;nin Y\u00fcksekova il\u00e7esine ba\u011fl\u0131 Demikonak K\u00f6y\u00fc \u00c7ukurca \u0130lk\u00f6\u011fretim Okulu&#8217;na k\u00fct\u00fcphane kazand\u0131r\u0131lacak.<\/p>\n<p style=\"text-align: justify;\">Projenin duyurulmas\u0131yla kampanyaya grup d\u0131\u015f\u0131ndan da destek geldi\u011fini belirten Vicdan Grubu y\u00f6neticileri, \u201cSanal ortamda geli\u015ftirmi\u015f oldu\u011fumuz dostlu\u011fumuzun, sosyal bir sorumlulu\u011fa d\u00f6n\u00fc\u015fmesi i\u00e7in at\u0131lan minik bir ad\u0131md\u0131r. Neden Ankara&#8217;da bir ilkokul de\u011fil de Hakkari Y\u00fcksekova mezras\u0131ndaki \u00e7ocuklara el uzat\u0131yorsunuz? Sorusu akla gelebilir. Bizler bu \u00fclkenin do\u011fu yakas\u0131n\u0131n bat\u0131 yakas\u0131ndan bir fark\u0131 olmad\u0131\u011f\u0131n\u0131, Ankara merkezdeki bir ilkokul ile Y\u00fcksekova mezras\u0131ndaki bir ilkokulun g\u00f6z\u00fcm\u00fczde ayn\u0131 oldu\u011funu g\u00f6stermek i\u00e7in Y\u00fcksekova&#8217;y\u0131 se\u00e7tik\u201d dedi.<\/p>\n<p style=\"text-align: justify;\">Demikonak k\u00f6y\u00fcnde hayat\u0131nda ders kitab\u0131 d\u0131\u015f\u0131nda hi\u00e7bir hikaye, roman ve \u015fiir kitab\u0131 okumam\u0131\u015f onlarca \u00e7ocuk oldu\u011funu vurgulayan grup y\u00f6neticileri, \u201cYar\u0131n bu projenin Kenya&#8217;da bitmeyece\u011finin garantisini vermiyoruz. Bu memleket bizim, bu d\u00fcnya bizim. D\u00fcnyan\u0131n hi\u00e7bir co\u011frafyas\u0131ndaki hi\u00e7bir \u00e7ocu\u011fun; \u0131rk, din, dil, mezhep gibi ayr\u0131l\u0131klara kurban gitmesini istemiyoruz. Bundan \u00f6nce buna benzer pek \u00e7ok proje yap\u0131lm\u0131\u015ft\u0131. B\u00f6yle bir proje sanal ortamda ilk defa yap\u0131l\u0131yor. Umar\u0131z di\u011fer gruplara \u00f6rnek te\u015fkil eder. Ayr\u0131ca projede en fazla kitap g\u00f6nderene s\u00fcrpriz bir hediyemiz olacak\u201d diye konu\u015ftu.<\/p>\n<p style=\"text-align: justify;\">PROJEN\u0130N KAPSAMI:<\/p>\n<p style=\"text-align: justify;\">Okuldaki \u00e7ocuklar 6-12 ya\u015f aral\u0131\u011f\u0131ndad\u0131r. Dolay\u0131s\u0131yla onlara g\u00f6nderilecek kitaplar da bu ya\u015f dilimine hitap edecek kitaplardan se\u00e7ilmelidir. \u00d6rne\u011fin: \u00d6yk\u00fc, masal, boyama, \u00e7izgi roman, karikat\u00fcr, d\u00fcnya klasikleri kitaplar\u0131 tercih edilebilir. \u0130steyen en az bir kitap olmak \u00fczere diledi\u011fi kadar kitap yollayabilir. Ayr\u0131ca isteyen, boya setleri, kalem v.s. gibi k\u0131rtasiye malzemesi de g\u00f6nderebilir. Okulumuzda toplam 66 \u00f6\u011frenci bulunmaktad\u0131r.<\/p>\n<p style=\"text-align: justify;\">NASIL B\u0130R YOL \u0130ZLENECEK?<\/p>\n<p style=\"text-align: justify;\">Bu ya\u015f grubuna hitap eden kitaplar\u0131 ald\u0131\u011f\u0131n\u0131z zaman l\u00fctfen o kitaplar\u0131n isimlerini bu ba\u015fl\u0131k alt\u0131na yaz\u0131n. \u00c7\u00fcnk\u00fc ayn\u0131 kitaplar\u0131 bir ba\u015fka arkada\u015f\u0131m\u0131z da alm\u0131\u015f olabilir. M\u00fckerrer olmas\u0131n diye bu ba\u015fl\u0131k alt\u0131nda al\u0131nan kitaplar\u0131 kontrol edece\u011fiz. Sonra herkes ald\u0131\u011f\u0131 kitab\u0131 kargo ile okula yollayacak. Kim hangi kitab\u0131 alm\u0131\u015fsa, yine bu ba\u015fl\u0131k alt\u0131nda ald\u0131\u011f\u0131 kitaplar\u0131n listesini yay\u0131nlayabilir.<\/p>\n<p style=\"text-align: justify;\">Bundan \u00f6nce buna benzer pek \u00e7ok proje yap\u0131lm\u0131\u015ft\u0131. B\u00f6yle bir proje sanal ortamda ilk defa yap\u0131l\u0131yor. Umar\u0131z di\u011fer gruplara \u00f6rnek te\u015fkil eder.<\/p>\n<p style=\"text-align: justify;\">Kitaplar\u0131n g\u00f6nderilece\u011fi adres.<\/p>\n<p style=\"text-align: justify;\">Osman Temizkan<br \/>\n0507 399 51 39<br \/>\nAvantaj \u00fcst\u00fc, Sevmi\u015f apartman\u0131, kat 4 no: 24 Y\u00fcksekova \/ Hakkari<\/p>\n<p style=\"text-align: justify;\">Kaynak: http:\/\/www.stargazete.com<\/p>\n","protected":false},"excerpt":{"rendered":"<p>Sosyal payla\u015f\u0131m sitesi Facebook&#8217;ta kurulan Vicdan adl\u0131 platform, sanal d\u00fcnyada ba\u015flatt\u0131klar\u0131 kitap toplama kampanyas\u0131yla bug\u00fcne kadar ders kitaplar\u0131 d\u0131\u015f\u0131nda hi\u00e7bir kitap okumam\u0131\u015f olan onlarca \u00e7ocu\u011fun bulundu\u011fu Hakkari&#8217;nin Y\u00fcksekova il\u00e7esine ba\u011fl\u0131 Demikonak K\u00f6y\u00fc \u00c7ukurca \u0130lk\u00f6\u011fretim Okulu&#8217;na k\u00fct\u00fcphane kuracak. \u00c7evre k\u00f6ylere de hitap etmesi planlanan k\u00fct\u00fcphanenin Y\u00fcksekova il\u00e7esinin en b\u00fcy\u00fck k\u00fct\u00fcphanesi olmas\u0131 bekleniyor.<\/p>\n","protected":false},"author":1,"featured_media":0,"comment_status":"open","ping_status":"open","sticky":false,"template":"","format":"standard","meta":{"footnotes":""},"categories":[],"tags":[845],"class_list":["post-4982","post","type-post","status-publish","format-standard","hentry","tag-okul-kutuphaneleri"],"_links":{"self":[{"href":"https:\/\/www.bbyhaber.com\/bby\/wp-json\/wp\/v2\/posts\/4982"}],"collection":[{"href":"https:\/\/www.bbyhaber.com\/bby\/wp-json\/wp\/v2\/posts"}],"about":[{"href":"https:\/\/www.bbyhaber.com\/bby\/wp-json\/wp\/v2\/types\/post"}],"author":[{"embeddable":true,"href":"https:\/\/www.bbyhaber.com\/bby\/wp-json\/wp\/v2\/users\/1"}],"replies":[{"embeddable":true,"href":"https:\/\/www.bbyhaber.com\/bby\/wp-json\/wp\/v2\/comments?post=4982"}],"version-history":[{"count":0,"href":"https:\/\/www.bbyhaber.com\/bby\/wp-json\/wp\/v2\/posts\/4982\/revisions"}],"wp:attachment":[{"href":"https:\/\/www.bbyhaber.com\/bby\/wp-json\/wp\/v2\/media?parent=4982"}],"wp:term":[{"taxonomy":"category","embeddable":true,"href":"https:\/\/www.bbyhaber.com\/bby\/wp-json\/wp\/v2\/categories?post=4982"},{"taxonomy":"post_tag","embeddable":true,"href":"https:\/\/www.bbyhaber.com\/bby\/wp-json\/wp\/v2\/tags?post=4982"}],"curies":[{"name":"wp","href":"https:\/\/api.w.org\/{rel}","templated":true}]}}