{"id":4973,"date":"2012-06-01T18:26:54","date_gmt":"2012-06-01T18:26:54","guid":{"rendered":"http:\/\/www.bbyhaber.com\/bby\/?p=4973"},"modified":"2013-03-06T11:57:20","modified_gmt":"2013-03-06T09:57:20","slug":"maliyeden-haziran-ayina-ait-mali-ve-sosyal-haklara-iliskin-genelge","status":"publish","type":"post","link":"https:\/\/www.bbyhaber.com\/bby\/2012\/06\/01\/maliyeden-haziran-ayina-ait-mali-ve-sosyal-haklara-iliskin-genelge","title":{"rendered":"Maliye&#8217;den Haziran ay\u0131na ait mali ve sosyal haklara ili\u015fkin genelge"},"content":{"rendered":"<p style=\"text-align: justify;\">&#8220;Madde:5<strong>&#8211; Teknik hizmetler s\u0131n\u0131f\u0131na dahil m\u00fcze ara\u015ft\u0131rmac\u0131s\u0131, ar\u015fivci, folklor ara\u015ft\u0131rmac\u0131s\u0131, k\u00fct\u00fcphaneci, kitap patologu ve sosyolog unvanl\u0131 kadrolarda bulunanlar\u0131n 17\/4\/2006 tarihli ve 2006\/10344 say\u0131l\u0131 Bakanlar Kurulu Karar\u0131 ile y\u00fcr\u00fcrl\u00fc\u011fe konulan Devlet Memurlar\u0131na \u00d6denecek Zam ve Tazminatlara \u0130li\u015fkin Karar kapsam\u0131ndaki zam ve tazminatlar\u0131, 1\/1\/2012 tarihinden ge\u00e7erli olmak \u00fczere Kamu G\u00f6revlileri Hakem Kurulu Karar\u0131n\u0131n <a title=\"Kamu G\u00f6revlileri Hakem Kurulu Karar\u0131n\u0131n Tam Metni\" href=\"http:\/\/www.bbyhaber.com\/bby\/2012\/06\/01\/kamu-gorevlileri-hakem-kurulu-kararinin-tam-metni\/\">13 \u00fcnc\u00fc maddesi<\/a> \u00e7er\u00e7evesinde \u00f6denecektir.<\/strong>&#8220;<\/p>\n<p style=\"text-align: justify;\"><strong><span style=\"color: #0000ff;\"><a href=\"http:\/\/www.bbyhaber.com\/bby\/wp-content\/uploads\/dosyalar\/ths\/maliye-genelgesi-ths-d-bendi-icin.pdf\" target=\"_blank\"><span style=\"color: #0000ff;\">PDF indir<\/span><\/a><\/span><\/strong><!--more--><\/p>\n<p style=\"text-align: justify;\"><strong>T.C.<br \/>\nMAL\u0130YE BAKANLI\u011eI<br \/>\nB\u00fct\u00e7e ve Mali Kontrol Genel M\u00fcd\u00fcrl\u00fc\u011f\u00fc<\/strong><\/p>\n<p style=\"text-align: justify;\"><strong>Say\u0131<\/strong> : B.07.0.BMK.0.22.1 15913<\/p>\n<p style=\"text-align: justify;\"><strong>Konu :<\/strong> Mali ve sosyal haklar 01.06.12* 6216<\/p>\n<p style=\"text-align: justify;\"><strong>GENELGE<\/strong><\/p>\n<p style=\"text-align: justify;\">Bilindi\u011fi \u00fczere, 1\/6\/2012 tarihli ve 28310 say\u0131l\u0131 Resmi Gazetede yay\u0131mlanm\u0131\u015f olan 29\/5\/2012 tarihli ve 2012\/1 numaral\u0131 Kamu G\u00f6revlileri Hakem Kurulu Karar\u0131yla kamu g\u00f6revlilerinin mali ve sosyal haklar\u0131na ili\u015fkin baz\u0131 kararlar al\u0131nm\u0131\u015ft\u0131r. Buna g\u00f6re;<\/p>\n<p style=\"text-align: justify;\">1- 1\/1\/2012-30\/6\/2012 d\u00f6neminde ge\u00e7erli olmak \u00fczere. Kamu G\u00f6revlileri Hakem Kurulu<\/p>\n<p style=\"text-align: justify;\">Karar\u0131n\u0131n 4 \u00fcnc\u00fc maddesinin birinci f\u0131kras\u0131yla;<\/p>\n<p style=\"text-align: justify;\">a) 657 say\u0131l\u0131 Devlet Memurlar\u0131 Kanununun 154 \u00fcnc\u00fc maddesi uyar\u0131nca ayl\u0131k g\u00f6sterge tablosunda yer alan rakamlar ile ek g\u00f6sterge rakamlar\u0131n\u0131n ayl\u0131k tutarlara \u00e7evrilmesinde uygulanacak ayl\u0131k katsay\u0131s\u0131 (0,068835), memuriyet taban ayl\u0131\u011f\u0131 g\u00f6stergesine uygulanacak taban ayl\u0131k katsay\u0131s\u0131 (0,92105), i\u015f g\u00fc\u00e7l\u00fc\u011f\u00fc, i\u015f riski, temininde g\u00fc\u00e7l\u00fck ve mali sorumluluk zamlar\u0131n\u0131n ayl\u0131k tutarlara \u00e7evrilmesinde uygulanacak yan \u00f6deme katsay\u0131s\u0131 ise (0,021827) olarak yeniden belirlenmi\u015ftir.<\/p>\n<p style=\"text-align: justify;\">b) 399 say\u0131l\u0131 Kanun H\u00fckm\u00fcnde Kararnamenin 3 \u00fcnc\u00fc maddesinin (c) bendi uyar\u0131nca s\u00f6zle\u015fmeli olarak \u00e7al\u0131\u015ft\u0131r\u0131lan personelin \u00fccret tavan\u0131 3.611,50 TL&#8217;ye y\u00fckseltilmi\u015ftir.<\/p>\n<p style=\"text-align: justify;\">c) 6\/6\/1978 tarihli ve 7\/15754 say\u0131l\u0131 Bakanlar Kurulu Karar\u0131yla y\u00fcr\u00fcrl\u00fc\u011fe konulan S\u00f6zle\u015fmeli Personel \u00c7al\u0131\u015ft\u0131r\u0131lmas\u0131na \u0130li\u015fkin Esaslar\u0131n 3 \u00fcnc\u00fc maddesinin ikinci f\u0131kras\u0131nda yer alan \u00fccret tavan\u0131 3.202,58 TL&#8217;ye y\u00fckseltilmi\u015ftir.<\/p>\n<p style=\"text-align: justify;\">\u00e7) 30\/11\/1984 tarihli ve 84\/8813 say\u0131l\u0131 Bakanlar Kurulu Karar\u0131yla y\u00fcr\u00fcrl\u00fc\u011fe konulan Ba\u015fbakanl\u0131kta \u00c7al\u0131\u015ft\u0131r\u0131lacak S\u00f6zle\u015fmeli Personel Hakk\u0131nda Hizmet S\u00f6zle\u015fmesi Esaslar\u0131n\u0131n 8 inci maddesinde yer alan Ba\u015fbakanl\u0131k M\u00fcste\u015far\u0131n\u0131n ayl\u0131k s\u00f6zle\u015fme \u00fccret tutar\u0131 3.725,80 TL&#8217;ye y\u00fckseltilmi\u015ftir.<\/p>\n<p style=\"text-align: justify;\">d) Mevzuat\u0131 uyar\u0131nca istihdam edilen s\u00f6zle\u015fmeli personelin hizmet s\u00f6zle\u015fmesi esaslar\u0131nda yer alan ve 3\/1\/2012 tarihli ve 2012\/2663 say\u0131l\u0131 Bakanlar Kurulu Karar\u0131yla y\u00fckseltilmi\u015f bulunan taban ve tavan \u00fccretleri %4 oran\u0131nda art\u0131r\u0131lm\u0131\u015ft\u0131r.<\/p>\n<p style=\"text-align: justify;\">e) Mevzuat\u0131 uyar\u0131nca vize edilmi\u015f s\u00f6zle\u015fmeli personel pozisyonlar\u0131n\u0131n, 2012\/2663 say\u0131l\u0131 Bakanlar Kurulu Karar\u0131yla y\u00fckseltilmi\u015f bulunan taban ve tavan \u00fccretleri %4 oran\u0131nda art\u0131r\u0131lm\u0131\u015ft\u0131r.<\/p>\n<p style=\"text-align: justify;\">f) \u00c7e\u015fitli stat\u00fclerde s\u00f6zle\u015fmeli olarak \u00e7al\u0131\u015ft\u0131r\u0131lanlar\u0131n, 2012\/2663 say\u0131l\u0131 Bakanlar Kurulu Karar\u0131yla art\u0131r\u0131lm\u0131\u015f olan mevcut br\u00fct s\u00f6zle\u015fme \u00fccretleri %4 oran\u0131nda art\u0131r\u0131lm\u0131\u015ft\u0131r.<\/p>\n<p style=\"text-align: justify;\">2- Kamu G\u00f6revlileri Hakem Kurulu Karar\u0131n\u0131n 7 nci maddesi uyar\u0131nca an\u0131lan Karar\u0131n 4 \u00fcnc\u00fc maddesinin birinci f\u0131kras\u0131nda belirlenen (bu Genelgenin 1 inci maddesinde yer alan) ayl\u0131k katsay\u0131, taban ayl\u0131k katsay\u0131s\u0131 ve yan \u00f6deme katsay\u0131s\u0131 ile s\u00f6zle\u015fme \u00fccret art\u0131\u015f\u0131 ve \u00fccret tavanlar\u0131 uyar\u0131nca kamu g\u00f6revlileri ve emeklilerine 1\/1\/2012-14\/6\/2012 d\u00f6nemi i\u00e7in <strong>her t\u00fcrl\u00fc kanuni kesintiler yap\u0131ld\u0131ktan sonra yap\u0131lmas\u0131 gereken fark \u00f6demeleri <\/strong>(katsay\u0131lar ile s\u00f6zle\u015fme \u00fccret art\u0131\u015f\u0131na ba\u011fl\u0131 olarak yap\u0131lan t\u00fcm \u00f6demeler dahil), hesaplanmalar\u0131n\u0131 m\u00fcteakiben \u00f6denecektir. S\u00f6z konusu katsay\u0131lar ile s\u00f6zle\u015fme \u00fccret art\u0131\u015flar\u0131na ba\u011fl\u0131 olarak an\u0131lan fark \u00f6demesinden yararlanacak kamu g\u00f6revlileri ve emeklilerine, 1\/1\/2012-14\/6\/2012 d\u00f6nemine ili\u015fkin olarak yap\u0131lacak toplam fark \u00f6demesi tutar\u0131n\u0131n %2,25&#8217;i oran\u0131nda ge\u00e7 \u00f6deme fark\u0131 herhangi bir kesintiye tabi tutulmaks\u0131z\u0131n ayr\u0131ca \u00f6denecektir. 1\/1\/2012-14\/6\/2012 d\u00f6nemi i\u00e7in her t\u00fcrl\u00fc kanuni kesintiler yap\u0131ld\u0131ktan sonra toplam 500 TL fark \u00f6demesi hesaplanan bir personele ge\u00e7 \u00f6deme fark\u0131 olarak (500 TL*0,0225=) 11, 25 TL \u00f6denecektir.<\/p>\n<p style=\"text-align: justify;\">3- Kamu G\u00f6revlileri Hakem Kurulu Karar\u0131n\u0131n 7 nci maddesi uyar\u0131nca bir defal\u0131k yap\u0131lacak ge\u00e7 \u00f6deme fark\u0131 \u00f6demesi; memurlar i\u00e7in &#8220;01.1.9. Di\u011fer Giderler&#8221; ekonomik koduna, s\u00f6zle\u015fmeli stat\u00fcde istihdam edilenler i\u00e7in &#8220;01.2.9 Di\u011fer Giderler&#8221; ekonomik koduna ve di\u011fer stat\u00fclerde istihdam edilen personel i\u00e7in ise ayl\u0131k ve \u00fccretlerinin kaydedildi\u011fi kodlara gider kaydedilmek suretiyle yap\u0131lacakt\u0131r.<\/p>\n<p style=\"text-align: justify;\">4- \u0130lgili mevzuat\u0131 uyar\u0131nca <strong>ta\u015f\u0131n\u0131r kay\u0131t ve kontrol yetkilisi <\/strong>olarak g\u00f6revlendirilenlere, 1\/1\/2012 tarihinden ge\u00e7erli olmak \u00fczere Kamu G\u00f6revlileri Hakem Kurulu Karar\u0131n\u0131n 12 nci maddesi \u00e7er\u00e7evesinde mali sorumluluk zamm\u0131 \u00f6denecektir.<\/p>\n<p style=\"text-align: justify;\"><strong><span style=\"color: #ff0000;\">5- Teknik hizmetler s\u0131n\u0131f\u0131na dahil m\u00fcze ara\u015ft\u0131rmac\u0131s\u0131, <span style=\"color: #0000ff;\">ar\u015fivci<\/span>, folklor ara\u015ft\u0131rmac\u0131s\u0131, <span style=\"color: #0000ff;\">k\u00fct\u00fcphaneci<\/span>, kitap patologu ve sosyolog unvanl\u0131 kadrolarda bulunanlar\u0131n 17\/4\/2006 tarihli ve 2006\/10344 say\u0131l\u0131 Bakanlar Kurulu Karar\u0131 ile y\u00fcr\u00fcrl\u00fc\u011fe konulan Devlet Memurlar\u0131na \u00d6denecek Zam ve Tazminatlara \u0130li\u015fkin Karar kapsam\u0131ndaki zam ve tazminatlar\u0131, 1\/1\/2012 tarihinden ge\u00e7erli olmak \u00fczere Kamu G\u00f6revlileri Hakem Kurulu Karar\u0131n\u0131n<a title=\"Kamu G\u00f6revlileri Hakem Kurulu Karar\u0131n\u0131n Tam Metni\" href=\"http:\/\/www.bbyhaber.com\/bby\/2012\/06\/01\/kamu-gorevlileri-hakem-kurulu-kararinin-tam-metni\/\"> 13 \u00fcnc\u00fc maddesi<\/a> \u00e7er\u00e7evesinde \u00f6denecektir.<\/span><\/strong><\/p>\n<p style=\"text-align: justify;\">6- <strong>Musahhih<\/strong> kadrolar\u0131nda bulunanlara, 2006\/10344 say\u0131l\u0131 Bakanlar Kurulu Karar\u0131 ile y\u00fcr\u00fcrl\u00fc\u011fe konulan Devlet Memurlar\u0131na \u00d6denecek Zam ve Tazminatlara \u0130li\u015fkin Kararda dereceleri itibar\u0131yla belirlenmi\u015f olan oranlara g\u00f6re yap\u0131lan tazminat \u00f6demesi, 1\/1\/2012 tarihinden ge\u00e7erli olmak \u00fczere Kamu G\u00f6revlileri Hakem Kurulu Karar\u0131n\u0131n 67 nci maddesi uyar\u0131nca 25 puan ilave edilmek suretiyle yap\u0131lacakt\u0131r.<\/p>\n<p style=\"text-align: justify;\">7- Genelgenin 4, 5 ve 6 nci maddelerinde belirtilen d\u00fczenlemelerden kaynakl\u0131 olarak 1\/1\/2012-14\/6\/2012 d\u00f6nemi i\u00e7in yap\u0131lacak fark \u00f6demeleri, hesaplanmalar\u0131n\u0131 m\u00fcteakiben yap\u0131lacakt\u0131r.<\/p>\n<p style=\"text-align: justify;\">8- Kamu G\u00f6revlileri Hakem Kurulu Karar\u0131n\u0131n 8 inci maddesine istinaden, ilgili mevzuat\u0131 uyar\u0131nca kadro kar\u015f\u0131l\u0131\u011f\u0131 s\u00f6zle\u015fmeli stat\u00fcde \u00e7al\u0131\u015fanlar dahil olmak \u00fczere s\u00f6zle\u015fmeli personel pozisyonlar\u0131nda istihdam edilen personel, 19\/1 1\/1986 tarihli ve 86\/11220 say\u0131l\u0131 Bakanlar Kurulu Karar\u0131yla y\u00fcr\u00fcrl\u00fc\u011fe konulan Devlet Memurlar\u0131 Yiyecek Yard\u0131m\u0131 Y\u00f6netmeli\u011finde ve bu Y\u00f6netmeli\u011fin uygulanmas\u0131na ili\u015fkin y\u0131l\u0131 merkezi y\u00f6netim b\u00fct\u00e7e uygulama tebli\u011finde yer alan usul ve esaslar \u00e7er\u00e7evesinde 1\/7\/2012 tarihinden itibaren yiyecek yard\u0131m\u0131ndan yararland\u0131r\u0131lacakt\u0131r.<\/p>\n<p style=\"text-align: justify;\">9- Kamu G\u00f6revlileri Hakem Kurulu Karar\u0131n\u0131n 9 uncu maddesi uyar\u0131nca, 375 say\u0131l\u0131 Kanun H\u00fckm\u00fcnde Kararnamenin 1 inci maddesinin (D) f\u0131kras\u0131 kapsam\u0131nda \u00f6denmekte olan tazminat, 1\/7\/2012 tarihinden itibaren 13.558 g\u00f6sterge rakam\u0131n\u0131n memur ayl\u0131k katsay\u0131s\u0131yla \u00e7arp\u0131m\u0131 sonucu bulunacak tutarda \u00f6denecektir.<\/p>\n<p style=\"text-align: justify;\">10- Kamu G\u00f6revlileri Hakem Kurulu Karar\u0131n\u0131n 11 inci maddesine istinaden, 15\/7\/2012 tarihinden ge\u00e7erli olmak \u00fczere, 657 say\u0131l\u0131 Devlet Memurlar\u0131 Kanununun 202 nci maddesi ve 926 say\u0131l\u0131 T\u00fcrk Silahl\u0131 Kuvvetleri Personel Kanununun 153 \u00fcnc\u00fc maddesi uyar\u0131nca \u00e7ocuk i\u00e7in verilmekte olan aile yard\u0131m\u0131 \u00f6dene\u011fi, burs alan veya Devlet\u00e7e okutulan \u00e7ocuklardan an\u0131lan Kanunlar\u0131n ilgili maddelerinde bu \u00f6dene\u011fin verilmesine ili\u015fkin di\u011fer \u015fartlan ta\u015f\u0131yanlar i\u00e7in de ayn\u0131 usul ve esaslar dahilinde \u00f6denecektir.<\/p>\n<p style=\"text-align: justify;\">11- Kamu G\u00f6revlileri Hakem Kurulu Karar\u0131n\u0131n 14 \u00fcnc\u00fc maddesine istinaden, 1\/7\/2012 tarihinden ge\u00e7erli olmak \u00fczere, 6245 say\u0131l\u0131 Harc\u0131rah Kanununun 49 uncu maddesi h\u00fck\u00fcmlerine g\u00f6re b\u00f6lge s\u0131n\u0131r\u0131 esas al\u0131narak yap\u0131lan seyyar g\u00f6rev tazminat\u0131 \u00f6demelerinde de il s\u0131n\u0131r\u0131 esas al\u0131nacakt\u0131r.<\/p>\n<p style=\"text-align: justify;\">12- Kamu G\u00f6revlileri Hakem Kurulu Karar\u0131n\u0131n 16 nc\u0131 maddesine istinaden, kamu iktisadi te\u015febb\u00fcslerince bedeli kar\u015f\u0131l\u0131\u011f\u0131 kamu konutu tahsis edilen personelden, her y\u0131l Milli Emlak Genel Tebli\u011fleriyle belirlenen kira birim bedellerinin, 1\/7\/2012 tarihinden ge\u00e7erli olmak \u00fczere %85&#8217;i ile bu bedel \u00fczerinden 3065 say\u0131l\u0131 Kanuna g\u00f6re hesaplanan KDV tutar\u0131n\u0131n toplam\u0131 ilgiliden tahsil edilecektir.<\/p>\n<p style=\"text-align: justify;\">13- 1\/1\/2012 tarihinden itibaren i\u015f\u00e7ilere \u00f6denecek k\u0131dem tazminat\u0131n\u0131n y\u0131ll\u0131k tavan tutan 2.917,27 TL&#8217;dir.<\/p>\n<p style=\"text-align: justify;\">14- 19\/4\/1990 tarihli ve 3628 say\u0131l\u0131 Kanun uyar\u0131nca y\u00fcr\u00fcrl\u00fc\u011fe konulan Mal Bildiriminde Bulunulmas\u0131 Hakk\u0131nda Y\u00f6netmeli\u011fin 8 inci maddesi uyar\u0131nca Bakanl\u0131\u011f\u0131m\u0131zca ilan edilmesi gereken genel idare hizmetleri s\u0131n\u0131f\u0131nda birinci derecenin birinci kademesindeki \u015fube m\u00fcd\u00fcr\u00fcne \u00f6denen her t\u00fcrl\u00fc zam ve tazminatlar dahil net ayl\u0131k tutar\u0131, 1\/1\/2012 tarihi itibar\u0131yla 2.852,15 TL&#8217;dir.<\/p>\n<p style=\"text-align: justify;\">Gere\u011fini arz \/ rica ederim.<\/p>\n<p style=\"text-align: justify;\"><strong>Mehmet \u015eim\u015fek<br \/>\nMaliye Bakan\u0131<\/strong><\/p>\n<p style=\"text-align: justify;\">Kaynak: http:\/\/www.memurlar.net<\/p>\n","protected":false},"excerpt":{"rendered":"<p>&#8220;Madde:5&#8211; Teknik hizmetler s\u0131n\u0131f\u0131na dahil m\u00fcze ara\u015ft\u0131rmac\u0131s\u0131, ar\u015fivci, folklor ara\u015ft\u0131rmac\u0131s\u0131, k\u00fct\u00fcphaneci, kitap patologu ve sosyolog unvanl\u0131 kadrolarda bulunanlar\u0131n 17\/4\/2006 tarihli ve 2006\/10344 say\u0131l\u0131 Bakanlar Kurulu Karar\u0131 ile y\u00fcr\u00fcrl\u00fc\u011fe konulan Devlet Memurlar\u0131na \u00d6denecek Zam ve Tazminatlara \u0130li\u015fkin Karar kapsam\u0131ndaki zam ve tazminatlar\u0131, 1\/1\/2012 tarihinden ge\u00e7erli olmak \u00fczere Kamu G\u00f6revlileri Hakem Kurulu Karar\u0131n\u0131n 13 \u00fcnc\u00fc maddesi \u00e7er\u00e7evesinde [&hellip;]<\/p>\n","protected":false},"author":1,"featured_media":0,"comment_status":"open","ping_status":"open","sticky":false,"template":"","format":"standard","meta":{"footnotes":""},"categories":[1505],"tags":[1398,51,50,310,312],"class_list":["post-4973","post","type-post","status-publish","format-standard","hentry","category-teknik-kadro","tag-bby-ozluk-haklari","tag-teknik-kadro-kutuphaneci","tag-ths-kutuphaneci","tag-ths-toplu-sozlesme","tag-toplu-sozlesme-kutuphaneci"],"_links":{"self":[{"href":"https:\/\/www.bbyhaber.com\/bby\/wp-json\/wp\/v2\/posts\/4973"}],"collection":[{"href":"https:\/\/www.bbyhaber.com\/bby\/wp-json\/wp\/v2\/posts"}],"about":[{"href":"https:\/\/www.bbyhaber.com\/bby\/wp-json\/wp\/v2\/types\/post"}],"author":[{"embeddable":true,"href":"https:\/\/www.bbyhaber.com\/bby\/wp-json\/wp\/v2\/users\/1"}],"replies":[{"embeddable":true,"href":"https:\/\/www.bbyhaber.com\/bby\/wp-json\/wp\/v2\/comments?post=4973"}],"version-history":[{"count":0,"href":"https:\/\/www.bbyhaber.com\/bby\/wp-json\/wp\/v2\/posts\/4973\/revisions"}],"wp:attachment":[{"href":"https:\/\/www.bbyhaber.com\/bby\/wp-json\/wp\/v2\/media?parent=4973"}],"wp:term":[{"taxonomy":"category","embeddable":true,"href":"https:\/\/www.bbyhaber.com\/bby\/wp-json\/wp\/v2\/categories?post=4973"},{"taxonomy":"post_tag","embeddable":true,"href":"https:\/\/www.bbyhaber.com\/bby\/wp-json\/wp\/v2\/tags?post=4973"}],"curies":[{"name":"wp","href":"https:\/\/api.w.org\/{rel}","templated":true}]}}