{"id":4950,"date":"2012-06-01T08:31:12","date_gmt":"2012-06-01T08:31:12","guid":{"rendered":"http:\/\/www.bbyhaber.com\/bby\/?p=4950"},"modified":"2012-06-01T08:48:10","modified_gmt":"2012-06-01T08:48:10","slug":"oglunun-anisina-koye-kutuphane-kurdu","status":"publish","type":"post","link":"https:\/\/www.bbyhaber.com\/bby\/2012\/06\/01\/oglunun-anisina-koye-kutuphane-kurdu","title":{"rendered":"O\u011flunun An\u0131s\u0131na K\u00f6ye K\u00fct\u00fcphane Kurdu"},"content":{"rendered":"<p style=\"text-align: justify;\">Ge\u00e7ti\u011fimiz y\u0131l trafik kazas\u0131 sonucu hayat\u0131n\u0131 kaybeden gazeteci \u0130brahim Irmak&#8217;\u0131n o\u011flu \u00c7a\u011flayan Irmak&#8217;\u0131n ad\u0131n\u0131n verildi\u011fi k\u00fct\u00fcphane \u0130zmir&#8217;in \u00d6demi\u015f \u0130l\u00e7esi&#8217;ne ba\u011fl\u0131 Mescitli k\u00f6y\u00fcnde a\u00e7\u0131ld\u0131.<!--more--><\/p>\n<p style=\"text-align: justify;\">Gazeteci \u0130brahim Irmak&#8217;\u0131n giri\u015fimi, <a title=\"K\u00f6y \u00c7ocuklar\u0131 K\u00fct\u00fcphaneleri Olu\u015fturma, K\u00fclt\u00fcr- Sanat ve Dayan\u0131\u015fma Derne\u011fi\" href=\"http:\/\/www.bbyhaber.com\/bby\/2011\/11\/06\/koy-cocuklari-kutuphaneleri-olusturma-kultur-sanat-ve-dayanisma-dernegi\/\">K\u00f6y \u00c7ocuklar\u0131 K\u00fct\u00fcphaneleri Olu\u015fturma, K\u00fclt\u00fcr-Sanat ve Dayan\u0131\u015fma Derne\u011fi<\/a> ile \u00d6demi\u015f Belediyesi&#8217;nin katk\u0131lar\u0131yla hizmete a\u00e7\u0131lan \u015fuan i\u00e7in 3 bin 500 kitab\u0131n bulundu\u011fu &#8220;Atat\u00fcrk \u00c7ocuklar\u0131 \u00c7a\u011flayan Irmak&#8221; k\u00fct\u00fcphanesi Mescitli k\u00f6y\u00fc sakinlerinin hizmetine sunuldu.<\/p>\n<p style=\"text-align: justify;\">32 ya\u015f\u0131nda hayat\u0131n\u0131 kaybeden \u00c7a\u011flayan Irmak&#8217;\u0131n do\u011fum g\u00fcn\u00fcnde hizmete giren k\u00fct\u00fcphanenin a\u00e7\u0131l\u0131\u015f\u0131na \u00d6demi\u015f Belediye Ba\u015fkan\u0131 Bekir Keskin, Bademli Belediye Ba\u015fkan\u0131 Selahattin Kundak, T\u00fcrkiye Gazeteciler Federasyonu (TGF) Genel Ba\u015fkan\u0131 ve \u0130zmir Gazeteciler Cemiyeti (\u0130GC) Ba\u015fkan\u0131 Atilla Sertel, TGF Genel Ba\u015fkan Vekili ve Eski\u015fehir Gazeteciler Cemiyeti Ba\u015fkan\u0131 Y\u0131lmaz Karaca, Anadolu Spor Gazetecileri Derne\u011fi Genel Ba\u015fkan\u0131 \u0130brahim Erdo\u011fan, Sakarya Gazeteciler Cemiyeti Ba\u015fkan\u0131 Sezai Matur, \u0130zmiri Sevenler Platformu Ba\u015fkan\u0131 Sancar Maruflu, \u0130zmir Yarg\u0131 ve G\u00fcvenlik Muhabirleri Derne\u011fi Ba\u015fkan\u0131 Re\u015fit \u00c7a\u011flayangil, \u0130zmirli gazeteciler ve k\u00f6y sakinleri kat\u0131ld\u0131.<\/p>\n<p style=\"text-align: justify;\">A\u00e7\u0131l\u0131\u015fta s\u00f6z alan gazeteci \u0130brahim Irmak, bug\u00fcn h\u00fcz\u00fcn ve mutlulu\u011fu bir arada ya\u015fad\u0131\u011f\u0131n\u0131 belirterek, &#8220;Gen\u00e7 ya\u015fta yitirdi\u011fim o\u011flum \u00c7a\u011flayan Irmak&#8217;\u0131n bug\u00fcn do\u011fum g\u00fcn\u00fc. Onun do\u011fum g\u00fcn\u00fcnde b\u00f6ylesine \u00f6nemli ve anlaml\u0131 bir yeri do\u011fdu\u011fum k\u00f6ye kazand\u0131rmaktan onur duyuyorum. Bu kitaplar in\u015fallah k\u00f6y\u00fcm\u00fcz\u00fcn gen\u00e7lerine, \u00e7ocuklar\u0131na \u0131\u015f\u0131k olur, onlar\u0131n yolunu ayd\u0131nlat\u0131r&#8221; diye konu\u015ftu. A\u00e7\u0131l\u0131\u015f t\u00f6reninde daha sonra TGF Genel Ba\u015fkan\u0131 ve \u0130GC Ba\u015fkan\u0131 Atilla Sertel, \u0130zmiri Sevenler Platformu Ba\u015fkan\u0131 Sancar Maruflu, \u00d6demi\u015f Belediye Ba\u015fkan\u0131 Bekir Keskin de birer konu\u015fma yapt\u0131. Konu\u015fmalar\u0131n ard\u0131ndan 3 bin 500 kitab\u0131n bulundu\u011fu k\u00fct\u00fcphanenin a\u00e7\u0131l\u0131\u015f kurdelas\u0131 davetliler taraf\u0131ndan kesildi.<\/p>\n<p style=\"text-align: justify;\">Kaynak: http:\/\/www.medya73.com<\/p>\n","protected":false},"excerpt":{"rendered":"<p>Ge\u00e7ti\u011fimiz y\u0131l trafik kazas\u0131 sonucu hayat\u0131n\u0131 kaybeden gazeteci \u0130brahim Irmak&#8217;\u0131n o\u011flu \u00c7a\u011flayan Irmak&#8217;\u0131n ad\u0131n\u0131n verildi\u011fi k\u00fct\u00fcphane \u0130zmir&#8217;in \u00d6demi\u015f \u0130l\u00e7esi&#8217;ne ba\u011fl\u0131 Mescitli k\u00f6y\u00fcnde a\u00e7\u0131ld\u0131.<\/p>\n","protected":false},"author":1,"featured_media":0,"comment_status":"open","ping_status":"open","sticky":false,"template":"","format":"standard","meta":{"footnotes":""},"categories":[1539,1],"tags":[],"class_list":["post-4950","post","type-post","status-publish","format-standard","hentry","category-ataturk-cocuklari-kutuphanesi","category-genel"],"_links":{"self":[{"href":"https:\/\/www.bbyhaber.com\/bby\/wp-json\/wp\/v2\/posts\/4950"}],"collection":[{"href":"https:\/\/www.bbyhaber.com\/bby\/wp-json\/wp\/v2\/posts"}],"about":[{"href":"https:\/\/www.bbyhaber.com\/bby\/wp-json\/wp\/v2\/types\/post"}],"author":[{"embeddable":true,"href":"https:\/\/www.bbyhaber.com\/bby\/wp-json\/wp\/v2\/users\/1"}],"replies":[{"embeddable":true,"href":"https:\/\/www.bbyhaber.com\/bby\/wp-json\/wp\/v2\/comments?post=4950"}],"version-history":[{"count":0,"href":"https:\/\/www.bbyhaber.com\/bby\/wp-json\/wp\/v2\/posts\/4950\/revisions"}],"wp:attachment":[{"href":"https:\/\/www.bbyhaber.com\/bby\/wp-json\/wp\/v2\/media?parent=4950"}],"wp:term":[{"taxonomy":"category","embeddable":true,"href":"https:\/\/www.bbyhaber.com\/bby\/wp-json\/wp\/v2\/categories?post=4950"},{"taxonomy":"post_tag","embeddable":true,"href":"https:\/\/www.bbyhaber.com\/bby\/wp-json\/wp\/v2\/tags?post=4950"}],"curies":[{"name":"wp","href":"https:\/\/api.w.org\/{rel}","templated":true}]}}