{"id":4948,"date":"2012-06-01T08:28:01","date_gmt":"2012-06-01T08:28:01","guid":{"rendered":"http:\/\/www.bbyhaber.com\/bby\/?p=4948"},"modified":"2012-06-01T08:36:36","modified_gmt":"2012-06-01T08:36:36","slug":"artan-bilgiler-kutuphanelerde-saklanamz","status":"publish","type":"post","link":"https:\/\/www.bbyhaber.com\/bby\/2012\/06\/01\/artan-bilgiler-kutuphanelerde-saklanamz","title":{"rendered":"Artan bilgiler k\u00fct\u00fcphanelerde saklanamaz"},"content":{"rendered":"<p style=\"text-align: justify;\">Sakarya \u00dcniversitesi (S\u00dc) Bilgisayar ve Bili\u015fim Bilimleri Fak\u00fcltesi Dekan\u0131 Prof. Dr. \u00dcmit Kocab\u0131\u00e7ak, her y\u0131l \u00fcretilen bilginin bir \u00f6nceki y\u0131la g\u00f6re y\u00fczde 30 artt\u0131\u011f\u0131n\u0131 ve bu \u00e7aptaki bilginin klasik k\u00fct\u00fcphanelerde saklanamayaca\u011f\u0131n\u0131 s\u00f6yledi. TBMM Bilgi Toplumu Olma Yolunda Bili\u015fim Sekt\u00f6r\u00fcndeki Geli\u015fmeler ile \u0130nternet Kullan\u0131m\u0131n\u0131n Ba\u015fta \u00c7ocuklar, Gen\u00e7ler ve Aile Yap\u0131s\u0131 \u00dczerinde Olmak \u00dczere Sosyal Etkilerinin Ara\u015ft\u0131r\u0131lmas\u0131 Amac\u0131yla Kurulan Meclis Ara\u015ft\u0131rma Komisyonu, AK Parti Adana Milletvekili Necdet \u00dcn\u00fcvar&#8217;\u0131n ba\u015fkanl\u0131\u011f\u0131nda topland\u0131.<!--more--><\/p>\n<p style=\"text-align: justify;\">Komisyonda, Y\u00d6K Ba\u015fkan Vekili Prof. Dr. \u015eaban \u00c7al\u0131\u015f ile Sakarya \u00dcniversitesi Bilgisayar ve Bili\u015fim Bilimleri Fak\u00fcltesi Dekan\u0131 Prof. Dr. \u00dcmit Kocab\u0131\u00e7ak \u00fcniversitelerde bili\u015fim teknolojileri e\u011fitimi konusunda sunum yapt\u0131. Ayr\u0131ca T\u00fcrkiye \u0130statistik Kurumu (T\u00dc\u0130K) Sekt\u00f6rel \u0130statistikleri Daire Ba\u015fkan\u0131 B\u00fcnyamin Emirosman ile ayn\u0131 ba\u015fkanl\u0131\u011f\u0131n Tak\u0131m Sorumlusu Ayhan Do\u011fan, internet kullan\u0131m\u0131n\u0131n sosyal etkileri konular\u0131na ili\u015fkin istatistiki \u00e7al\u0131\u015fmalar hakk\u0131nda sunumda bulundular.<\/p>\n<p style=\"text-align: justify;\">T\u00dc\u0130K Sekt\u00f6rel \u0130statistikleri Daire Ba\u015fkanl\u0131\u011f\u0131 Tak\u0131m Sorumlusu Ayhan Do\u011fan, T\u00fcrkiye&#8217;de hanelerde internet kullan\u0131m\u0131n\u0131n giderek artt\u0131\u011f\u0131n\u0131 belirterek, 16-24 ya\u015f aral\u0131\u011f\u0131nda internet kullan\u0131m\u0131n\u0131n y\u00fczde 70 oldu\u011funu ve ya\u015f ilerledik\u00e7e kullan\u0131m oran\u0131n\u0131n d\u00fc\u015ft\u00fc\u011f\u00fcn\u00fc s\u00f6yledi. Do\u011fan, kad\u0131nlarla erkekler aras\u0131ndaki internet kullan\u0131m oranlar\u0131na bak\u0131ld\u0131\u011f\u0131nda, her ya\u015f gurubunda erkeklerin \u00f6nde oldu\u011fu sonucunun \u00e7\u0131kt\u0131\u011f\u0131n\u0131 bildirdi.<br \/>\nSakarya \u00dcniversitesi Bilgisayar ve Bili\u015fim Bilimleri Fak\u00fcltesi Dekan\u0131 Prof. Dr. \u00dcmit Kocab\u0131\u00e7ak da her y\u0131l \u00fcretilen bilginin bir \u00f6nceki y\u0131la g\u00f6re y\u00fczde 30 artt\u0131\u011f\u0131na dikkati \u00e7ekerek, \u015funlar\u0131 s\u00f6yledi:<\/p>\n<p style=\"text-align: justify;\">&#8221;Bir y\u0131lda \u00fcretilen bilgiyi dahi k\u00fct\u00fcphanelerde, kitaplarda, dergilerde veya ba\u015fka bas\u0131l\u0131 materyallerde saklamak m\u00fcmk\u00fcn de\u011fildir. D\u00fcnyan\u0131n en b\u00fcy\u00fck k\u00fct\u00fcphanesi ABD&#8217;nin ba\u015fkentinde bulunan Kongre K\u00fct\u00fcphanesi&#8217;dir. Bu k\u00fct\u00fcphanede 128 milyonun \u00fczerinde bas\u0131l\u0131 materyal mevcuttur. Bunlar yakla\u015f\u0131k 850 km uzunlu\u011fundaki raflarda saklanmaktad\u0131r. D\u00fcnyada \u00fcretilen bilgiyi kitaplarda saklamam\u0131z gerekse idi her y\u0131l 37 bin tane kongre k\u00fct\u00fcphanesi b\u00fcy\u00fckl\u00fc\u011f\u00fcnde k\u00fct\u00fcphane kurmam\u0131z gerekecekti.&#8221;<\/p>\n<p>Gelece\u011fin e\u011fitimi<\/p>\n<p>&#8221;Geli\u015fen bili\u015fim imkanlar\u0131 \u00e7er\u00e7evesinde art\u0131k \u00f6\u011frenciyi tatmin edemiyoruz&#8221; diyen Kocab\u0131\u00e7ak, &#8221;G\u00fcn\u00fcm\u00fczde ve gelecekte de \u00f6\u011frenciler, \u00f6\u011fretim elemanlar\u0131n\u0131n anlatt\u0131klar\u0131ndan \u00e7ok daha fazlas\u0131n\u0131 ve doyurucu halini internet \u00fczerinden g\u00f6rd\u00fck\u00e7e talepler de\u011fi\u015fmeye ba\u015flayacak. Mobil e\u011fitim, uzaktan e\u011fitim gelece\u011fin e\u011fitim modelleri olacakt\u0131r. \u00d6\u011frenmeyi \u00f6\u011frenme, do\u011fru bilgiye h\u0131zl\u0131 metotlarla ula\u015fma y\u00f6ntemlerini en iyi bilen ve bunu aktarabilen e\u011fitimciler, gelecekte kendilerine yer bulabilecekler&#8221; a\u00e7\u0131klamas\u0131nda bulundu.<\/p>\n<p style=\"text-align: justify;\">Kendini yenileyemeyen, teknolojiyle bilgi aktar\u0131m\u0131na adapte olamayan e\u011fitimcilerin gelecekte bu alanda yer bulamayaca\u011f\u0131n\u0131 dile getiren Kocab\u0131\u00e7ak, &#8221;gelece\u011fin \u00fcniversitesi&#8221; ile ilgili de \u015funlar\u0131 s\u00f6yledi: &#8221;Gelecekte \u00fcniversiteler ya\u015fam alanlar\u0131 haline gelecek. \u00dcniversite sadece bilginin aktar\u0131ld\u0131\u011f\u0131 yer de\u011fil, \u00f6\u011frencinin sosyalle\u015fti\u011fi, spor ve sanat faaliyetlerini icra etti\u011fi mekanlar haline gelecek. \u00dcniversitelerde proje \u00e7al\u0131\u015fmalar\u0131 \u00f6n plana \u00e7\u0131kacak. \u00d6\u011frencilerin \u00fcniversite hayat\u0131nda ba\u015far\u0131l\u0131 olmas\u0131ndan ziyade Hayat Okulu&#8217;nda ba\u015far\u0131l\u0131 olmas\u0131 \u00fczerinde yo\u011funla\u015f\u0131lacak.&#8221;<\/p>\n<p>&#8221;Y\u00d6K proaktif olmal\u0131&#8221;<\/p>\n<p>Komisyon Ba\u015fkan\u0131 Necdet \u00dcn\u00fcvar da bili\u015fim konusunda Y\u00d6K&#8217;\u00fcn yeteri kadar proaktif olamad\u0131\u011f\u0131 y\u00f6n\u00fcndeki ele\u015ftirileri dile getirdi.<br \/>\nBundan 3 y\u0131l, 5 y\u0131l, 10 y\u0131l sonras\u0131n\u0131n i\u015f kollar\u0131 ve imkanlar\u0131 hakk\u0131nda Y\u00d6K ba\u015fta olmak \u00fczere ilgili kurumlar\u0131n kafa yormas\u0131 gerekti\u011finin \u00f6nemine i\u015faret eden \u00dcn\u00fcvar, &#8221;Mesela &#8216;bili\u015fim hukuk\u00e7ulu\u011fu&#8217; konusuna Y\u00d6K&#8217;\u00fcn bigane kald\u0131\u011f\u0131 belirtiliyor. \u00d6rne\u011fin bir arkada\u015f bu alanda do\u00e7entlik alam\u0131yor&#8221; diye konu\u015ftu.<\/p>\n<p style=\"text-align: justify;\">Kaynak: http:\/\/www.diyarbakirsoz.com<\/p>\n","protected":false},"excerpt":{"rendered":"<p>Sakarya \u00dcniversitesi (S\u00dc) Bilgisayar ve Bili\u015fim Bilimleri Fak\u00fcltesi Dekan\u0131 Prof. Dr. \u00dcmit Kocab\u0131\u00e7ak, her y\u0131l \u00fcretilen bilginin bir \u00f6nceki y\u0131la g\u00f6re y\u00fczde 30 artt\u0131\u011f\u0131n\u0131 ve bu \u00e7aptaki bilginin klasik k\u00fct\u00fcphanelerde saklanamayaca\u011f\u0131n\u0131 s\u00f6yledi. TBMM Bilgi Toplumu Olma Yolunda Bili\u015fim Sekt\u00f6r\u00fcndeki Geli\u015fmeler ile \u0130nternet Kullan\u0131m\u0131n\u0131n Ba\u015fta \u00c7ocuklar, Gen\u00e7ler ve Aile Yap\u0131s\u0131 \u00dczerinde Olmak \u00dczere Sosyal Etkilerinin Ara\u015ft\u0131r\u0131lmas\u0131 [&hellip;]<\/p>\n","protected":false},"author":1,"featured_media":0,"comment_status":"open","ping_status":"open","sticky":false,"template":"","format":"standard","meta":{"footnotes":""},"categories":[299,1],"tags":[],"class_list":["post-4948","post","type-post","status-publish","format-standard","hentry","category-bilgi-yonetimi-2","category-genel"],"_links":{"self":[{"href":"https:\/\/www.bbyhaber.com\/bby\/wp-json\/wp\/v2\/posts\/4948"}],"collection":[{"href":"https:\/\/www.bbyhaber.com\/bby\/wp-json\/wp\/v2\/posts"}],"about":[{"href":"https:\/\/www.bbyhaber.com\/bby\/wp-json\/wp\/v2\/types\/post"}],"author":[{"embeddable":true,"href":"https:\/\/www.bbyhaber.com\/bby\/wp-json\/wp\/v2\/users\/1"}],"replies":[{"embeddable":true,"href":"https:\/\/www.bbyhaber.com\/bby\/wp-json\/wp\/v2\/comments?post=4948"}],"version-history":[{"count":0,"href":"https:\/\/www.bbyhaber.com\/bby\/wp-json\/wp\/v2\/posts\/4948\/revisions"}],"wp:attachment":[{"href":"https:\/\/www.bbyhaber.com\/bby\/wp-json\/wp\/v2\/media?parent=4948"}],"wp:term":[{"taxonomy":"category","embeddable":true,"href":"https:\/\/www.bbyhaber.com\/bby\/wp-json\/wp\/v2\/categories?post=4948"},{"taxonomy":"post_tag","embeddable":true,"href":"https:\/\/www.bbyhaber.com\/bby\/wp-json\/wp\/v2\/tags?post=4948"}],"curies":[{"name":"wp","href":"https:\/\/api.w.org\/{rel}","templated":true}]}}