{"id":4946,"date":"2012-06-01T08:25:43","date_gmt":"2012-06-01T08:25:43","guid":{"rendered":"http:\/\/www.bbyhaber.com\/bby\/?p=4946"},"modified":"2012-06-01T08:36:07","modified_gmt":"2012-06-01T08:36:07","slug":"bilgi-danismanligi","status":"publish","type":"post","link":"https:\/\/www.bbyhaber.com\/bby\/2012\/06\/01\/bilgi-danismanligi","title":{"rendered":"Bilgi dan\u0131\u015fmanl\u0131\u011f\u0131"},"content":{"rendered":"<p style=\"text-align: justify;\">G\u00fczel Atlar diyar\u0131 <strong>Kapadokya<\/strong>&#8216;da, <strong>\u00dcrg\u00fcp<\/strong>&#8216;e tepeden bakan yerle\u015fkede, bilgi ve belgeyi tart\u0131\u015f\u0131yoruz. Ni\u011fde ve Ankara \u00dcniversitesi&#8217;nin ortakla\u015fa d\u00fczenledi\u011fi &#8220;<a title=\"A.\u00dc. BBY B\u00f6l\u00fcm\u00fc Bilgi Eksenli Kuram ve Uygulamalar: Sorgulay\u0131c\u0131 ve \u00c7\u00f6z\u00fcmleyici Yakla\u015f\u0131mlar Sempozyumu\" href=\"http:\/\/www.bbyhaber.com\/bby\/2011\/11\/06\/ankara-universitesi-bby-bolumu\/\"><strong>Bilgi Eksenli Kuram ve Uygulamalar<\/strong><\/a>&#8221; sempozyumunda, <strong>sorgulay\u0131c\u0131 <\/strong>ve <strong>\u00e7\u00f6z\u00fcmleyici <\/strong>yakla\u015f\u0131mlar sunuluyor. D\u00fcn\u00fcn <strong>k\u00fct\u00fcphaneci <\/strong>kavram\u0131n\u0131n <strong>bilgi ve belge y\u00f6neticilerine <\/strong>d\u00f6n\u00fc\u015ft\u00fcr\u00fcld\u00fc\u011f\u00fc ortamda, acaba bu <strong>bilgi mabetlerinin <\/strong>ad\u0131ndan ba\u015fka <strong>de\u011fi\u015ftirilmesi <\/strong>gereken bir \u015feyler yok mu? <a href=\"http:\/\/www.sabah.com.tr\/Yazarlar\/oguz\/2012\/06\/01\/bilgi-danismanligi\" target=\"_blank\">devam\u0131 i\u00e7in t\u0131klay\u0131n\u0131z.<\/a><\/p>\n<p style=\"text-align: justify;\">Kaynak: http:\/\/www.sabah.com.tr<\/p>\n","protected":false},"excerpt":{"rendered":"<p>G\u00fczel Atlar diyar\u0131 Kapadokya&#8216;da, \u00dcrg\u00fcp&#8216;e tepeden bakan yerle\u015fkede, bilgi ve belgeyi tart\u0131\u015f\u0131yoruz. Ni\u011fde ve Ankara \u00dcniversitesi&#8217;nin ortakla\u015fa d\u00fczenledi\u011fi &#8220;Bilgi Eksenli Kuram ve Uygulamalar&#8221; sempozyumunda, sorgulay\u0131c\u0131 ve \u00e7\u00f6z\u00fcmleyici yakla\u015f\u0131mlar sunuluyor. D\u00fcn\u00fcn k\u00fct\u00fcphaneci kavram\u0131n\u0131n bilgi ve belge y\u00f6neticilerine d\u00f6n\u00fc\u015ft\u00fcr\u00fcld\u00fc\u011f\u00fc ortamda, acaba bu bilgi mabetlerinin ad\u0131ndan ba\u015fka de\u011fi\u015ftirilmesi gereken bir \u015feyler yok mu? devam\u0131 i\u00e7in t\u0131klay\u0131n\u0131z. Kaynak: http:\/\/www.sabah.com.tr<\/p>\n","protected":false},"author":1,"featured_media":0,"comment_status":"open","ping_status":"open","sticky":false,"template":"","format":"standard","meta":{"footnotes":""},"categories":[299,1],"tags":[],"class_list":["post-4946","post","type-post","status-publish","format-standard","hentry","category-bilgi-yonetimi-2","category-genel"],"_links":{"self":[{"href":"https:\/\/www.bbyhaber.com\/bby\/wp-json\/wp\/v2\/posts\/4946"}],"collection":[{"href":"https:\/\/www.bbyhaber.com\/bby\/wp-json\/wp\/v2\/posts"}],"about":[{"href":"https:\/\/www.bbyhaber.com\/bby\/wp-json\/wp\/v2\/types\/post"}],"author":[{"embeddable":true,"href":"https:\/\/www.bbyhaber.com\/bby\/wp-json\/wp\/v2\/users\/1"}],"replies":[{"embeddable":true,"href":"https:\/\/www.bbyhaber.com\/bby\/wp-json\/wp\/v2\/comments?post=4946"}],"version-history":[{"count":0,"href":"https:\/\/www.bbyhaber.com\/bby\/wp-json\/wp\/v2\/posts\/4946\/revisions"}],"wp:attachment":[{"href":"https:\/\/www.bbyhaber.com\/bby\/wp-json\/wp\/v2\/media?parent=4946"}],"wp:term":[{"taxonomy":"category","embeddable":true,"href":"https:\/\/www.bbyhaber.com\/bby\/wp-json\/wp\/v2\/categories?post=4946"},{"taxonomy":"post_tag","embeddable":true,"href":"https:\/\/www.bbyhaber.com\/bby\/wp-json\/wp\/v2\/tags?post=4946"}],"curies":[{"name":"wp","href":"https:\/\/api.w.org\/{rel}","templated":true}]}}