{"id":4834,"date":"2012-05-30T11:23:55","date_gmt":"2012-05-30T11:23:55","guid":{"rendered":"http:\/\/www.bbyhaber.com\/bby\/?p=4834"},"modified":"2013-03-06T11:57:28","modified_gmt":"2013-03-06T09:57:28","slug":"tkd-baskaninin-toplu-sozlesme-ve-teknik-hizmetler-karari-hakkindaki-aciklamasi","status":"publish","type":"post","link":"https:\/\/www.bbyhaber.com\/bby\/2012\/05\/30\/tkd-baskaninin-toplu-sozlesme-ve-teknik-hizmetler-karari-hakkindaki-aciklamasi","title":{"rendered":"TKD Ba\u015fkan\u0131n\u0131n Toplu S\u00f6zle\u015fme ve Teknik Hizmetler Karar\u0131 Hakk\u0131ndaki A\u00e7\u0131klamas\u0131"},"content":{"rendered":"<p style=\"text-align: justify;\">Bildi\u011finiz gibi Memur Sendikalar\u0131 ile H\u00fck\u00fcmet Aras\u0131ndaki Toplu S\u00f6zle\u015fme G\u00f6r\u00fc\u015fmeleri tamamlanm\u0131\u015f ve anla\u015fma sa\u011flanmad\u0131\u011f\u0131 i\u00e7in konu, Kamu G\u00f6revlileri Hakem Kuruluna gitmi\u015fti. D\u00fcn ak\u015fam g\u00f6r\u00fc\u015fmeler tamamland\u0131. Daha \u00f6nce de sizlerle payla\u015ft\u0131\u011f\u0131m gibi bu s\u00fcre\u00e7te bizi zam oranlar\u0131n\u0131n belirlenmesinin yan\u0131 s\u0131ra, teknik hizmetler s\u0131n\u0131f\u0131nda hangi bentte yer alaca\u011f\u0131m\u0131z\u0131n konusu da g\u00f6r\u00fc\u015f\u00fclecekti. Bug\u00fcn Maliye Bakanl\u0131\u011f\u0131 ile toplant\u0131 sonu\u00e7lar\u0131n\u0131 tekrar g\u00f6r\u00fc\u015ft\u00fcm:<!--more--><\/p>\n<p style=\"text-align: justify;\">K\u00fct\u00fcphaneciler olarak D bendine al\u0131nd\u0131k. D bendi karar\u0131 y\u0131lba\u015f\u0131ndan ge\u00e7erli olmak \u00fczere kabul edildi. B\u00f6ylece \u00f6zellikle \u00fcniversitelerde ve baz\u0131 kamu kurumlar\u0131nda zaml\u0131 \u00fccret alamayan arkada\u015flar Ocak ay\u0131ndan itibaren zam farklar\u0131n\u0131 alabilecekler. Yine zaml\u0131 maa\u015f al\u0131p da \u00fccretleri kesilenler ya da geri al\u0131nanlar bu \u00fccretlerini geri alabilecekler. Al\u0131nan kararlar Kamu G\u00f6revlileri Hakem Kurulu karar\u0131 olarak birka\u00e7 g\u00fcn i\u00e7erisinde Resmi Gazetede yay\u0131mland\u0131ktan sonra y\u00fcr\u00fcrl\u00fc\u011fe girecek.<br \/>\nSayg\u0131lar\u0131mla.<\/p>\n<p style=\"text-align: justify;\">Ali Fuat Kartal<br \/>\nTKD Genel Ba\u015fkan\u0131<\/p>\n","protected":false},"excerpt":{"rendered":"<p>Bildi\u011finiz gibi Memur Sendikalar\u0131 ile H\u00fck\u00fcmet Aras\u0131ndaki Toplu S\u00f6zle\u015fme G\u00f6r\u00fc\u015fmeleri tamamlanm\u0131\u015f ve anla\u015fma sa\u011flanmad\u0131\u011f\u0131 i\u00e7in konu, Kamu G\u00f6revlileri Hakem Kuruluna gitmi\u015fti. D\u00fcn ak\u015fam g\u00f6r\u00fc\u015fmeler tamamland\u0131. Daha \u00f6nce de sizlerle payla\u015ft\u0131\u011f\u0131m gibi bu s\u00fcre\u00e7te bizi zam oranlar\u0131n\u0131n belirlenmesinin yan\u0131 s\u0131ra, teknik hizmetler s\u0131n\u0131f\u0131nda hangi bentte yer alaca\u011f\u0131m\u0131z\u0131n konusu da g\u00f6r\u00fc\u015f\u00fclecekti. Bug\u00fcn Maliye Bakanl\u0131\u011f\u0131 ile toplant\u0131 sonu\u00e7lar\u0131n\u0131 [&hellip;]<\/p>\n","protected":false},"author":1,"featured_media":0,"comment_status":"open","ping_status":"open","sticky":false,"template":"","format":"standard","meta":{"footnotes":""},"categories":[1474,1505],"tags":[1398,51,50],"class_list":["post-4834","post","type-post","status-publish","format-standard","hentry","category-ali-fuat-kartal","category-teknik-kadro","tag-bby-ozluk-haklari","tag-teknik-kadro-kutuphaneci","tag-ths-kutuphaneci"],"_links":{"self":[{"href":"https:\/\/www.bbyhaber.com\/bby\/wp-json\/wp\/v2\/posts\/4834"}],"collection":[{"href":"https:\/\/www.bbyhaber.com\/bby\/wp-json\/wp\/v2\/posts"}],"about":[{"href":"https:\/\/www.bbyhaber.com\/bby\/wp-json\/wp\/v2\/types\/post"}],"author":[{"embeddable":true,"href":"https:\/\/www.bbyhaber.com\/bby\/wp-json\/wp\/v2\/users\/1"}],"replies":[{"embeddable":true,"href":"https:\/\/www.bbyhaber.com\/bby\/wp-json\/wp\/v2\/comments?post=4834"}],"version-history":[{"count":0,"href":"https:\/\/www.bbyhaber.com\/bby\/wp-json\/wp\/v2\/posts\/4834\/revisions"}],"wp:attachment":[{"href":"https:\/\/www.bbyhaber.com\/bby\/wp-json\/wp\/v2\/media?parent=4834"}],"wp:term":[{"taxonomy":"category","embeddable":true,"href":"https:\/\/www.bbyhaber.com\/bby\/wp-json\/wp\/v2\/categories?post=4834"},{"taxonomy":"post_tag","embeddable":true,"href":"https:\/\/www.bbyhaber.com\/bby\/wp-json\/wp\/v2\/tags?post=4834"}],"curies":[{"name":"wp","href":"https:\/\/api.w.org\/{rel}","templated":true}]}}