{"id":4811,"date":"2012-05-29T11:25:08","date_gmt":"2012-05-29T11:25:08","guid":{"rendered":"http:\/\/www.bbyhaber.com\/bby\/?p=4811"},"modified":"2012-09-07T12:59:42","modified_gmt":"2012-09-07T09:59:42","slug":"halk-kutuphaneleri-2012-fatsa-bolge-semineri-degerlendirme-prof-dr-bulent-yilmaz","status":"publish","type":"post","link":"https:\/\/www.bbyhaber.com\/bby\/2012\/05\/29\/halk-kutuphaneleri-2012-fatsa-bolge-semineri-degerlendirme-prof-dr-bulent-yilmaz","title":{"rendered":"Halk K\u00fct\u00fcphaneleri 2012 Fatsa B\u00f6lge Semineri De\u011ferlendirme-Prof.Dr.B\u00fclent Y\u0131lmaz"},"content":{"rendered":"<p style=\"text-align: justify;\">2006 y\u0131l\u0131ndan bu yana KYGM,\u00a0 Goethe Enstit\u00fcs\u00fc, TKD ve Hacettepe \u00dcniversitesi Bilgi ve Belge Y\u00f6netimi B\u00f6l\u00fcm\u00fc i\u015fbirli\u011fi ile s\u00fcrd\u00fcr\u00fclen Halk K\u00fct\u00fcphaneleri B\u00f6lge Seminerleri dizisinin Orta\/Do\u011fu Karadeniz-Do\u011fu Anadolu semineri 25-26 May\u0131s 2012 tarihlerinde Fatsa\u2019da ger\u00e7ekle\u015ftirilmi\u015ftir. \u201c\u00c7ocuk k\u00fct\u00fcphaneleri ve k\u00fct\u00fcphanecili\u011fi\u201d ile \u201c\u00c7ocuk edebiyat\u0131 ve yay\u0131nc\u0131l\u0131\u011f\u0131\u201d konular\u0131n\u0131n i\u015flendi\u011fi seminere Giresun, Trabzon, Rize, Artvin, Ardahan, Kars, G\u00fcm\u00fc\u015fhane, Erzincan, Erzurum ve I\u011fd\u0131r\u2019dan halk k\u00fct\u00fcphanecileri,<!--more--> KYGM\u2019den Semra At\u0131n\u00e7 ve Dide Kara\u015fahin, Goethe Enstit\u00fcs\u00fc\u2019nden Nico Sandfuchs, TKD\u2019den Ali Fuat Kartal, Ayd\u0131n \u0130leri, Ordu Kaymakam\u0131, \u0130l K\u00fclt\u00fcr ve Turizm M\u00fcd\u00fcr Yard\u0131mc\u0131s\u0131, G\u00fcn\u0131\u015f\u0131\u011f\u0131 Kitapl\u0131\u011f\u0131\u2019ndan Deniz Demirta\u015f, yazar Suzan Gerid\u00f6nmez ve Prof. Dr. B\u00fclent Y\u0131lmaz olmak \u00fczere 34 ki\u015fi kat\u0131lm\u0131\u015ft\u0131r. \u0130lk kez bir il\u00e7ede ger\u00e7ekle\u015ftirilen seminerde sunumlar, \u00e7al\u0131\u015ftay, k\u00fct\u00fcphane inceleme gezisi ve sosyal etkinli\u011fiyle son derece verimli ge\u00e7mi\u015ftir. Fatsa \u0130l\u00e7e Halk K\u00fct\u00fcphanesi M\u00fcd\u00fcr\u00fc Muhammed Uzun ve ekibinin ev sahipli\u011fi ve konukseverli\u011fi ile seminer organizasyonu da ba\u015far\u0131l\u0131 olmu\u015ftur.<\/p>\n<p style=\"text-align: justify;\">Bilginize sunulur.<\/p>\n<p style=\"text-align: justify;\">Sayg\u0131lar\u0131m\u0131zla,<\/p>\n<p style=\"text-align: justify;\">Prof.Dr.B\u00fclent Y\u0131lmaz<\/p>\n<ul>\n<li><strong>2011 y\u0131l\u0131nda ger\u00e7ekle\u015ftirilen halk k\u00fct\u00fcphaneleri b\u00f6lge semineri-\u015eanl\u0131urfa TV program\u0131:<\/strong><\/li>\n<\/ul>\n<p><iframe loading=\"lazy\" src=\"http:\/\/www.youtube.com\/embed\/kcfSjON-zZg\" frameborder=\"0\" width=\"420\" height=\"315\"><\/iframe><\/p>\n","protected":false},"excerpt":{"rendered":"<p>2006 y\u0131l\u0131ndan bu yana KYGM,\u00a0 Goethe Enstit\u00fcs\u00fc, TKD ve Hacettepe \u00dcniversitesi Bilgi ve Belge Y\u00f6netimi B\u00f6l\u00fcm\u00fc i\u015fbirli\u011fi ile s\u00fcrd\u00fcr\u00fclen Halk K\u00fct\u00fcphaneleri B\u00f6lge Seminerleri dizisinin Orta\/Do\u011fu Karadeniz-Do\u011fu Anadolu semineri 25-26 May\u0131s 2012 tarihlerinde Fatsa\u2019da ger\u00e7ekle\u015ftirilmi\u015ftir. \u201c\u00c7ocuk k\u00fct\u00fcphaneleri ve k\u00fct\u00fcphanecili\u011fi\u201d ile \u201c\u00c7ocuk edebiyat\u0131 ve yay\u0131nc\u0131l\u0131\u011f\u0131\u201d konular\u0131n\u0131n i\u015flendi\u011fi seminere Giresun, Trabzon, Rize, Artvin, Ardahan, Kars, G\u00fcm\u00fc\u015fhane, Erzincan, Erzurum [&hellip;]<\/p>\n","protected":false},"author":1,"featured_media":0,"comment_status":"open","ping_status":"open","sticky":false,"template":"","format":"standard","meta":{"footnotes":""},"categories":[1576,1502],"tags":[848],"class_list":["post-4811","post","type-post","status-publish","format-standard","hentry","category-halk-kutuphaneleri-bolge-seminerleri","category-prof-dr-bulent-yilmaz","tag-halk-kutuphaneleri"],"_links":{"self":[{"href":"https:\/\/www.bbyhaber.com\/bby\/wp-json\/wp\/v2\/posts\/4811"}],"collection":[{"href":"https:\/\/www.bbyhaber.com\/bby\/wp-json\/wp\/v2\/posts"}],"about":[{"href":"https:\/\/www.bbyhaber.com\/bby\/wp-json\/wp\/v2\/types\/post"}],"author":[{"embeddable":true,"href":"https:\/\/www.bbyhaber.com\/bby\/wp-json\/wp\/v2\/users\/1"}],"replies":[{"embeddable":true,"href":"https:\/\/www.bbyhaber.com\/bby\/wp-json\/wp\/v2\/comments?post=4811"}],"version-history":[{"count":0,"href":"https:\/\/www.bbyhaber.com\/bby\/wp-json\/wp\/v2\/posts\/4811\/revisions"}],"wp:attachment":[{"href":"https:\/\/www.bbyhaber.com\/bby\/wp-json\/wp\/v2\/media?parent=4811"}],"wp:term":[{"taxonomy":"category","embeddable":true,"href":"https:\/\/www.bbyhaber.com\/bby\/wp-json\/wp\/v2\/categories?post=4811"},{"taxonomy":"post_tag","embeddable":true,"href":"https:\/\/www.bbyhaber.com\/bby\/wp-json\/wp\/v2\/tags?post=4811"}],"curies":[{"name":"wp","href":"https:\/\/api.w.org\/{rel}","templated":true}]}}