{"id":4775,"date":"2012-05-28T11:08:15","date_gmt":"2012-05-28T11:08:15","guid":{"rendered":"http:\/\/www.bbyhaber.com\/bby\/?p=4775"},"modified":"2012-05-28T11:08:32","modified_gmt":"2012-05-28T11:08:32","slug":"turgut-reis-kutuphanesi-hizmete-acildi-kahramanmaras","status":"publish","type":"post","link":"https:\/\/www.bbyhaber.com\/bby\/2012\/05\/28\/turgut-reis-kutuphanesi-hizmete-acildi-kahramanmaras","title":{"rendered":"Turgut Reis Halk K\u00fct\u00fcphanesi Hizmete A\u00e7\u0131ld\u0131-Kahramanmara\u015f"},"content":{"rendered":"<p style=\"text-align: justify;\"><a href=\"http:\/\/www.kahramanmaras.bel.tr\/images\/stories\/flexicontent\/l_flash-650.jpg\"><img loading=\"lazy\" decoding=\"async\" class=\"alignleft\" src=\"http:\/\/www.kahramanmaras.bel.tr\/images\/stories\/flexicontent\/l_flash-650.jpg\" alt=\"\" width=\"260\" height=\"178\" \/><\/a>Vali \u015e\u00fckr\u00fc Kocatepe yapt\u0131\u011f\u0131 konu\u015fmas\u0131nda: \u201cKahramanmara\u015f\u2019\u0131n b\u00fcy\u00fck\u015fehir olmas\u0131nda Belediyenin sosyal-k\u00fclt\u00fcrel hizmetlere \u00f6nc\u00fcl\u00fck etmesinin de b\u00fcy\u00fck pay\u0131 vard\u0131r\u201d dedi.Kahramanmara\u015f Belediyesi, bu y\u0131l ilk defa d\u00fczenledi\u011fi \u015eiir Festivali etkinlikleri \u00e7er\u00e7evesince Turgut Reis Halk K\u00fct\u00fcphanesini hizmete a\u00e7t\u0131.<!--more--><\/p>\n<p style=\"text-align: justify;\">Barbaros Mahallesi ve \u00e7evresindeki di\u011fer mahallelere de hizmet verecek olan Turgut Reis Halk K\u00fct\u00fcphanesi\u2019nin a\u00e7\u0131l\u0131\u015f t\u00f6renine Vali \u015e\u00fckr\u00fc Kocatepe, Belediye Ba\u015fkan\u0131 Mustafa Poyraz, Ba\u015fkan Yard\u0131mc\u0131lar\u0131 Cevdet Kabakc\u0131, Mustafa Uzunlar, T\u00fcrkiye Yazarlar Birli\u011fi Ba\u015fkan\u0131 Mehmet Do\u011fan, baz\u0131 daire m\u00fcd\u00fcrleri ile belediye meclis \u00fcyeleri, belediye birim m\u00fcd\u00fcrleri, mahalle muhtarlar\u0131 ve mahalle sakinleri ile \u015fehrimize di\u011fer illerden gelen \u015fairler ve bas\u0131n mensuplar\u0131 kat\u0131ld\u0131lar.<\/p>\n<p style=\"text-align: justify;\">Belediye Bandosu e\u015fli\u011finde sayg\u0131 duru\u015fu ve \u0130stiklal Mar\u015f\u0131\u2019n\u0131n okunmas\u0131n\u0131n ard\u0131ndan a\u00e7\u0131l\u0131\u015f konu\u015fmas\u0131n\u0131 yapmak \u00fczere k\u00fcrs\u00fcye gelen Belediye Ba\u015fkan\u0131 Mustafa Poyraz, belediye olarak e\u011fitime ve k\u00fclt\u00fcre a\u011f\u0131rl\u0131k verdiklerini ifade ederek: \u201cBiz inan\u0131yoruz ki bug\u00fcn\u00fcn \u00e7ocuklar\u0131 yar\u0131nlar\u0131m\u0131z\u0131n y\u00f6neticileri olacak.Yar\u0131n bu \u00fclkede onlar s\u00f6z sahibi olacaklar. Ne kadar iyi yeti\u015firlerse, ne kadar iyi e\u011fitim al\u0131rlarsa \u00fclkemiz i\u00e7in o kadar iyi olur. Bug\u00fcn burada 7. k\u00fct\u00fcphanemizi hizmete a\u00e7\u0131yoruz.<\/p>\n<p style=\"text-align: justify;\">23-28 May\u0131s 2012 tarihleri aras\u0131nda ilk defa d\u00fczenleyece\u011fimiz \u015fiir festivalinin a\u00e7\u0131l\u0131\u015f\u0131na buradan start veriyoruz. \u015eiir festivali i\u00e7in ilimize gelen misafirlerimize ve davetimize icabet ederek bizleri yaln\u0131z b\u0131rakmayan protokol mensuplar\u0131m\u0131za ve de\u011ferli kat\u0131l\u0131mc\u0131lar\u0131m\u0131za ho\u015f geldiniz diyor, sayg\u0131lar sunuyorum\u201d diye konu\u015ftu.Daha sora k\u00fcrs\u00fcye gelen Vali \u015e\u00fckr\u00fc Kocatepe ise yapt\u0131\u011f\u0131 konu\u015fmas\u0131nda, Kahramanmara\u015f Belediyesini takdir etti\u011fini s\u00f6yledi.<\/p>\n<p style=\"text-align: justify;\">Vali Kocatepe yapt\u0131\u011f\u0131 konu\u015fmas\u0131nda: \u201cKahramanmara\u015f\u2019\u0131n b\u00fcy\u00fck\u015fehir olma hakk\u0131 sadece n\u00fcfusu, ekonomisi gibi de\u011ferlerinin y\u00fcksek olu\u015fundan de\u011fil ayn\u0131 zamanda Belediyenin sosyal-k\u00fclt\u00fcrel hizmetlere \u00f6nc\u00fcl\u00fck etmesinin de b\u00fcy\u00fck pay\u0131 vard\u0131r.Belediye bu t\u00fcr hizmet binalar\u0131n\u0131 k\u0131sa s\u00fcrede yaparak hizmete a\u00e7mas\u0131 sonucu hem k\u00fct\u00fcphane ihtiyac\u0131, hem de taziye evi ihtiyac\u0131 kar\u015f\u0131lan\u0131yor ve ayr\u0131ca da itfaiye grup binas\u0131 olarak kullan\u0131l\u0131yor.<\/p>\n<p style=\"text-align: justify;\">Kahramanmara\u015f Belediyesi bug\u00fcn s\u0131radan belediye hizmetlerinin yan\u0131 s\u0131ra sosyal ve k\u00fclt\u00fcrel alanda da bir\u00e7ok ba\u015far\u0131lara imza atm\u0131\u015ft\u0131r. B en buradan Kahramanmara\u015f Belediye Ba\u015fkan\u0131 Mustafa Poyraz ve ekibini kutluyor, ba\u015far\u0131lar\u0131n\u0131n devam\u0131n\u0131 diliyorum\u201d dedi.A\u00e7\u0131l\u0131\u015f konu\u015fmalar\u0131n\u0131n ard\u0131ndan hep birlikte a\u00e7\u0131l\u0131\u015f kurdelesi kesilerek k\u00fct\u00fcphane gezildi.<\/p>\n<p style=\"text-align: justify;\">Kaynak: http:\/\/www.kahramanmaras.bel.tr\/<\/p>\n","protected":false},"excerpt":{"rendered":"<p>Vali \u015e\u00fckr\u00fc Kocatepe yapt\u0131\u011f\u0131 konu\u015fmas\u0131nda: \u201cKahramanmara\u015f\u2019\u0131n b\u00fcy\u00fck\u015fehir olmas\u0131nda Belediyenin sosyal-k\u00fclt\u00fcrel hizmetlere \u00f6nc\u00fcl\u00fck etmesinin de b\u00fcy\u00fck pay\u0131 vard\u0131r\u201d dedi.Kahramanmara\u015f Belediyesi, bu y\u0131l ilk defa d\u00fczenledi\u011fi \u015eiir Festivali etkinlikleri \u00e7er\u00e7evesince Turgut Reis Halk K\u00fct\u00fcphanesini hizmete a\u00e7t\u0131.<\/p>\n","protected":false},"author":1,"featured_media":0,"comment_status":"open","ping_status":"open","sticky":false,"template":"","format":"standard","meta":{"footnotes":""},"categories":[1],"tags":[848],"class_list":["post-4775","post","type-post","status-publish","format-standard","hentry","category-genel","tag-halk-kutuphaneleri"],"_links":{"self":[{"href":"https:\/\/www.bbyhaber.com\/bby\/wp-json\/wp\/v2\/posts\/4775"}],"collection":[{"href":"https:\/\/www.bbyhaber.com\/bby\/wp-json\/wp\/v2\/posts"}],"about":[{"href":"https:\/\/www.bbyhaber.com\/bby\/wp-json\/wp\/v2\/types\/post"}],"author":[{"embeddable":true,"href":"https:\/\/www.bbyhaber.com\/bby\/wp-json\/wp\/v2\/users\/1"}],"replies":[{"embeddable":true,"href":"https:\/\/www.bbyhaber.com\/bby\/wp-json\/wp\/v2\/comments?post=4775"}],"version-history":[{"count":0,"href":"https:\/\/www.bbyhaber.com\/bby\/wp-json\/wp\/v2\/posts\/4775\/revisions"}],"wp:attachment":[{"href":"https:\/\/www.bbyhaber.com\/bby\/wp-json\/wp\/v2\/media?parent=4775"}],"wp:term":[{"taxonomy":"category","embeddable":true,"href":"https:\/\/www.bbyhaber.com\/bby\/wp-json\/wp\/v2\/categories?post=4775"},{"taxonomy":"post_tag","embeddable":true,"href":"https:\/\/www.bbyhaber.com\/bby\/wp-json\/wp\/v2\/tags?post=4775"}],"curies":[{"name":"wp","href":"https:\/\/api.w.org\/{rel}","templated":true}]}}