{"id":4729,"date":"2012-05-25T18:36:14","date_gmt":"2012-05-25T18:36:14","guid":{"rendered":"http:\/\/www.bbyhaber.com\/bby\/?p=4729"},"modified":"2012-05-25T18:36:27","modified_gmt":"2012-05-25T18:36:27","slug":"inegol-belediyesinden-koy-okuluna-kutuphane","status":"publish","type":"post","link":"https:\/\/www.bbyhaber.com\/bby\/2012\/05\/25\/inegol-belediyesinden-koy-okuluna-kutuphane","title":{"rendered":"\u0130neg\u00f6l Belediyesi\u2019nden k\u00f6y okuluna k\u00fct\u00fcphane"},"content":{"rendered":"<p style=\"text-align: justify;\">\u0130neg\u00f6l Belediyesi\u2019nin e\u011fitim ve sa\u011fl\u0131k alan\u0131nda verdi\u011fi destekler kapsam\u0131nda Deydinler K\u00f6y\u00fc \u0130lk\u00f6\u011fretim Okulu\u2019na k\u00fct\u00fcphane kazand\u0131rd\u0131. A\u00e7\u0131l\u0131\u015fta konu\u015fan Okul M\u00fcd\u00fcr\u00fc Ahmet Demir, k\u00fct\u00fcphanenin onlar i\u00e7in \u00e7ok \u00f6zel bir yat\u0131r\u0131m oldu\u011funu ve olu\u015fturulan bu nezih ortam ile \u00e7ocuklara kitap okuma al\u0131\u015fkanl\u0131\u011f\u0131n\u0131 kazand\u0131rmaya \u00e7al\u0131\u015facaklar\u0131n\u0131 belirterek, desteklerinden dolay\u0131 \u0130neg\u00f6l Belediyesi ve Belediye Ba\u015fkan\u0131 Alinur Akta\u015f\u2019a te\u015fekk\u00fcr etti.<!--more--><\/p>\n<p style=\"text-align: justify;\">\u0130neg\u00f6l Belediye Ba\u015fkan\u0131 Alinur Akta\u015f ise belediye olarak, en \u00e7ok hizmet verilen, en \u00e7ok bilgi ve i\u015f payla\u015f\u0131m\u0131nda bulunulan camian\u0131n Milli E\u011fitim camias\u0131 oldu\u011funu belirtti. Ba\u015fkan Akta\u015f \u00e7evre d\u00fczenlemesi, onar\u0131m ve malzeme deste\u011fi gibi okullardan gelen talepleri imk\u00e2nlar d\u00e2hilinde ger\u00e7ekle\u015ftirdiklerini s\u00f6yledi.<\/p>\n<p style=\"text-align: justify;\">Deydinler K\u00f6y\u00fc \u0130lk\u00f6\u011fretim Okulu\u2019ndan gelen talep do\u011frultusunda da okula k\u00fct\u00fcphane olu\u015fturulmas\u0131 ile alakal\u0131 destekte bulunduklar\u0131n\u0131 s\u00f6yleyen Akta\u015f, bug\u00fcne kadar aktif halde kullan\u0131lmayan, ortam ve donan\u0131m bak\u0131m\u0131ndan yetersiz olan okul k\u00fct\u00fcphanesine, 21 sandalye, 6 masa, 8 adet rafl\u0131 kitapl\u0131k ve 250 kitap ile k\u00fct\u00fcphane kap\u0131s\u0131, perdesi ve boya-badanas\u0131n\u0131 yapmak sureti ile yeniden imar ettiklerini belirtti.<\/p>\n<p style=\"text-align: justify;\">\u201cB\u00fct\u00fcn bu \u00e7abam\u0131z ahlakl\u0131, e\u011fitimli, sa\u011fl\u0131kl\u0131 ve bilin\u00e7li bir toplum yeti\u015ftirebilmek i\u00e7indir.\u201d diyen Ba\u015fkan Akta\u015f, k\u00fct\u00fcphanenin toplam maliyetinin 7 bin 500 lira oldu\u011funu kaydetti. Yap\u0131lan konu\u015fmalar\u0131n ard\u0131ndan Okul M\u00fcd\u00fcr\u00fc Ahmet Demir, Belediye Ba\u015fkan\u0131 Alinur Akta\u015f\u2019a desteklerinden dolay\u0131 plaket takdim etti. T\u00f6renin ard\u0131ndan Ba\u015fkan Akta\u015f, \u00f6\u011frencilerle s\u00f6yleyi\u015fi yapt\u0131.<\/p>\n<p style=\"text-align: justify;\">Kaynak: http:\/\/www.kentgazetesi.com\/<\/p>\n","protected":false},"excerpt":{"rendered":"<p>\u0130neg\u00f6l Belediyesi\u2019nin e\u011fitim ve sa\u011fl\u0131k alan\u0131nda verdi\u011fi destekler kapsam\u0131nda Deydinler K\u00f6y\u00fc \u0130lk\u00f6\u011fretim Okulu\u2019na k\u00fct\u00fcphane kazand\u0131rd\u0131. A\u00e7\u0131l\u0131\u015fta konu\u015fan Okul M\u00fcd\u00fcr\u00fc Ahmet Demir, k\u00fct\u00fcphanenin onlar i\u00e7in \u00e7ok \u00f6zel bir yat\u0131r\u0131m oldu\u011funu ve olu\u015fturulan bu nezih ortam ile \u00e7ocuklara kitap okuma al\u0131\u015fkanl\u0131\u011f\u0131n\u0131 kazand\u0131rmaya \u00e7al\u0131\u015facaklar\u0131n\u0131 belirterek, desteklerinden dolay\u0131 \u0130neg\u00f6l Belediyesi ve Belediye Ba\u015fkan\u0131 Alinur Akta\u015f\u2019a te\u015fekk\u00fcr etti.<\/p>\n","protected":false},"author":1,"featured_media":0,"comment_status":"open","ping_status":"open","sticky":false,"template":"","format":"standard","meta":{"footnotes":""},"categories":[1],"tags":[],"class_list":["post-4729","post","type-post","status-publish","format-standard","hentry","category-genel"],"_links":{"self":[{"href":"https:\/\/www.bbyhaber.com\/bby\/wp-json\/wp\/v2\/posts\/4729"}],"collection":[{"href":"https:\/\/www.bbyhaber.com\/bby\/wp-json\/wp\/v2\/posts"}],"about":[{"href":"https:\/\/www.bbyhaber.com\/bby\/wp-json\/wp\/v2\/types\/post"}],"author":[{"embeddable":true,"href":"https:\/\/www.bbyhaber.com\/bby\/wp-json\/wp\/v2\/users\/1"}],"replies":[{"embeddable":true,"href":"https:\/\/www.bbyhaber.com\/bby\/wp-json\/wp\/v2\/comments?post=4729"}],"version-history":[{"count":0,"href":"https:\/\/www.bbyhaber.com\/bby\/wp-json\/wp\/v2\/posts\/4729\/revisions"}],"wp:attachment":[{"href":"https:\/\/www.bbyhaber.com\/bby\/wp-json\/wp\/v2\/media?parent=4729"}],"wp:term":[{"taxonomy":"category","embeddable":true,"href":"https:\/\/www.bbyhaber.com\/bby\/wp-json\/wp\/v2\/categories?post=4729"},{"taxonomy":"post_tag","embeddable":true,"href":"https:\/\/www.bbyhaber.com\/bby\/wp-json\/wp\/v2\/tags?post=4729"}],"curies":[{"name":"wp","href":"https:\/\/api.w.org\/{rel}","templated":true}]}}