{"id":4641,"date":"2012-05-24T13:00:29","date_gmt":"2012-05-24T13:00:29","guid":{"rendered":"http:\/\/www.bbyhaber.com\/bby\/?p=4641"},"modified":"2012-09-07T12:59:51","modified_gmt":"2012-09-07T09:59:51","slug":"halk-kutuphanecileri-bolge-semineri-ordufatsada-yapilacak","status":"publish","type":"post","link":"https:\/\/www.bbyhaber.com\/bby\/2012\/05\/24\/halk-kutuphanecileri-bolge-semineri-ordufatsada-yapilacak","title":{"rendered":"Halk k\u00fct\u00fcphaneleri b\u00f6lge semineri-Ordu\/Fatsa"},"content":{"rendered":"<p style=\"text-align: justify;\">Halk K\u00fct\u00fcphanecileri B\u00f6lge Seminerinin <strong><span style=\"color: #0000ff;\">18.si, 25-26 May\u0131s 2012<\/span><\/strong> tarihinde, Ordu&#8217;nun Fatsa il\u00e7esinde Fatsa \u0130l\u00e7e Halk K\u00fct\u00fcphanesi&#8217;nin ev sahipli\u011finde ger\u00e7ekle\u015fecek. Halk K\u00fct\u00fcphaneleri B\u00f6lge Seminerleri, halk k\u00fct\u00fcphanesi \u00e7al\u0131\u015fanlar\u0131n\u0131n bilgilerinin yenilenmesi, bilgi toplumunun yeniliklerinden haberdar olmas\u0131, iyi uygulama yap\u0131lan k\u00fct\u00fcphanelerle deneyim payla\u015f\u0131m\u0131, meslek elemanlar\u0131yla i\u015fbirli\u011fi, k\u00fct\u00fcphanecilerin moral motivasyonu, di\u011fer disiplinlerle mesleki i\u015fbirlikleri ve yeni kavramlar\u0131n \u00f6\u011frenilmesine amac\u0131yla ger\u00e7ekle\u015ftirilmektedir.<!--more--><\/p>\n<p style=\"text-align: justify;\">Halk K\u00fct\u00fcphaneleri B\u00f6lge Seminerleri T\u00fcrkiye\u201fdeki halk k\u00fct\u00fcphanecileri i\u00e7in bir yeniden e\u011fitim ya da de\u011fi\u015fikliklere uyarlama ve geli\u015ftirme e\u011fitimi, bilgi tazeleme e\u011fitimi ve\/veya tamamlama e\u011fitimi olarak tasarlanm\u0131\u015ft\u0131r. 2006 y\u0131l\u0131ndan bu yana s\u00fcrd\u00fcr\u00fclen Halk K\u00fct\u00fcphaneleri B\u00f6lge Seminerleri \u201c\u00c7ocuk K\u00fct\u00fcphaneleri ve K\u00fct\u00fcphanecili\u011fi\u201d \u201c\u00c7ocuk Yay\u0131nlar\u0131 ve Yay\u0131nc\u0131l\u0131\u011f\u0131\u201d ve \u201cAlmanya \u00c7ocuk K\u00fct\u00fcphaneleri\u201d temalar\u0131yla, T.C K\u00fclt\u00fcr ve Turizm Bakanl\u0131\u011f\u0131 K\u00fct\u00fcphaneler Yay\u0131mlar Genel M\u00fcd\u00fcrl\u00fc\u011f\u00fc, T\u00fcrkiye\u2019deki Goethe Enstit\u00fcleri, T\u00fcrk K\u00fct\u00fcphaneciler Derne\u011fi ve Hacettepe \u00dcniversitesi Bilgi ve Belge Y\u00f6netimi B\u00f6l\u00fcm\u00fc i\u015fbirli\u011fi ile yeni bir diziye ba\u015flanm\u0131\u015f ve ilk d\u00f6rt seminer Denizli, \u00c7anakkale, \u015eanl\u0131urfa ve Sinop\u2019da ger\u00e7ekle\u015ftirilmi\u015ftir.<\/p>\n<p style=\"text-align: justify;\">2011-2012 dizisinin be\u015finci semineri 25-26 May\u0131s 2012 tarihlerinde Ordu&#8217;nun Fatsa \u0130l\u00e7esinde, Fatsa \u0130l\u00e7e Halk K\u00fct\u00fcphanesinde ger\u00e7ekle\u015ftirilecektir. 25-26 May\u0131s 2012 tarihlerinde Ordu&#8217;nun Fatsa il\u00e7esinde ger\u00e7ekle\u015fecek 18. Halk K\u00fct\u00fcphanecileri B\u00f6lge Seminerine; Ardahan, Artvin, Erzincan, Erzurum, Giresun, G\u00fcm\u00fc\u015fhane, I\u011fd\u0131r, Kars, Ordu, Rize, Trabzon\u00a0 \u0130l ve \u0130l\u00e7e k\u00fct\u00fcphanelerinde \u00e7al\u0131\u015fan y\u00f6netici, k\u00fct\u00fcphaneci ve k\u00fct\u00fcphane \u00e7al\u0131\u015fanlar\u0131 kat\u0131lacak.<\/p>\n<p style=\"text-align: justify;\">Kaynak:<br \/>\nAyd\u0131n \u0130leri<br \/>\nT\u00fcrk K\u00fct\u00fcphaneciler Derne\u011fi Genel Ba\u015fkan Yard\u0131mc\u0131s\u0131<br \/>\n<a href=\"http:\/\/twitter.com\/aydinileri\" target=\"_blank\">http:\/\/twitter.com\/aydinileri<\/a><br \/>\n<a href=\"http:\/\/www.facebook.com\/profile.php?id=822177645\" target=\"_blank\">http:\/\/www.facebook.com\/profile.php?id=822177645<\/a><br \/>\n<a href=\"http:\/\/aydinileri.blogspot.com\/\" target=\"_blank\">http:\/\/aydinileri.blogspot.com\/<\/a><\/p>\n","protected":false},"excerpt":{"rendered":"<p>Halk K\u00fct\u00fcphanecileri B\u00f6lge Seminerinin 18.si, 25-26 May\u0131s 2012 tarihinde, Ordu&#8217;nun Fatsa il\u00e7esinde Fatsa \u0130l\u00e7e Halk K\u00fct\u00fcphanesi&#8217;nin ev sahipli\u011finde ger\u00e7ekle\u015fecek. Halk K\u00fct\u00fcphaneleri B\u00f6lge Seminerleri, halk k\u00fct\u00fcphanesi \u00e7al\u0131\u015fanlar\u0131n\u0131n bilgilerinin yenilenmesi, bilgi toplumunun yeniliklerinden haberdar olmas\u0131, iyi uygulama yap\u0131lan k\u00fct\u00fcphanelerle deneyim payla\u015f\u0131m\u0131, meslek elemanlar\u0131yla i\u015fbirli\u011fi, k\u00fct\u00fcphanecilerin moral motivasyonu, di\u011fer disiplinlerle mesleki i\u015fbirlikleri ve yeni kavramlar\u0131n \u00f6\u011frenilmesine amac\u0131yla ger\u00e7ekle\u015ftirilmektedir.<\/p>\n","protected":false},"author":1,"featured_media":0,"comment_status":"open","ping_status":"open","sticky":false,"template":"","format":"standard","meta":{"footnotes":""},"categories":[1576],"tags":[848],"class_list":["post-4641","post","type-post","status-publish","format-standard","hentry","category-halk-kutuphaneleri-bolge-seminerleri","tag-halk-kutuphaneleri"],"_links":{"self":[{"href":"https:\/\/www.bbyhaber.com\/bby\/wp-json\/wp\/v2\/posts\/4641"}],"collection":[{"href":"https:\/\/www.bbyhaber.com\/bby\/wp-json\/wp\/v2\/posts"}],"about":[{"href":"https:\/\/www.bbyhaber.com\/bby\/wp-json\/wp\/v2\/types\/post"}],"author":[{"embeddable":true,"href":"https:\/\/www.bbyhaber.com\/bby\/wp-json\/wp\/v2\/users\/1"}],"replies":[{"embeddable":true,"href":"https:\/\/www.bbyhaber.com\/bby\/wp-json\/wp\/v2\/comments?post=4641"}],"version-history":[{"count":0,"href":"https:\/\/www.bbyhaber.com\/bby\/wp-json\/wp\/v2\/posts\/4641\/revisions"}],"wp:attachment":[{"href":"https:\/\/www.bbyhaber.com\/bby\/wp-json\/wp\/v2\/media?parent=4641"}],"wp:term":[{"taxonomy":"category","embeddable":true,"href":"https:\/\/www.bbyhaber.com\/bby\/wp-json\/wp\/v2\/categories?post=4641"},{"taxonomy":"post_tag","embeddable":true,"href":"https:\/\/www.bbyhaber.com\/bby\/wp-json\/wp\/v2\/tags?post=4641"}],"curies":[{"name":"wp","href":"https:\/\/api.w.org\/{rel}","templated":true}]}}