{"id":4629,"date":"2012-05-23T19:07:26","date_gmt":"2012-05-23T19:07:26","guid":{"rendered":"http:\/\/www.bbyhaber.com\/bby\/?p=4629"},"modified":"2012-07-12T10:15:20","modified_gmt":"2012-07-12T10:15:20","slug":"75-yil-il-halk-kutuphanesi-mudurlugu-kullanicilarina-muzekart-hediye-etti","status":"publish","type":"post","link":"https:\/\/www.bbyhaber.com\/bby\/2012\/05\/23\/75-yil-il-halk-kutuphanesi-mudurlugu-kullanicilarina-muzekart-hediye-etti","title":{"rendered":"75.y\u0131l \u0130l Halk K\u00fct\u00fcphanesi M\u00fcd\u00fcrl\u00fc\u011f\u00fc Kullan\u0131c\u0131lar\u0131na M\u00fczekart Hediye Etti"},"content":{"rendered":"<p style=\"text-align: justify;\"><a href=\"http:\/\/www.bbyhaber.com\/bby\/wp-content\/uploads\/2012\/06\/muze-karti.jpg\"><img loading=\"lazy\" decoding=\"async\" class=\"alignleft\" src=\"http:\/\/www.bbyhaber.com\/bby\/wp-content\/uploads\/2012\/06\/muze-karti.jpg\" alt=\"\" width=\"298\" height=\"134\" \/><\/a><a href=\"http:\/\/www.kayserikutup.gov.tr\/\" target=\"_blank\">75. Y\u0131l \u0130l Halk K\u00fct\u00fcphanesi<\/a> M\u00fcd\u00fcrl\u00fc\u011f\u00fc, en \u00e7ok kitap okuyan, en \u00e7ok kitap \u00f6d\u00fcn\u00e7 alan ve k\u00fct\u00fcphaneyi en \u00e7ok kullanan okurlar\u0131na <a href=\"http:\/\/www.muzekart.com\/\" target=\"_blank\">M\u00fcze Kart<\/a> hediye etti. Erkiletli Mustafa Tarman K\u00fclt\u00fcr Merkezi&#8217;nde Beyza Nevruz, Tu\u011fba Bekli ve Cemal \u00d6zye\u011fen&#8217;e 75.Y\u0131l \u0130l Halk K\u00fct\u00fcphanesi M\u00fcd\u00fcr\u00fc Asl\u0131han Uygun taraf\u0131ndan M\u00fczekartlar&#8217;\u0131 en son \u00e7\u0131kan ve \u00e7ok okunan birer kitap ve Turizm tan\u0131t\u0131m bro\u015f\u00fcrleriyle birlikte hediye edildi.<!--more--><\/p>\n<p style=\"text-align: justify;\">75.Y\u0131l \u0130l Halk K\u00fct\u00fcphanesi M\u00fcd\u00fcr\u00fc Asl\u0131han Uygun, M\u00fczekart uygulamas\u0131 hakk\u0131nda bilgi verdi. Uygun, okurlar\u0131n M\u00fczekart ile T.C K\u00fclt\u00fcr ve Turizm Bakanl\u0131\u011f\u0131 kapsam\u0131ndaki 300&#8217;\u00fc a\u015fk\u0131n m\u00fcze ve \u00f6ren yerini gezebileceklerini s\u00f6yledi. S\u00f6z konusu uygulaman\u0131n yaln\u0131zca 1 y\u0131l\u0131 kapsad\u0131\u011f\u0131n\u0131 ifade eden Uygun, K\u00fct\u00fcphaneler ve Yay\u0131mlar Genel M\u00fcd\u00fcrl\u00fc\u011f\u00fc&#8217;n\u00fcn M\u00fczekart hediye say\u0131s\u0131n\u0131 art\u0131rarak, M\u00fczekart kullan\u0131m\u0131n\u0131 \u00f6zendirmeyi ve yayg\u0131nla\u015ft\u0131rmay\u0131 ama\u00e7lad\u0131\u011f\u0131n\u0131 s\u00f6zlerine ekledi.<\/p>\n<p style=\"text-align: justify;\">Kaynak: http:\/\/www.iha.com.tr<\/p>\n","protected":false},"excerpt":{"rendered":"<p>75. Y\u0131l \u0130l Halk K\u00fct\u00fcphanesi M\u00fcd\u00fcrl\u00fc\u011f\u00fc, en \u00e7ok kitap okuyan, en \u00e7ok kitap \u00f6d\u00fcn\u00e7 alan ve k\u00fct\u00fcphaneyi en \u00e7ok kullanan okurlar\u0131na M\u00fcze Kart hediye etti. Erkiletli Mustafa Tarman K\u00fclt\u00fcr Merkezi&#8217;nde Beyza Nevruz, Tu\u011fba Bekli ve Cemal \u00d6zye\u011fen&#8217;e 75.Y\u0131l \u0130l Halk K\u00fct\u00fcphanesi M\u00fcd\u00fcr\u00fc Asl\u0131han Uygun taraf\u0131ndan M\u00fczekartlar&#8217;\u0131 en son \u00e7\u0131kan ve \u00e7ok okunan birer kitap ve [&hellip;]<\/p>\n","protected":false},"author":1,"featured_media":0,"comment_status":"open","ping_status":"open","sticky":false,"template":"","format":"standard","meta":{"footnotes":""},"categories":[1],"tags":[848,301],"class_list":["post-4629","post","type-post","status-publish","format-standard","hentry","category-genel","tag-halk-kutuphaneleri","tag-muzekart"],"_links":{"self":[{"href":"https:\/\/www.bbyhaber.com\/bby\/wp-json\/wp\/v2\/posts\/4629"}],"collection":[{"href":"https:\/\/www.bbyhaber.com\/bby\/wp-json\/wp\/v2\/posts"}],"about":[{"href":"https:\/\/www.bbyhaber.com\/bby\/wp-json\/wp\/v2\/types\/post"}],"author":[{"embeddable":true,"href":"https:\/\/www.bbyhaber.com\/bby\/wp-json\/wp\/v2\/users\/1"}],"replies":[{"embeddable":true,"href":"https:\/\/www.bbyhaber.com\/bby\/wp-json\/wp\/v2\/comments?post=4629"}],"version-history":[{"count":0,"href":"https:\/\/www.bbyhaber.com\/bby\/wp-json\/wp\/v2\/posts\/4629\/revisions"}],"wp:attachment":[{"href":"https:\/\/www.bbyhaber.com\/bby\/wp-json\/wp\/v2\/media?parent=4629"}],"wp:term":[{"taxonomy":"category","embeddable":true,"href":"https:\/\/www.bbyhaber.com\/bby\/wp-json\/wp\/v2\/categories?post=4629"},{"taxonomy":"post_tag","embeddable":true,"href":"https:\/\/www.bbyhaber.com\/bby\/wp-json\/wp\/v2\/tags?post=4629"}],"curies":[{"name":"wp","href":"https:\/\/api.w.org\/{rel}","templated":true}]}}