{"id":4604,"date":"2012-05-23T07:36:35","date_gmt":"2012-05-23T07:36:35","guid":{"rendered":"http:\/\/www.bbyhaber.com\/bby\/?p=4604"},"modified":"2012-05-28T06:49:45","modified_gmt":"2012-05-28T06:49:45","slug":"kadikoyde-acikhava-kutuphanesi-basliyor","status":"publish","type":"post","link":"https:\/\/www.bbyhaber.com\/bby\/2012\/05\/23\/kadikoyde-acikhava-kutuphanesi-basliyor","title":{"rendered":"Kad\u0131k\u00f6y&#8217;de A\u00e7\u0131khava K\u00fct\u00fcphanesi Ba\u015fl\u0131yor"},"content":{"rendered":"<p style=\"text-align: justify;\">A\u00e7\u0131k Hava K\u00fct\u00fcphanesi&#8217;nin <strong><span style=\"color: #0000ff;\">II.si 24-25 May\u0131s 2012<\/span><\/strong> tarihinde Kad\u0131k\u00f6y Selami\u00e7e\u015fme \u00d6zg\u00fcrl\u00fck Park\u0131nda ger\u00e7ekle\u015ftirecek. Kitap, K\u00fct\u00fcphane ve Okuman\u0131n \u00f6nemini vurgulamak i\u00e7in 2011 y\u0131l\u0131nda ba\u015flat\u0131lan etkinliklerde bu y\u0131lda \u00e7ocuklar y\u00f6nelik At\u00f6lye \u00c7al\u0131\u015fmalar\u0131 ve S\u00f6yle\u015filer\u00a0 yer al\u0131yor.<!--more--><\/p>\n<p>T\u00fcm \u0130stanbullular A\u00e7\u0131khava K\u00fct\u00fcphanesi&#8217;ne davetlidir.<\/p>\n<p><strong>Etkinlik Program\u0131<\/strong><\/p>\n<p><span style=\"color: #ff0000;\">24 May\u0131s 2012 Per\u015fembe\u00a0\u00a0 Saat: 14.00-16.00<\/span><\/p>\n<p>Resim \u00d6\u011fretmeni Ye\u015fim Damc\u0131 Ho\u015fer ile<\/p>\n<p>&#8220;Kitaplar\u0131n ve Renklerin I\u015f\u0131\u011f\u0131nda&#8221; At\u00f6lye \u00c7al\u0131\u015fmas\u0131<\/p>\n<p>Yer : Selami\u00e7e\u015fme\u00a0 \u00d6zg\u00fcrl\u00fck\u00a0 Park\u0131<\/p>\n<p><span style=\"color: #ff0000;\">24 May\u0131s 2012 Per\u015fembe\u00a0\u00a0 Saat: 14.00-16.00<\/span><\/p>\n<p>Emel \u00d6zt\u00fcrk ile Seminer (Velilere Y\u00f6nelik)<\/p>\n<p>&#8220;Ebeveyn Tuzaklar\u0131&#8221;<\/p>\n<p>Yer : Selami\u00e7e\u015fme \u00d6zg\u00fcrl\u00fck Park\u0131<\/p>\n<p><span style=\"color: #ff0000;\">25 May\u0131s 2012 Cuma\u00a0 Saat:14.00-16.00<\/span><\/p>\n<p>T\u00fclin Kulluk Koziko\u011flu ile At\u00f6lye \u00c7al\u0131\u015fmas\u0131&amp;\u0130mza G\u00fcn\u00fc<\/p>\n<p>Dondurma Yok mu? Kitab\u0131 \u00dczerine &#8220;\u00c7\u0131lg\u0131n Dondurma&#8221; At\u00f6lye \u00c7al\u0131\u015fmas\u0131<\/p>\n<p>Yer : Selami\u00e7e\u015fme \u00d6zg\u00fcrl\u00fck Park\u0131<\/p>\n<p><span style=\"color: #ff0000;\">25 May\u0131s 2012 Cuma\u00a0\u00a0 Saat: 14.00-16.00<\/span><\/p>\n<p>Emel \u00d6zt\u00fcrk ile Seminer (Velilere Y\u00f6nelik)<\/p>\n<p>&#8220;Ebeveyn Tuzaklar\u0131&#8221;<\/p>\n<p>Yer : Selami\u00e7e\u015fme\u00a0 \u00d6zg\u00fcrl\u00fck Park\u0131<\/p>\n<p>Kaynak:<br \/>\nAyd\u0131n \u0130leri<br \/>\nT\u00fcrk K\u00fct\u00fcphaneciler Derne\u011fi Genel Ba\u015fkan Yard\u0131mc\u0131s\u0131<br \/>\n<a href=\"http:\/\/twitter.com\/aydinileri\" target=\"_blank\">http:\/\/twitter.com\/aydinileri<\/a><br \/>\n<a href=\"http:\/\/www.facebook.com\/profile.php?id=822177645\" target=\"_blank\">http:\/\/www.facebook.com\/profile.php?id=822177645<\/a><br \/>\n<a href=\"http:\/\/aydinileri.blogspot.com\/\" target=\"_blank\">http:\/\/aydinileri.blogspot.com\/<\/a><\/p>\n","protected":false},"excerpt":{"rendered":"<p>A\u00e7\u0131k Hava K\u00fct\u00fcphanesi&#8217;nin II.si 24-25 May\u0131s 2012 tarihinde Kad\u0131k\u00f6y Selami\u00e7e\u015fme \u00d6zg\u00fcrl\u00fck Park\u0131nda ger\u00e7ekle\u015ftirecek. Kitap, K\u00fct\u00fcphane ve Okuman\u0131n \u00f6nemini vurgulamak i\u00e7in 2011 y\u0131l\u0131nda ba\u015flat\u0131lan etkinliklerde bu y\u0131lda \u00e7ocuklar y\u00f6nelik At\u00f6lye \u00c7al\u0131\u015fmalar\u0131 ve S\u00f6yle\u015filer\u00a0 yer al\u0131yor.<\/p>\n","protected":false},"author":1,"featured_media":0,"comment_status":"open","ping_status":"open","sticky":false,"template":"","format":"standard","meta":{"footnotes":""},"categories":[1476,1],"tags":[],"class_list":["post-4604","post","type-post","status-publish","format-standard","hentry","category-aydin-ileri","category-genel"],"_links":{"self":[{"href":"https:\/\/www.bbyhaber.com\/bby\/wp-json\/wp\/v2\/posts\/4604"}],"collection":[{"href":"https:\/\/www.bbyhaber.com\/bby\/wp-json\/wp\/v2\/posts"}],"about":[{"href":"https:\/\/www.bbyhaber.com\/bby\/wp-json\/wp\/v2\/types\/post"}],"author":[{"embeddable":true,"href":"https:\/\/www.bbyhaber.com\/bby\/wp-json\/wp\/v2\/users\/1"}],"replies":[{"embeddable":true,"href":"https:\/\/www.bbyhaber.com\/bby\/wp-json\/wp\/v2\/comments?post=4604"}],"version-history":[{"count":0,"href":"https:\/\/www.bbyhaber.com\/bby\/wp-json\/wp\/v2\/posts\/4604\/revisions"}],"wp:attachment":[{"href":"https:\/\/www.bbyhaber.com\/bby\/wp-json\/wp\/v2\/media?parent=4604"}],"wp:term":[{"taxonomy":"category","embeddable":true,"href":"https:\/\/www.bbyhaber.com\/bby\/wp-json\/wp\/v2\/categories?post=4604"},{"taxonomy":"post_tag","embeddable":true,"href":"https:\/\/www.bbyhaber.com\/bby\/wp-json\/wp\/v2\/tags?post=4604"}],"curies":[{"name":"wp","href":"https:\/\/api.w.org\/{rel}","templated":true}]}}