{"id":4592,"date":"2012-05-22T15:49:20","date_gmt":"2012-05-22T15:49:20","guid":{"rendered":"http:\/\/www.bbyhaber.com\/bby\/?p=4592"},"modified":"2012-05-22T15:49:36","modified_gmt":"2012-05-22T15:49:36","slug":"tkd-gaziantep-subesinden-meslek-ici-egitim-semineri","status":"publish","type":"post","link":"https:\/\/www.bbyhaber.com\/bby\/2012\/05\/22\/tkd-gaziantep-subesinden-meslek-ici-egitim-semineri","title":{"rendered":"TKD Gaziantep \u015eubesi&#8217;nden meslek i\u00e7i e\u011fitim semineri"},"content":{"rendered":"<p style=\"text-align: justify;\"><a href=\"http:\/\/www.tkdgaziantep.org.tr\/\" target=\"_blank\">T\u00fcrk K\u00fct\u00fcphaneciler Derne\u011fi Gaziantep \u015eube<\/a> Ba\u015fkan\u0131 Mehmet At\u0131lgan, Bilgi ve Belge Y\u00f6netimi e\u011fitimine kat\u0131lan kursiyerlere gereken bilgilerin verilece\u011fini s\u00f6yledi. At\u0131lgan, &#8220;Bilgi ve Belge Y\u00f6netimi (k\u00fct\u00fcphanecilik) Bilimi Meslek \u0130\u00e7in E\u011fitim&#8221; program\u0131n\u0131n ba\u015flamas\u0131 dolay\u0131s\u0131 ile M\u00fcnifpa\u015fa \u0130lk\u00f6\u011fretim Okulu&#8217;nda d\u00fczenlenen t\u00f6rende yapt\u0131\u011f\u0131 konu\u015fmada, Bilgi ve Belge Y\u00f6netiminin, bilgi analizi, k\u00fct\u00fcphanecilik, ar\u015fivcilik, belge y\u00f6netimi ve dok\u00fcmantasyon alan\u0131nda bilginin sa\u011flanmas\u0131, derlenmesi, analizi ve kulland\u0131r\u0131lmas\u0131 gibi temel fonksiyonlar\u0131 kapsad\u0131\u011f\u0131n\u0131 ifade etti.<!--more--><\/p>\n<p style=\"text-align: justify;\">Bilgi ve Belge Y\u00f6netiminin, bireyler ve kurumlar\u0131n ihtiya\u00e7 duyabilece\u011fi her t\u00fcrl\u00fc bilgi ve belgenin y\u00f6netim s\u00fcre\u00e7lerini, mesle\u011fin temel prensipleri ve de\u011ferlerine uygun olarak yerine getirebilecek yetkinli\u011fe, y\u00f6neticilik becerileri ve ileti\u015fim kabiliyetine sahip, \u00e7al\u0131\u015ft\u0131\u011f\u0131 kuruma rekabet avantaj\u0131 sa\u011flayabilecek uzmanlar\u0131 yeti\u015ftirmeyi hedefledi\u011fini ifade eden At\u0131lgan, \u015f\u00f6yle konu\u015ftu:<\/p>\n<p style=\"text-align: justify;\">&#8220;Yukar\u0131da belirtilen tan\u0131m ve hedefler do\u011frultusunda T\u00fcrk K\u00fct\u00fcphaneciler Derne\u011fi Gaziantep \u015eubesi taraf\u0131ndan Gaziantep M\u00fcnif Pa\u015fa \u0130lk Halk K\u00fct\u00fcphanesinde meslek i\u00e7i e\u011fitim kapsam\u0131nda &#8216;Bilgi ve Belge Y\u00f6netimi (K\u00fct\u00fcphanecilik) E\u011fitimi&#8217; d\u00fczenlenecek. E\u011fitime Gaziantep&#8217;teki kamu k\u00fct\u00fcphanelerinde \u00e7e\u015fitli birimlerde g\u00f6rev yapan personel kat\u0131lacak. E\u011fitim <strong>21 May\u0131s-14 Haziran<\/strong> tarihleri aras\u0131nda verilecek. Kursiyerlere bilgi okuryazarl\u0131\u011f\u0131, halkla ili\u015fkiler ve ileti\u015fim, materyal sa\u011flama, kitap d\u0131\u015f\u0131 materyaller, k\u00fct\u00fcphane otomasyonu ve kataloglama, dewey onlu s\u0131n\u0131fland\u0131rma sitemi ve okuyucu hizmetleri konular\u0131nda 40 saat ders verilecek. E\u011fitimlerimiz kamu k\u00fct\u00fcphanelerinde g\u00f6rev yapan ve Bilgi ve Belge Y\u00f6netimi (K\u00fct\u00fcphanecilik) B\u00f6l\u00fcm\u00fc&#8217; mezunu ki\u015filerden olu\u015fmaktad\u0131r.&#8221;<\/p>\n<p style=\"text-align: justify;\">T\u00f6rene kat\u0131lan Gaziantep Vali Yard\u0131mc\u0131s\u0131 Mehmet Ta\u015fd\u00f6\u011fen ise K\u00fct\u00fcphaneciler Derne\u011fi&#8217;nin k\u00fct\u00fcphane camias\u0131na ve Gaziantep&#8217;e \u00e7ok b\u00fcy\u00fck hizmetler yapaca\u011f\u0131n\u0131 kaydetti. \u015eahinbey Kaymakam\u0131 U\u011fur Turan da \u00e7al\u0131\u015fman\u0131n g\u00fczel ve anlaml\u0131 bir \u00e7al\u0131\u015fma oldu\u011funu belirterek, Gaziantep&#8217;in bilgi kenti oldu\u011funu ifade etti.<\/p>\n<p style=\"text-align: justify;\">Kaynak: http:\/\/www.haberler.com<\/p>\n","protected":false},"excerpt":{"rendered":"<p>T\u00fcrk K\u00fct\u00fcphaneciler Derne\u011fi Gaziantep \u015eube Ba\u015fkan\u0131 Mehmet At\u0131lgan, Bilgi ve Belge Y\u00f6netimi e\u011fitimine kat\u0131lan kursiyerlere gereken bilgilerin verilece\u011fini s\u00f6yledi. At\u0131lgan, &#8220;Bilgi ve Belge Y\u00f6netimi (k\u00fct\u00fcphanecilik) Bilimi Meslek \u0130\u00e7in E\u011fitim&#8221; program\u0131n\u0131n ba\u015flamas\u0131 dolay\u0131s\u0131 ile M\u00fcnifpa\u015fa \u0130lk\u00f6\u011fretim Okulu&#8217;nda d\u00fczenlenen t\u00f6rende yapt\u0131\u011f\u0131 konu\u015fmada, Bilgi ve Belge Y\u00f6netiminin, bilgi analizi, k\u00fct\u00fcphanecilik, ar\u015fivcilik, belge y\u00f6netimi ve dok\u00fcmantasyon alan\u0131nda bilginin sa\u011flanmas\u0131, [&hellip;]<\/p>\n","protected":false},"author":1,"featured_media":0,"comment_status":"open","ping_status":"open","sticky":false,"template":"","format":"standard","meta":{"footnotes":""},"categories":[1],"tags":[1425],"class_list":["post-4592","post","type-post","status-publish","format-standard","hentry","category-genel","tag-tkd-gaziantep"],"_links":{"self":[{"href":"https:\/\/www.bbyhaber.com\/bby\/wp-json\/wp\/v2\/posts\/4592"}],"collection":[{"href":"https:\/\/www.bbyhaber.com\/bby\/wp-json\/wp\/v2\/posts"}],"about":[{"href":"https:\/\/www.bbyhaber.com\/bby\/wp-json\/wp\/v2\/types\/post"}],"author":[{"embeddable":true,"href":"https:\/\/www.bbyhaber.com\/bby\/wp-json\/wp\/v2\/users\/1"}],"replies":[{"embeddable":true,"href":"https:\/\/www.bbyhaber.com\/bby\/wp-json\/wp\/v2\/comments?post=4592"}],"version-history":[{"count":0,"href":"https:\/\/www.bbyhaber.com\/bby\/wp-json\/wp\/v2\/posts\/4592\/revisions"}],"wp:attachment":[{"href":"https:\/\/www.bbyhaber.com\/bby\/wp-json\/wp\/v2\/media?parent=4592"}],"wp:term":[{"taxonomy":"category","embeddable":true,"href":"https:\/\/www.bbyhaber.com\/bby\/wp-json\/wp\/v2\/categories?post=4592"},{"taxonomy":"post_tag","embeddable":true,"href":"https:\/\/www.bbyhaber.com\/bby\/wp-json\/wp\/v2\/tags?post=4592"}],"curies":[{"name":"wp","href":"https:\/\/api.w.org\/{rel}","templated":true}]}}