{"id":4573,"date":"2012-05-22T14:32:19","date_gmt":"2012-05-22T14:32:19","guid":{"rendered":"http:\/\/www.bbyhaber.com\/bby\/?p=4573"},"modified":"2013-03-06T11:57:36","modified_gmt":"2013-03-06T09:57:36","slug":"tkd-baskanindan-toplu-sozlesme-ve-teknik-hizmetlere-dair-bilgi-notu","status":"publish","type":"post","link":"https:\/\/www.bbyhaber.com\/bby\/2012\/05\/22\/tkd-baskanindan-toplu-sozlesme-ve-teknik-hizmetlere-dair-bilgi-notu","title":{"rendered":"TKD Ba\u015fkan\u0131&#8217;ndan toplu s\u00f6zle\u015fme ve teknik hizmetlere dair bilgi notu"},"content":{"rendered":"<p style=\"text-align: justify;\">Bildi\u011finiz gibi Memur Sendikalar\u0131 ile H\u00fck\u00fcmet Aras\u0131ndaki Toplu S\u00f6zle\u015fme G\u00f6r\u00fc\u015fmeleri tamamland\u0131 ve maalesef anla\u015fma sa\u011flanmad\u0131. Bu s\u00fcre\u00e7te bizi zam oranlar\u0131n\u0131n belirlenmesinin yan\u0131 s\u0131ra teknik hizmetler s\u0131n\u0131f\u0131nda hangi bentte yer alaca\u011f\u0131m\u0131z konusu da ilgilendirmektedir. May\u0131s ay\u0131n\u0131n ba\u015flar\u0131nda Maliye ile g\u00f6r\u00fc\u015fmemde; ilk kez toplu s\u00f6zle\u015fme g\u00f6r\u00fc\u015fmeleri yap\u0131lacak. Asl\u0131nda memur sendikalar\u0131 da biz de bu konuda acemiyiz, yetkili sendika ile g\u00f6r\u00fc\u015f konuyu orda g\u00fcndeme getirsinler demi\u015fti.<!--more--><\/p>\n<p style=\"text-align: justify;\">K\u00fclt\u00fcr i\u015f kolunun yetkili sendikas\u0131 olan K\u00dcLT\u00dcR SANAT &#8211; SEN\u2019nin Genel Ba\u015fkan\u0131 Say\u0131n Yavuz Demirkaya ile konuyu g\u00f6r\u00fc\u015ft\u00fcm.\u00a0 Say\u0131n Demirkaya yetkili sendika olarak konuyu zaten orada g\u00fcndeme ta\u015f\u0131yacaklar\u0131n\u0131 s\u00f6ylemi\u015fti.<\/p>\n<p style=\"text-align: justify;\">K\u00dcLT\u00dcR SANAT \u2013 SEN\u2019nin(k\u00fclt\u00fcr i\u015fkolundayetkili sendika olmas\u0131 nedeniyle) \u00f6nerisiyle C bendine al\u0131nmam\u0131z g\u00fcndeme al\u0131nd\u0131.\u00a0 Ancak bug\u00fcn TBMM\u2019de KESK Genel Ba\u015fkan\u0131 Say\u0131n Lami \u00d6zgen ile g\u00f6r\u00fc\u015ft\u00fcm. Say\u0131n ba\u015fkan; g\u00f6r\u00fc\u015fmelerde Maliye Bakanl\u0131\u011f\u0131n\u0131n D bendinde \u0131srarc\u0131 olmas\u0131 nedeniyle C bendi i\u00e7in uzla\u015fmazl\u0131k tutana\u011f\u0131na \u015ferh d\u00fc\u015ft\u00fcklerini s\u00f6yledi.<\/p>\n<p style=\"text-align: justify;\">Budurumda s\u00fcre\u00e7, \u00e7ar\u015famba g\u00fcn\u00fc Kamu G\u00f6revlileri Hakem Kuruluna ba\u015fvurulacak. 29 May\u0131s 2012 itibariyle de Kamu G\u00f6revlileri Hakem Kurulu sonucu a\u00e7\u0131klayacak.<\/p>\n<p style=\"text-align: justify;\">D bendi olsa bile, baz\u0131 kurumlar\u0131n ya\u015fad\u0131\u011f\u0131 sorunlarda bitmi\u015f olacak.<\/p>\n<p style=\"text-align: justify;\">Sayg\u0131lar\u0131mla.<\/p>\n<p style=\"text-align: justify;\">Ali Fuat Kartal<\/p>\n<p style=\"text-align: justify;\">TKD Genel Ba\u015fkan\u0131<\/p>\n","protected":false},"excerpt":{"rendered":"<p>Bildi\u011finiz gibi Memur Sendikalar\u0131 ile H\u00fck\u00fcmet Aras\u0131ndaki Toplu S\u00f6zle\u015fme G\u00f6r\u00fc\u015fmeleri tamamland\u0131 ve maalesef anla\u015fma sa\u011flanmad\u0131. Bu s\u00fcre\u00e7te bizi zam oranlar\u0131n\u0131n belirlenmesinin yan\u0131 s\u0131ra teknik hizmetler s\u0131n\u0131f\u0131nda hangi bentte yer alaca\u011f\u0131m\u0131z konusu da ilgilendirmektedir. May\u0131s ay\u0131n\u0131n ba\u015flar\u0131nda Maliye ile g\u00f6r\u00fc\u015fmemde; ilk kez toplu s\u00f6zle\u015fme g\u00f6r\u00fc\u015fmeleri yap\u0131lacak. Asl\u0131nda memur sendikalar\u0131 da biz de bu konuda acemiyiz, yetkili [&hellip;]<\/p>\n","protected":false},"author":1,"featured_media":0,"comment_status":"open","ping_status":"open","sticky":false,"template":"","format":"standard","meta":{"footnotes":""},"categories":[1474,1505],"tags":[1398,51,50],"class_list":["post-4573","post","type-post","status-publish","format-standard","hentry","category-ali-fuat-kartal","category-teknik-kadro","tag-bby-ozluk-haklari","tag-teknik-kadro-kutuphaneci","tag-ths-kutuphaneci"],"_links":{"self":[{"href":"https:\/\/www.bbyhaber.com\/bby\/wp-json\/wp\/v2\/posts\/4573"}],"collection":[{"href":"https:\/\/www.bbyhaber.com\/bby\/wp-json\/wp\/v2\/posts"}],"about":[{"href":"https:\/\/www.bbyhaber.com\/bby\/wp-json\/wp\/v2\/types\/post"}],"author":[{"embeddable":true,"href":"https:\/\/www.bbyhaber.com\/bby\/wp-json\/wp\/v2\/users\/1"}],"replies":[{"embeddable":true,"href":"https:\/\/www.bbyhaber.com\/bby\/wp-json\/wp\/v2\/comments?post=4573"}],"version-history":[{"count":0,"href":"https:\/\/www.bbyhaber.com\/bby\/wp-json\/wp\/v2\/posts\/4573\/revisions"}],"wp:attachment":[{"href":"https:\/\/www.bbyhaber.com\/bby\/wp-json\/wp\/v2\/media?parent=4573"}],"wp:term":[{"taxonomy":"category","embeddable":true,"href":"https:\/\/www.bbyhaber.com\/bby\/wp-json\/wp\/v2\/categories?post=4573"},{"taxonomy":"post_tag","embeddable":true,"href":"https:\/\/www.bbyhaber.com\/bby\/wp-json\/wp\/v2\/tags?post=4573"}],"curies":[{"name":"wp","href":"https:\/\/api.w.org\/{rel}","templated":true}]}}