{"id":4568,"date":"2012-05-22T14:21:07","date_gmt":"2012-05-22T14:21:07","guid":{"rendered":"http:\/\/www.bbyhaber.com\/bby\/?p=4568"},"modified":"2013-03-06T11:57:39","modified_gmt":"2013-03-06T09:57:39","slug":"teknik-hizmetler-yolunda-izmir-1-idare-mahkemesinin-tapu-arsiv-memurlarina-yonelik-vermis-oldugu-karar","status":"publish","type":"post","link":"https:\/\/www.bbyhaber.com\/bby\/2012\/05\/22\/teknik-hizmetler-yolunda-izmir-1-idare-mahkemesinin-tapu-arsiv-memurlarina-yonelik-vermis-oldugu-karar","title":{"rendered":"Teknik hizmetler yolunda \u0130zmir 1.\u0130dare Mahkemesinin Tapu Ar\u015fiv Memurlar\u0131na y\u00f6nelik vermi\u015f oldu\u011fu karar"},"content":{"rendered":"<p><strong>Konuyla ilgili \u00f6nemli geli\u015fmeler:<\/strong><\/p>\n<ul>\n<li style=\"text-align: left;\"><span style=\"color: #0000ff;\"><a title=\"THS\u2019ye y\u00f6nelik Ar\u015fiv Memuru meslekta\u015flar\u0131m\u0131z\u0131n Ar\u015fivci \u00fcnvan\u0131 ile e\u015fde\u011fer olup olmad\u0131\u011f\u0131na dair Y\u00d6K\u2019\u00fcn karar\u0131\" href=\"http:\/\/www.bbyhaber.com\/bby\/2012\/03\/30\/ths-arsiv-memurlarinin-durumu\/\"><span style=\"color: #0000ff;\"><strong>Y\u00d6K\u2019\u00fcn BBY b\u00f6l\u00fcm\u00fcnden mezun olan Ar\u015fiv Memurlar\u0131na dair karar\u0131 1 (<span style=\"color: #ff0000;\">22\/03\/2012<\/span>)<br \/>\n<\/strong><\/span><\/a><\/span><\/li>\n<\/ul>\n<ul>\n<li style=\"text-align: left;\"><span style=\"color: #0000ff;\"><strong><a title=\"Y\u00d6K\u2019\u00fcn BBY b\u00f6l\u00fcm\u00fcnden mezun olan Ar\u015fiv Memurlar\u0131na dair karar\u0131\" href=\"http:\/\/www.bbyhaber.com\/bby\/2012\/05\/20\/yokun-bby-bolumunden-mezun-olan-arsiv-memurlarina-dair-karari\/\"><span style=\"color: #0000ff;\">Y\u00d6K\u2019\u00fcn BBY b\u00f6l\u00fcm\u00fcnden mezun olan Ar\u015fiv Memurlar\u0131na dair karar\u0131 2 (<span style=\"color: #ff0000;\">25\/04\/2012<\/span>)<\/span><\/a><\/strong><\/span><\/li>\n<\/ul>\n<ul>\n<li style=\"text-align: justify;\"><strong><\/strong>30 Nisan 2012 tarihinde saat 10:30\u2019da Tapu ve Kadastro Genel M\u00fcd\u00fcrl\u00fc\u011f\u00fc merkez binas\u0131 toplant\u0131 salonunda yap\u0131lan <strong><span style=\"color: #0000ff;\">Tapu ve Kadastro Genel M\u00fcd\u00fcrl\u00fc\u011f\u00fc Kurum \u0130dari Kurulu Toplant\u0131 Tutana\u011f\u0131<\/span>&#8216;n\u0131n 4.maddesinde \u015fu ibarelere yer verilmi\u015ftir: &#8220;Ar\u015fiv Memuru kadrosunda \u00e7al\u0131\u015fan personelden mezuniyet durumu uygun olanlar\u0131n teknik hizmetler s\u0131n\u0131f\u0131na al\u0131nmas\u0131, bu pozisyonda \u00e7al\u0131\u015fan personellerin istekleri do\u011frultusunda Bilgisayar \u0130\u015fletmeni kadrosuna ge\u00e7i\u015flerinin sa\u011flanmas\u0131, M\u00fcd\u00fcr Yard\u0131mc\u0131l\u0131\u011f\u0131 s\u0131nav\u0131na girebilmeleri i\u00e7in gerekli y\u00f6netmelik \u00e7al\u0131\u015fmalar\u0131n\u0131n yap\u0131lmas\u0131 (Kaynak: TKGM; <a href=\"http:\/\/web.tkgm.gov.tr\/tkgm\/index.php?page=haberler&amp;Id=5156\" target=\"_blank\">Tutanak i\u00e7in t\u0131klay\u0131n\u0131z<\/a>)&#8221;<\/strong><\/li>\n<\/ul>\n<p style=\"text-align: justify;\"><strong>Mahkeme Karar\u0131:<\/strong><\/p>\n<p style=\"text-align: justify;\">DOSYA NO:641-04-11-1010<br \/>\nT.C.<br \/>\n\u0130ZM\u0130R<br \/>\n1. \u0130DARE MAHKEMES\u0130<br \/>\nESAS NO :2011-444<br \/>\nKARAR NO :2012-390<br \/>\nDAVACI:<br \/>\nDAVALI: TAPU VE KADASTRO GENEL M\u00dcD\u00dcRL\u00dc\u011e\u00dc\/ANKARA<!--more--><\/p>\n<p style=\"text-align: justify;\">DAVANIN \u00d6ZET\u0130: \u0130zmir Konak Tapu M\u00fcd\u00fcrl\u00fc\u011f\u00fcnde Genel \u0130dare Hizmetleri S\u0131n\u0131f\u0131nda ar\u015fiv memuru olarak g\u00f6rev yapan davac\u0131n\u0131n, Teknik Hizmetler S\u0131n\u0131f\u0131 i\u00e7inde ar\u015fiv kadrosunun tahsis edilmesi istemiyle yapt\u0131\u011f\u0131 ba\u015fvurunun reddine ili\u015fkin 07.01.2011 tarih ve 236 say\u0131l\u0131 i\u015fleminin; Ankara \u00dcniversitesi Dil ve Tarih Co\u011frafya Fak\u00fcltesi Bilgi ve Belge Y\u00f6netimi B\u00f6l\u00fcm\u00fc mezunu oldu\u011fu, Bakanlar Kurulunun 2010\/1092 say\u0131l\u0131 karar\u0131yla, folklor ara\u015ft\u0131rmac\u0131s\u0131, k\u00fct\u00fcphaneci, ar\u015fivci, kitap patalo\u011fu ve sosyolog unvanlar\u0131n\u0131n 657 say\u0131l\u0131 Yasan\u0131n 36\/1. maddesinin Teknik Hizmetler S\u0131n\u0131f\u0131 ba\u015fl\u0131kl\u0131 2. numaral\u0131 bendi kapsam\u0131na al\u0131nmas\u0131na; Maliye ve Milli E\u011fitim Bakanl\u0131klar\u0131 ile Devlet Personel Ba\u015fkanl\u0131\u011f\u0131n\u0131n g\u00f6r\u00fc\u015flerine dayanak Adalet ve K\u00fclt\u00fcr ve Turizm Bakanl\u0131klar\u0131n\u0131n teklifi \u00fczerine ad\u0131 ge\u00e7en Kanunun 36.maddesinin ortak h\u00fck\u00fcmler b\u00f6l\u00fcm\u00fcn\u00fcn g bendine g\u00f6re Bakanlar Kurulunca 27.09.2010 tarihinde ar\u015fivcilerin Teknik Hizmetler S\u0131n\u0131f\u0131 kapsam\u0131nda de\u011ferlendirilmesine karar verildi\u011fi, iptali istenilmektedir.<\/p>\n<p style=\"text-align: justify;\">SAVUNMANIN \u00d6ZET\u0130: Bakanlar, Kurulunun 2010\/1092 say\u0131l\u0131 karar\u0131yla folklor ara\u015ft\u0131rmac\u0131s\u0131,, k\u00fct\u00fcphaneci, ar\u015fivci, kitap patalo\u011fu ve sosyolog unvanlar\u0131n\u0131n 657 say\u0131l\u0131 Yasan\u0131n 36\/1. maddesinin Teknik Hizmetler S\u0131n\u0131f\u0131 ba\u015fl\u0131kl\u0131 II. numaral\u0131 bendi kapsam\u0131na al\u0131nmas\u0131na, buna kar\u015f\u0131n \u201car\u015fiv memuru&#8221; unvan\u0131n\u0131n 2010\/1092 say\u0131l\u0131 Bakanlar Kurulu karar\u0131yla Teknik Hizmetler S\u0131n\u0131f\u0131na d\u00e2hil edilen unvanlar aras\u0131nda yer almad\u0131\u011f\u0131 ve her iki unvan\u0131n birbirinden farkl\u0131 oldu\u011fu, idarelerinde ar\u015fivci kadrosunun bulunmad\u0131\u011f\u0131, &#8220;ar\u015fivci&#8221; unvan\u0131 ile &#8220;ar\u015fiv memuru&#8221; unvan\u0131n birbirinden farkl\u0131 oldu\u011fu, bu ba\u011flamada \u00fcniversitelerin ar\u015fivcilik programlar\u0131ndan mezun olanlara &#8220;ar\u015fivci&#8221; unvan\u0131n verilmekte, ar\u015five gelen kitap, belge ve malzemenin tarih, konu ve ilgili oldu\u011fu kurulu\u015flara g\u00f6re s\u0131n\u0131fland\u0131r\u0131lmas\u0131, d\u00fczenlenmesi, korunmas\u0131, arand\u0131\u011f\u0131nda bulunarak ilgili yerlere g\u00f6nderilmesi, yabanc\u0131 dilde ya da eski harflerle yaz\u0131lm\u0131\u015f eserlerin terc\u00fcme ettirilerek \u00e7al\u0131\u015fmalarda kaynak olarak de\u011ferlendirilmesi ve hizmete haz\u0131r halde tutulmas\u0131 gibi \u00e7al\u0131\u015fmalar\u0131 y\u00fcr\u00fctmekte, devlet ar\u015fivlerinde, askeri ar\u015fivlerde, \u00f6zel kurulu\u015flar\u0131n ar\u015fiv b\u00f6l\u00fcmlerinde g\u00f6rev verildi\u011fi, 19.04.2001 tarih ve 24378 say\u0131l\u0131 Resmi Gazetede yay\u0131mlanan Tapu Ve Kadastro Genel M\u00fcd\u00fcrl\u00fc\u011f\u00fc Ta\u015fra Te\u015fkilat\u0131 Yetki, G\u00f6rev Ve Sorumluluklar\u0131 Hakk\u0131nda Y\u00f6netmeli\u011finin &#8220;Ar\u015fiv Memuru&#8221; ba\u015fl\u0131kl\u0131 18.maddesinde, &#8220;Ar\u015fiv memurunun g\u00f6rev ve sorumlulu\u011fu; M\u00fcd\u00fcr\u00fcn denetim ve g\u00f6zetimi alt\u0131nda m\u00fcd\u00fcrl\u00fckteki b\u00fct\u00fcn sicil ve belgeleri, Tapu Sicil T\u00fcz\u00fc\u011f\u00fc, Ar\u015fiv Y\u00f6netmeli\u011fi ve di\u011fer genel emirlere uygun olarak d\u00fczenli bir \u015fekilde ar\u015fivlemek, evraklar\u0131 i\u015flemlere, haz\u0131r halde bulundurmak,, ar\u015fivin d\u00fczenini, g\u00fcvenli\u011fini, bak\u0131m\u0131 sa\u011flamak, zorunluluk halinde m\u00fcd\u00fcr\u00fcn teklifi B\u00f6lge M\u00fcd\u00fcr\u00fcn\u00fcn onay\u0131 ile akitli akitsiz i\u015flem yapmak ve M\u00fcd\u00fcr taraf\u0131ndan verilen benzeri i\u015fleri yapmakla g\u00f6revli oldu\u011fu, Ar\u015fiv Memuru g\u00f6revinden dolay\u0131 M\u00fcd\u00fcr Yard\u0131mc\u0131s\u0131na yoksa akitli ve akitsiz i\u015flem yapmakla g\u00f6revli memura ve M\u00fcd\u00fcre kar\u015f\u0131 sorumlu oldu\u011funun&#8221; belirtildi\u011finden ar\u015fivci ile ar\u015fiv memurunun birbirinden farkl\u0131 oldu\u011fundan ve idarelerinde ar\u015fivci kadrosu bulunmad\u0131\u011f\u0131ndan, yap\u0131lan i\u015flemin yasal ve yerinde oldu\u011fu ileri s\u00fcr\u00fclerek davan\u0131n reddi savunulmaktad\u0131r.<\/p>\n<p style=\"text-align: justify;\">T\u00dcRK M\u0130LLET\u0130 ADINA<br \/>\nKarar veren \u0130zmir 1. \u0130dare Mahkemesi&#8217;nce gere\u011fi g\u00f6r\u00fc\u015f\u00fcld\u00fc:<br \/>\nDava, \u0130zmir Konak Tapu M\u00fcd\u00fcrl\u00fc\u011f\u00fcnde Genel \u0130dare Hizmetleri S\u0131n\u0131f\u0131nda ar\u015fiv memuru olarak g\u00f6rev yapan davac\u0131n\u0131n, Teknik Hizmetler S\u0131n\u0131f\u0131 i\u00e7inde ar\u015fivci kadrosunun tahsis edilmesi istemiyle yapt\u0131\u011f\u0131 ba\u015fvurunun reddine ili\u015fkin 07.01.2011 tarih ve 236 say\u0131l\u0131 i\u015fleminin iptali istemiyle a\u00e7\u0131lm\u0131\u015ft\u0131r. 657 say\u0131l\u0131 Devlet Memurlar\u0131 Kanunun de\u011fi\u015fik 3 3. Maddesinde, &#8220;Kadrosuz&#8221; memur \u00e7al\u0131\u015ft\u0131r\u0131lamaz.<\/p>\n<p style=\"text-align: justify;\">Genel ve Katma B\u00fct\u00e7eli kurulu\u015flarla bunlara ba\u011fl\u0131 d\u00f6ner sermayeli kurulu\u015flar; kanunlarla kumlan fonlar, kefalet sand\u0131klar\u0131 ve Beden Terbiyesi B\u00f6lge M\u00fcd\u00fcrl\u00fcklerinde memur deyimine giren ki\u015filere g\u00f6rd\u00fcr\u00fclen hizmetlerin gerektirdi\u011fi g\u00f6revler i\u00e7in tespit olunan kadrolar Genel Kadro Kanununda g\u00f6sterilir. Milli G\u00fcvenli\u011fe ili\u015fkin kadrolardan gizli kalmas\u0131 gerekenler hakk\u0131nda bu h\u00fck\u00fcm uygulanmaz. II \u00f6zel idareleri ve Belediyeler ile bunlar\u0131n kurduklar\u0131 birliklerin kadrolar\u0131 yetkili organlar\u0131nca haz\u0131rlanarak \u0130\u00e7i\u015fleri Bakanl\u0131\u011f\u0131n\u0131n onay\u0131 ile tamamlan\u0131r.<\/p>\n<p style=\"text-align: justify;\">Yukar\u0131daki f\u0131krada s\u00f6z\u00fc edilen kadrolar\u0131n kald\u0131r\u0131lmas\u0131 veya bu kadrolarda yap\u0131lacak de\u011fi\u015fiklikler de ayn\u0131 usule tabidir.&#8221; h\u00fckm\u00fc, de\u011fi\u015fik 36.maddesinde, I &#8211; Genel \u0130dare Hizmetleri S\u0131n\u0131f\u0131:Bu Kanunun kapsam\u0131na dahil kurumlarda y\u00f6netim, icra, b\u00fcro ve benzeri hizmetleri g\u00f6ren ve bu Kanunla tespit edilen di\u011fer s\u0131n\u0131flara girmeyen memurlar Genel idare Hizmetleri s\u0131n\u0131f\u0131n\u0131 te\u015fkil eder. II &#8211; Teknik Hizmetler S\u0131n\u0131f\u0131: Bu Kanunun kapsam\u0131na giren kurumlarda meslekleriyle ilgili g\u00f6revleri fiilen ifa eden ve meri h\u00fck\u00fcmlere g\u00f6re y\u00fcksek m\u00fchendis, m\u00fchendis, y\u00fcksek mimar, mimar, jeolog, hidrojeolog, hidrolog, jeofizik\u00e7i, fizik\u00e7i, kimyager,&#8217;matematik\u00e7i, istatik\u00e7i, y\u00f6neylemci (Hareket ara\u015ft\u0131rmac\u0131s\u0131), matematiksel iktisat\u00e7\u0131, ekonomici ve benzeri ile teknik \u00f6\u011fretmen okullar\u0131ndan mezun olup da, \u00f6\u011fretmenlik mesle\u011fi d\u0131\u015f\u0131nda teknik hizmetlerde \u00e7al\u0131\u015fanlar, Mimarl\u0131k ve M\u00fchendislik Fak\u00fcltesi veya b\u00f6l\u00fcmlerinden mezun \u015fehir planc\u0131s\u0131, y\u00fcksek \u015fehir planc\u0131s\u0131, y\u00fcksek B\u00f6lge Planc\u0131s\u0131, 3437 ve 09.05.1969 tarih 1177 say\u0131l\u0131 Kanunlara g\u00f6re t\u00fct\u00fcn eksperi yeti\u015ftirilenler ile m\u00fcskirat ve \u00e7ay eksperleri, fen memuru, y\u00fcksek tekniker, tekniker teknisyen ve emsali teknik unvanlara sahip olup, en az orta derecede mesleki tahsil g\u00f6rm\u00fc\u015f bulunanlar, Teknik Hizmetler s\u0131n\u0131f\u0131n\u0131 te\u015fkil eder.&#8221; h\u00fckm\u00fc yer almaktad\u0131r.<\/p>\n<p style=\"text-align: justify;\">Bakanlar Kurulunun 27.09.2010 tarih ve 2010\/1092 say\u0131l\u0131 karar\u0131yla,, Folklor ara\u015ft\u0131rmac\u0131s\u0131, k\u00fct\u00fcphaneci, ar\u015fivci, kitap patologu ve sosyolog unvanlar\u0131n\u0131n 657 say\u0131l\u0131 Devlet Memurlar\u0131 Kanununun 36 nc\u0131 maddesinin birinci f\u0131kras\u0131n\u0131n Teknik Hizmetler S\u0131n\u0131f\u0131 ba\u015fl\u0131kl\u0131 II numaral\u0131 bendi kapsam\u0131na al\u0131nmas\u0131; Maliye ve Milli E\u011fitim Bakanl\u0131klar\u0131 ile Devlet Personel Ba\u015fkanl\u0131\u011f\u0131n\u0131n g\u00f6r\u00fc\u015flerine dayanan Adalet Bakanl\u0131\u011f\u0131 ile K\u00fclt\u00fcr ve Turizm Bakanl\u0131\u011f\u0131n\u0131n teklifleri \u00fczerine, ad\u0131 ge\u00e7en Kanunun 36 nc\u0131 maddesinin Ortak H\u00fck\u00fcmler b\u00f6l\u00fcm\u00fcn\u00fcn (G) bendine g\u00f6re kararla\u015ft\u0131r\u0131lm\u0131\u015ft\u0131r. Dava dosyas\u0131n\u0131n incelenmesinden, davac\u0131n\u0131n 03.07.2009 tarihinde Ankara \u00dcniversitesi Dil ve Tarih Co\u011frafya Fak\u00fcltesi Bilgi ve Belge Y\u00f6netimi B\u00f6l\u00fcm\u00fcn\u00fc bitirerek 23.07.2010 tarihinde \u0130zmir Konak Tapu M\u00fcd\u00fcrl\u00fc\u011f\u00fcnde Genel \u0130dare Hizmetleri S\u0131n\u0131f\u0131nda tapu ar\u015fiv memuru olarak g\u00f6reve ba\u015flad\u0131\u011f\u0131, burada \u00e7al\u0131\u015fmakta iken 28.12.2010 tarihinde yapt\u0131\u011f\u0131 ba\u015fvuru ile Bakanlar Kumlunun 27.09.2010 tarih ve 2010\/1092 say\u0131l\u0131 karar\u0131yla, Folklor ara\u015ft\u0131rmac\u0131s\u0131, k\u00fct\u00fcphaneci, ar\u015fivci, kitap patologu ve sosyolog unvanlar\u0131n\u0131n 657 say\u0131l\u0131 Devlet Memurlar\u0131 Kanununun 36 nc\u0131 maddesinin birinci f\u0131kras\u0131n\u0131n Teknik Hizmetler S\u0131n\u0131f\u0131 ba\u015fl\u0131kl\u0131 II numaral\u0131 bendi kapsam\u0131na al\u0131nmas\u0131; Maliye ve Milli E\u011fitim Bakanl\u0131klar\u0131 ile Devlet Personel Ba\u015fkanl\u0131\u011f\u0131n\u0131n g\u00f6r\u00fc\u015flerine dayanan Adalet Bakanl\u0131\u011f\u0131 ile K\u00fclt\u00fcr ve TurizmBakanl\u0131\u011f\u0131n\u0131n teklifleri \u00fczerine, ad\u0131 ge\u00e7en Kanunun 36 nc\u0131 maddesinin Ortak H\u00fck\u00fcmler b\u00f6l\u00fcm\u00fcn\u00fcn (G) bendine g\u00f6re kararla\u015ft\u0131r\u0131ld\u0131\u011f\u0131ndan, ve kendisinin Ankara \u00dcniversitesi Dil ve Tarih Co\u011frafya Fak\u00fcltesi Bilgi ve Belge Y\u00f6netimi B\u00f6l\u00fcm\u00fcn\u00fc bitirdi\u011finden ve fiilen ar\u015fiv memuru olarak \u00e7al\u0131\u015ft\u0131\u011f\u0131ndan bahisle Teknik Hizmetler S\u0131n\u0131f\u0131 i\u00e7inde ar\u015fiv kadrosunun tahsis edilmesini istedi\u011fi, bu iste\u011fin davaya konu edilen 07.01.2011 tarih ve 236 say\u0131l\u0131 i\u015flemi ile reddi \u00fczerine bak\u0131lan davan\u0131n a\u00e7\u0131ld\u0131\u011f\u0131 anla\u015f\u0131lmaktad\u0131r. Bu durumda, davac\u0131n\u0131n Ankara \u00dcniversitesi Dil ve Tarih Co\u011frafya Fak\u00fcltesi Bilgi ve Belge Y\u00f6netimi B\u00f6l\u00fcm\u00fcn\u00fc bitirdi\u011fi ve mezuniyet belgesinde davac\u0131ya &#8220;ar\u015fivci&#8221; unvan\u0131 verildi\u011fine ili\u015fkin bir ibarenin yer almad\u0131\u011f\u0131, Bakanlar Kurulunun 2010\/1092 say\u0131l\u0131 karar\u0131yla folklor ara\u015ft\u0131rmac\u0131s\u0131, k\u00fct\u00fcphaneci, ar\u015fivci, kitap patalo\u011fu ve sosyolog unvanlar\u0131n\u0131n 657 say\u0131l\u0131 Yasan\u0131n 36\/1.maddesinin Teknik Hizmetler S\u0131n\u0131f\u0131 ba\u015fl\u0131kl\u0131 II.numaral\u0131 bendi kapsam\u0131na al\u0131nmas\u0131na karar verilmesine kar\u015f\u0131n &#8220;ar\u015fiv memuru&#8221; unvan\u0131n\u0131n Teknik Hizmetler S\u0131n\u0131f\u0131na dahil edilen unvanlar aras\u0131nda yer almad\u0131\u011f\u0131, &#8220;ar\u015fivci&#8221; unvan\u0131 ile &#8220;ar\u015fiv memuru&#8221; unvan\u0131n birbirinden farkl\u0131 oldu\u011fu, ayr\u0131ca daval\u0131 idareye ta\u015fra te\u015fkilat\u0131nda tahsis edilmi\u015f ar\u015fivci kadrosunun da bulunmad\u0131\u011f\u0131n\u0131n anla\u015f\u0131lmas\u0131 nedeniyle davac\u0131n\u0131n Teknik Hizmetler S\u0131n\u0131f\u0131 i\u00e7inde ar\u015fivci kadrosunun tahsis edilmesi istemiyle yapt\u0131\u011f\u0131 ba\u015fvurunun reddine ili\u015fkin dava konusu i\u015flemde an\u0131lan mevzuat h\u00fck\u00fcmleri ile hukuka ayk\u0131r\u0131l\u0131k bulunmamaktad\u0131r.<\/p>\n<p style=\"text-align: justify;\">A\u00e7\u0131klanan nedenlerle, davan\u0131n reddine, a\u015fa\u011f\u0131da d\u00f6k\u00fcm\u00fc yap\u0131lan 117,10-TL yarg\u0131lama giderinin davac\u0131 \u00fczerinde b\u0131rak\u0131lmas\u0131na, 659 say\u0131l\u0131 Kanun H\u00fckm\u00fcnde Kararnamenin 14.maddesi uyar\u0131nca hukuk m\u00fc\u015faviri arac\u0131l\u0131\u011f\u0131yla savunma veren daval\u0131 idare i\u00e7in Avukatl\u0131k Asgari \u00dccret Tarifesi uyar\u0131nca belirlenen 600TL. avukatl\u0131k \u00fccretinin davac\u0131 taraf\u0131ndan daval\u0131 idareye verilmesine, artan posta \u00fccretinin iste\u011fi halinde davac\u0131ya iadesine, karar\u0131n tebli\u011fini izleyen 30 g\u00fcn i\u00e7inde Dan\u0131\u015ftay&#8217;a temyiz yolu a\u00e7\u0131k olmak \u00fczere, 29.02.2012 tarihinde oybirli\u011fiyle karar verildi.<\/p>\n<p style=\"text-align: justify;\"><a href=\"http:\/\/www.bbyhaber.com\/bby\/wp-content\/uploads\/dosyalar\/ths\/arsiv-memurlarina-idare-mahkemesinin-karari.pdf\" target=\"_blank\"><strong><span style=\"color: #0000ff;\">Belge olarak indir<\/span><\/strong><\/a><\/p>\n<p style=\"text-align: justify;\">Kaynak: http:\/\/web.tkgm.gov.tr<\/p>\n","protected":false},"excerpt":{"rendered":"<p>Konuyla ilgili \u00f6nemli geli\u015fmeler: Y\u00d6K\u2019\u00fcn BBY b\u00f6l\u00fcm\u00fcnden mezun olan Ar\u015fiv Memurlar\u0131na dair karar\u0131 1 (22\/03\/2012) Y\u00d6K\u2019\u00fcn BBY b\u00f6l\u00fcm\u00fcnden mezun olan Ar\u015fiv Memurlar\u0131na dair karar\u0131 2 (25\/04\/2012) 30 Nisan 2012 tarihinde saat 10:30\u2019da Tapu ve Kadastro Genel M\u00fcd\u00fcrl\u00fc\u011f\u00fc merkez binas\u0131 toplant\u0131 salonunda yap\u0131lan Tapu ve Kadastro Genel M\u00fcd\u00fcrl\u00fc\u011f\u00fc Kurum \u0130dari Kurulu Toplant\u0131 Tutana\u011f\u0131&#8216;n\u0131n 4.maddesinde \u015fu ibarelere [&hellip;]<\/p>\n","protected":false},"author":1,"featured_media":0,"comment_status":"open","ping_status":"open","sticky":false,"template":"","format":"standard","meta":{"footnotes":""},"categories":[1605],"tags":[1096,1398],"class_list":["post-4568","post","type-post","status-publish","format-standard","hentry","category-teknik-kadro-arsivciler","tag-arsivcilik","tag-bby-ozluk-haklari"],"_links":{"self":[{"href":"https:\/\/www.bbyhaber.com\/bby\/wp-json\/wp\/v2\/posts\/4568"}],"collection":[{"href":"https:\/\/www.bbyhaber.com\/bby\/wp-json\/wp\/v2\/posts"}],"about":[{"href":"https:\/\/www.bbyhaber.com\/bby\/wp-json\/wp\/v2\/types\/post"}],"author":[{"embeddable":true,"href":"https:\/\/www.bbyhaber.com\/bby\/wp-json\/wp\/v2\/users\/1"}],"replies":[{"embeddable":true,"href":"https:\/\/www.bbyhaber.com\/bby\/wp-json\/wp\/v2\/comments?post=4568"}],"version-history":[{"count":0,"href":"https:\/\/www.bbyhaber.com\/bby\/wp-json\/wp\/v2\/posts\/4568\/revisions"}],"wp:attachment":[{"href":"https:\/\/www.bbyhaber.com\/bby\/wp-json\/wp\/v2\/media?parent=4568"}],"wp:term":[{"taxonomy":"category","embeddable":true,"href":"https:\/\/www.bbyhaber.com\/bby\/wp-json\/wp\/v2\/categories?post=4568"},{"taxonomy":"post_tag","embeddable":true,"href":"https:\/\/www.bbyhaber.com\/bby\/wp-json\/wp\/v2\/tags?post=4568"}],"curies":[{"name":"wp","href":"https:\/\/api.w.org\/{rel}","templated":true}]}}