{"id":4521,"date":"2012-05-21T18:56:38","date_gmt":"2012-05-21T18:56:38","guid":{"rendered":"http:\/\/www.bbyhaber.com\/bby\/?p=4521"},"modified":"2012-09-07T17:47:18","modified_gmt":"2012-09-07T14:47:18","slug":"odtulu-ogrencilerden-pinarbasina-kutuphane-kastamonu","status":"publish","type":"post","link":"https:\/\/www.bbyhaber.com\/bby\/2012\/05\/21\/odtulu-ogrencilerden-pinarbasina-kutuphane-kastamonu","title":{"rendered":"ODT\u00dc&#8217;l\u00fc \u00d6\u011frencilerden P\u0131narba\u015f\u0131&#8217;na K\u00fct\u00fcphane-Kastamonu"},"content":{"rendered":"<p style=\"text-align: justify;\">Orta Do\u011fu Teknik \u00dcniversitesi (ODT\u00dc) \u00f6\u011frenci grubu K\u00f6pr\u00fc taraf\u0131ndan, P\u0131narba\u015f\u0131 beldesinde kurulan k\u00fct\u00fcphane d\u00fczenlenen t\u00f6renle a\u00e7\u0131ld\u0131. \u015eehit Ramazan Akaya Yat\u0131l\u0131 \u0130lk\u00f6\u011fretim B\u00f6lge Okulunun bah\u00e7esinde d\u00fczenlenen t\u00f6rende konu\u015fan P\u0131narba\u015f\u0131 Kaymakam\u0131 Mehmet Emin Ta\u015f\u00e7\u0131, grup \u00fcyelerine bu \u00e7al\u0131\u015fmalar\u0131ndan dolay\u0131 te\u015fekk\u00fcr etti.<!--more--><\/p>\n<p style=\"text-align: justify;\">Toplulu\u011fun Genel Koordinat\u00f6r\u00fc Mustafa \u00dcnal da okulu, ODT\u00dc End\u00fcstri M\u00fchendisli\u011fi B\u00f6l\u00fcm\u00fc&#8217;nde okuyan P\u0131narba\u015f\u0131l\u0131 Fulya Terzi arac\u0131l\u0131\u011f\u0131yla bulduklar\u0131n\u0131 ifade ederek, grup olarak her y\u0131l bir okula k\u00fct\u00fcphane kurmaya \u00e7al\u0131\u015ft\u0131klar\u0131n\u0131 s\u00f6yledi.<\/p>\n<p style=\"text-align: justify;\">K\u00fct\u00fcphaneye d\u00fcnya klasikleri, 100 temel eser, ki\u015fisel geli\u015fim ve s\u0131navlara haz\u0131rl\u0131k kitaplar\u0131 getirdiklerini aktaran \u00dcnal, &#8220;Buraya geldi\u011fimizde \u00f6\u011fretmenlerin ve \u00f6\u011frencilerin \u00e7ok aktif olduklar\u0131n\u0131 g\u00f6rd\u00fck. \u00d6\u011frencilere verilmesi gereken ilginin fazlas\u0131yla g\u00f6sterildi\u011fini anlad\u0131k. \u00c7ocuklar p\u0131r\u0131l p\u0131r\u0131l ve \u00e7ok zekiler. Onlar\u0131n e\u011fitiminde biraz da olsun katk\u0131m\u0131z olursa ne mutlu bize&#8221; diye konu\u015ftu.<\/p>\n<p style=\"text-align: justify;\">Konu\u015fman\u0131n ard\u0131ndan Kaymakam Ta\u015f\u00e7\u0131 taraf\u0131ndan k\u00fct\u00fcphanenin a\u00e7\u0131l\u0131\u015f\u0131 ger\u00e7ekle\u015ftirildi.P\u0131narba\u015f\u0131&#8217;na 50 ki\u015fiyle gelen K\u00f6pr\u00fc Grubu, \u00f6\u011frencilere, &#8220;drama g\u00f6sterimi, astronomi, origami ve hikaye anlat\u0131m\u0131&#8221; gibi de\u011fi\u015fik alanlarda aktiviteler sergilediler. Grup taraf\u0131ndan kurulan k\u00fct\u00fcphanede, 5 bin kitab\u0131n yer ald\u0131\u011f\u0131 \u00f6\u011frenildi.<\/p>\n<p style=\"text-align: justify;\">Kaynak: http:\/\/www.haberler.com<\/p>\n","protected":false},"excerpt":{"rendered":"<p>Orta Do\u011fu Teknik \u00dcniversitesi (ODT\u00dc) \u00f6\u011frenci grubu K\u00f6pr\u00fc taraf\u0131ndan, P\u0131narba\u015f\u0131 beldesinde kurulan k\u00fct\u00fcphane d\u00fczenlenen t\u00f6renle a\u00e7\u0131ld\u0131. \u015eehit Ramazan Akaya Yat\u0131l\u0131 \u0130lk\u00f6\u011fretim B\u00f6lge Okulunun bah\u00e7esinde d\u00fczenlenen t\u00f6rende konu\u015fan P\u0131narba\u015f\u0131 Kaymakam\u0131 Mehmet Emin Ta\u015f\u00e7\u0131, grup \u00fcyelerine bu \u00e7al\u0131\u015fmalar\u0131ndan dolay\u0131 te\u015fekk\u00fcr etti.<\/p>\n","protected":false},"author":1,"featured_media":0,"comment_status":"open","ping_status":"open","sticky":false,"template":"","format":"standard","meta":{"footnotes":""},"categories":[],"tags":[300,845],"class_list":["post-4521","post","type-post","status-publish","format-standard","hentry","tag-odtu","tag-okul-kutuphaneleri"],"_links":{"self":[{"href":"https:\/\/www.bbyhaber.com\/bby\/wp-json\/wp\/v2\/posts\/4521"}],"collection":[{"href":"https:\/\/www.bbyhaber.com\/bby\/wp-json\/wp\/v2\/posts"}],"about":[{"href":"https:\/\/www.bbyhaber.com\/bby\/wp-json\/wp\/v2\/types\/post"}],"author":[{"embeddable":true,"href":"https:\/\/www.bbyhaber.com\/bby\/wp-json\/wp\/v2\/users\/1"}],"replies":[{"embeddable":true,"href":"https:\/\/www.bbyhaber.com\/bby\/wp-json\/wp\/v2\/comments?post=4521"}],"version-history":[{"count":0,"href":"https:\/\/www.bbyhaber.com\/bby\/wp-json\/wp\/v2\/posts\/4521\/revisions"}],"wp:attachment":[{"href":"https:\/\/www.bbyhaber.com\/bby\/wp-json\/wp\/v2\/media?parent=4521"}],"wp:term":[{"taxonomy":"category","embeddable":true,"href":"https:\/\/www.bbyhaber.com\/bby\/wp-json\/wp\/v2\/categories?post=4521"},{"taxonomy":"post_tag","embeddable":true,"href":"https:\/\/www.bbyhaber.com\/bby\/wp-json\/wp\/v2\/tags?post=4521"}],"curies":[{"name":"wp","href":"https:\/\/api.w.org\/{rel}","templated":true}]}}