{"id":4513,"date":"2012-05-21T16:55:43","date_gmt":"2012-05-21T16:55:43","guid":{"rendered":"http:\/\/www.bbyhaber.com\/bby\/?p=4513"},"modified":"2012-06-25T06:36:32","modified_gmt":"2012-06-25T06:36:32","slug":"adapazari-orman-bolge-mudurlugu-elektronik-belge-yonetim-sistemine-gecti","status":"publish","type":"post","link":"https:\/\/www.bbyhaber.com\/bby\/2012\/05\/21\/adapazari-orman-bolge-mudurlugu-elektronik-belge-yonetim-sistemine-gecti","title":{"rendered":"Adapazar\u0131 Orman B\u00f6lge M\u00fcd\u00fcrl\u00fc\u011f\u00fc Elektronik Belge Y\u00f6netim Sistemine Ge\u00e7ti"},"content":{"rendered":"<p style=\"text-align: justify;\"><a href=\"http:\/\/web.ogm.gov.tr\/birimler\/bolgemudurlukleri\/adapazari\/HaberResimleri\/2012haber\/20120508tarayici\/IMG_3250.jpg\"><img loading=\"lazy\" decoding=\"async\" class=\"alignleft\" src=\"http:\/\/web.ogm.gov.tr\/birimler\/bolgemudurlukleri\/adapazari\/HaberResimleri\/2012haber\/20120508tarayici\/IMG_3250.jpg\" alt=\"\" width=\"265\" height=\"149\" \/><\/a>Adapazar\u0131 Orman B\u00f6lge M\u00fcd\u00fcrl\u00fc\u011f\u00fcnde, Elektronik Belge Y\u00f6netim Sistemine ge\u00e7i\u015f haz\u0131rl\u0131\u011f\u0131 olarak t\u00fcm yaz\u0131\u015fmalar elektronik ortamda yaz\u0131lmaya ba\u015fland\u0131. B\u00f6lge M\u00fcd\u00fcr\u00fc Hasan T\u00fcrky\u0131lmaz, B\u00f6lge M\u00fcd\u00fcrl\u00fc\u011f\u00fcnde belge y\u00f6netiminin fiziksel ortamdan elektronik ortama ge\u00e7mesi i\u00e7in ge\u00e7i\u015f emrini t\u00fcm birimlere e-posta ile g\u00f6ndererek ba\u015flatt\u0131. Elektronik ortama ge\u00e7i\u015fin ba\u015flamas\u0131yla birlikte ilk elektronik evrak Orman K\u00f6y \u0130li\u015fkileri \u015eube M\u00fcd\u00fcrl\u00fc\u011f\u00fc taraf\u0131ndan B\u00f6lge M\u00fcd\u00fcrl\u00fc\u011f\u00fcne g\u00f6nderildi.<!--more--><\/p>\n<p style=\"text-align: justify;\">Bu vesileyle Adapazar\u0131 Orman B\u00f6lge M\u00fcd\u00fcr\u00fc Hasan T\u00fcrky\u0131lmaz yapt\u0131\u011f\u0131 a\u00e7\u0131klamada, \u201cResmi yaz\u0131\u015fma s\u00fcre\u00e7lerinin daha etkili ve h\u0131zl\u0131 bir \u015fekilde yerine getirilmesi, k\u0131rtasiyecili\u011fin azalt\u0131larak, kaynaklarda tasarrufa gidilmesi, b\u00fcrokratik s\u00fcre\u00e7lerin azalt\u0131lmas\u0131, modern y\u00f6netim sistemlerinin kullan\u0131lmas\u0131 ba\u011flam\u0131nda kurumsal kapasitenin geli\u015ftirilmesinin hedeflendi\u011fini ifade ederek bu manada, Orman Genel M\u00fcd\u00fcrl\u00fc\u011f\u00fcn\u00fcn g\u00f6sterdi\u011fi hedefler \u00e7er\u00e7evesinde, hizmetlerimizi zaman\u0131nda, do\u011fru, etkili ve verimli bir \u015fekilde yerine getirmek suretiyle, hizmetlerimizi ileriye ta\u015f\u0131yacak olan Elektronik Belge Y\u00f6netim Sistemi\u2019nin kurum \u00e7al\u0131\u015fanlar\u0131m\u0131za ve \u00fclkemize hay\u0131rl\u0131 olmas\u0131n\u0131 temenni ederim\u201d dedi.<\/p>\n<p style=\"text-align: justify;\">Kaynak: http:\/\/adapazariobm.ogm.gov.tr\/<\/p>\n","protected":false},"excerpt":{"rendered":"<p>Adapazar\u0131 Orman B\u00f6lge M\u00fcd\u00fcrl\u00fc\u011f\u00fcnde, Elektronik Belge Y\u00f6netim Sistemine ge\u00e7i\u015f haz\u0131rl\u0131\u011f\u0131 olarak t\u00fcm yaz\u0131\u015fmalar elektronik ortamda yaz\u0131lmaya ba\u015fland\u0131. B\u00f6lge M\u00fcd\u00fcr\u00fc Hasan T\u00fcrky\u0131lmaz, B\u00f6lge M\u00fcd\u00fcrl\u00fc\u011f\u00fcnde belge y\u00f6netiminin fiziksel ortamdan elektronik ortama ge\u00e7mesi i\u00e7in ge\u00e7i\u015f emrini t\u00fcm birimlere e-posta ile g\u00f6ndererek ba\u015flatt\u0131. Elektronik ortama ge\u00e7i\u015fin ba\u015flamas\u0131yla birlikte ilk elektronik evrak Orman K\u00f6y \u0130li\u015fkileri \u015eube M\u00fcd\u00fcrl\u00fc\u011f\u00fc taraf\u0131ndan B\u00f6lge M\u00fcd\u00fcrl\u00fc\u011f\u00fcne [&hellip;]<\/p>\n","protected":false},"author":1,"featured_media":0,"comment_status":"open","ping_status":"open","sticky":false,"template":"","format":"standard","meta":{"footnotes":""},"categories":[1568,1569,1482,1483],"tags":[1412],"class_list":["post-4513","post","type-post","status-publish","format-standard","hentry","category-e-devlet","category-e-hizmetler","category-ebys","category-elektronik-belge-yonetim-sistemi","tag-belge-yonetimi"],"_links":{"self":[{"href":"https:\/\/www.bbyhaber.com\/bby\/wp-json\/wp\/v2\/posts\/4513"}],"collection":[{"href":"https:\/\/www.bbyhaber.com\/bby\/wp-json\/wp\/v2\/posts"}],"about":[{"href":"https:\/\/www.bbyhaber.com\/bby\/wp-json\/wp\/v2\/types\/post"}],"author":[{"embeddable":true,"href":"https:\/\/www.bbyhaber.com\/bby\/wp-json\/wp\/v2\/users\/1"}],"replies":[{"embeddable":true,"href":"https:\/\/www.bbyhaber.com\/bby\/wp-json\/wp\/v2\/comments?post=4513"}],"version-history":[{"count":0,"href":"https:\/\/www.bbyhaber.com\/bby\/wp-json\/wp\/v2\/posts\/4513\/revisions"}],"wp:attachment":[{"href":"https:\/\/www.bbyhaber.com\/bby\/wp-json\/wp\/v2\/media?parent=4513"}],"wp:term":[{"taxonomy":"category","embeddable":true,"href":"https:\/\/www.bbyhaber.com\/bby\/wp-json\/wp\/v2\/categories?post=4513"},{"taxonomy":"post_tag","embeddable":true,"href":"https:\/\/www.bbyhaber.com\/bby\/wp-json\/wp\/v2\/tags?post=4513"}],"curies":[{"name":"wp","href":"https:\/\/api.w.org\/{rel}","templated":true}]}}