{"id":4509,"date":"2012-05-21T15:14:12","date_gmt":"2012-05-21T15:14:12","guid":{"rendered":"http:\/\/www.bbyhaber.com\/bby\/?p=4509"},"modified":"2012-07-01T19:21:36","modified_gmt":"2012-07-01T19:21:36","slug":"universitelilerden-gorme-engelliler-icin-sesli-kutuphane","status":"publish","type":"post","link":"https:\/\/www.bbyhaber.com\/bby\/2012\/05\/21\/universitelilerden-gorme-engelliler-icin-sesli-kutuphane","title":{"rendered":"\u00dcniversitelilerden G\u00f6rme Engelliler \u0130\u00e7in Sesli K\u00fct\u00fcphane"},"content":{"rendered":"<p style=\"text-align: justify;\">Sivas Cumhuriyet \u00dcniversitesi (C\u00dc) E\u011fitim Fak\u00fcltesi \u00f6\u011frencileri, 850 kitab\u0131 seslendirerek g\u00f6rme engelliler i\u00e7in sesli k\u00fct\u00fcphane haz\u0131rlad\u0131.E\u011fitim Fak\u00fcltesi ilk\u00f6\u011fretim b\u00f6l\u00fcm\u00fcnden 26 \u00f6\u011frenci, e\u011fitimleri kapsam\u0131nda &#8216;Bir Kitaba da Sen Ses Ver&#8217; projesi haz\u0131rlad\u0131. Proje kapsam\u0131nda g\u00f6rme engelliler i\u00e7in toplam 850 kitab\u0131 seslendirerek, k\u00fct\u00fcphane olu\u015fturdular. Projeyi haz\u0131rlayan \u00f6\u011frencilerle birlikte Atat\u00fcrk K\u00fclt\u00fcr Dil ve Tarih Y\u00fcksek Kurumu \u00dcyesi Rekt\u00f6r Yard\u0131mc\u0131s\u0131 Prof.Dr. Recep Toparl\u0131 ile Proje Koordinat\u00f6r\u00fc E\u011fitim Fak\u00fcltesi \u00d6\u011fretim \u00dcyesi Yrd.Do\u00e7.Dr. Bayram Ba\u015f, rekt\u00f6rl\u00fck toplant\u0131 salonunda bas\u0131n toplant\u0131s\u0131 d\u00fczenleyerek, proje hakk\u0131nda bilgi verdi.<!--more--><\/p>\n<p style=\"text-align: justify;\">Rekt\u00f6r Yard\u0131mc\u0131s\u0131 Toparl\u0131, \u00f6\u011frencilerin haz\u0131rlad\u0131\u011f\u0131 projenin engelliler i\u00e7in b\u00fcy\u00fck \u00f6nem ta\u015f\u0131d\u0131\u011f\u0131n\u0131 belirterek, &#8220;Bu gen\u00e7 arkada\u015flar\u0131m\u0131z uzun s\u00fcren u\u011fra\u015flar\u0131 sonucunda 850 kitab\u0131 g\u00f6rme engelli vatanda\u015flar\u0131m\u0131z\u0131n hizmetine sunuyorlar. \u015eu anda T\u00fcrkiye&#8217;de resmi olarak yaln\u0131zca Milli K\u00fct\u00fcphane&#8217;de ve Bo\u011fazi\u00e7i \u00dcniversitesi&#8217;nde var. Cumhuriyet \u00dcniversitesi g\u00f6rme engelli vatanda\u015flar\u0131m\u0131z i\u00e7in de\u011fi\u015fik yazarlardan ve de ders kitaplar\u0131ndan olu\u015fan bir demeti \u015fu anda hizmete sunuyor. 850 kitab\u0131n bir \u00e7o\u011fu ders kitab\u0131 niteli\u011finde. \u00dcniversitemizde \u015fu anda e\u011fitim g\u00f6ren 11 g\u00f6rme engelli \u00f6\u011frencimiz var. Biz bu engelli \u00f6\u011frencilerimizin kar\u015f\u0131la\u015ft\u0131klar\u0131 sorunlar\u0131 \u00e7ok iyi biliyoruz. Bu ama\u00e7la bu projeyi ger\u00e7ekle\u015ftirdik. 850 kitab\u0131 g\u00f6n\u00fcll\u00fc \u00f6\u011frencilerimiz vas\u0131tas\u0131yla CD haline getirdik. \u00dcniversitemiz web sayfas\u0131ndan yay\u0131nlamak \u00fczere alt yap\u0131 \u00e7al\u0131\u015fmalar\u0131n\u0131 haz\u0131rl\u0131yoruz. \u00c7ok k\u0131sa s\u00fcre sonunda bu kitaplar T\u00fcrk\u00e7e bilen g\u00f6rme engellilerimizin hizmetine a\u00e7\u0131lacak. Ben bu projeyi haz\u0131rlayan kahraman \u00f6\u011frencilerimizi y\u00fcrekten kutluyorum&#8221; dedi.<\/p>\n<p style=\"text-align: justify;\">Proje Koordinat\u00f6r\u00fc Yrd.Do\u00e7.Dr. Bayram Ba\u015f ise, &#8220;\u00c7al\u0131\u015fmam\u0131zdaki ama\u00e7 toplumsal duyarl\u0131l\u0131\u011f\u0131 \u00f6n plana \u00e7\u0131karabilmekti. \u00dclkemiz de yakla\u015f\u0131k y\u00fczde 11 civar\u0131nda engelli yurtta\u015f\u0131m\u0131z bulunuyor. Engelli olan insanlar\u0131nda e\u011fitimlerinde, \u00f6zellikle okuma k\u00fclt\u00fcr\u00fc a\u00e7\u0131s\u0131ndan bu g\u00fczel bir projedir. \u00c7al\u0131\u015fmalar\u0131m\u0131zda g\u00f6n\u00fcll\u00fc olan arkada\u015flara k\u0131sa e\u011fitimler verdik. Ben bu projeye eme\u011fi ge\u00e7en \u00f6\u011frencilerimize te\u015fekk\u00fcr ediyorum.&#8221; dedi.<\/p>\n<p style=\"text-align: justify;\">Kaynak: http:\/\/www.haberler.com<\/p>\n","protected":false},"excerpt":{"rendered":"<p>Sivas Cumhuriyet \u00dcniversitesi (C\u00dc) E\u011fitim Fak\u00fcltesi \u00f6\u011frencileri, 850 kitab\u0131 seslendirerek g\u00f6rme engelliler i\u00e7in sesli k\u00fct\u00fcphane haz\u0131rlad\u0131.E\u011fitim Fak\u00fcltesi ilk\u00f6\u011fretim b\u00f6l\u00fcm\u00fcnden 26 \u00f6\u011frenci, e\u011fitimleri kapsam\u0131nda &#8216;Bir Kitaba da Sen Ses Ver&#8217; projesi haz\u0131rlad\u0131. Proje kapsam\u0131nda g\u00f6rme engelliler i\u00e7in toplam 850 kitab\u0131 seslendirerek, k\u00fct\u00fcphane olu\u015fturdular. Projeyi haz\u0131rlayan \u00f6\u011frencilerle birlikte Atat\u00fcrk K\u00fclt\u00fcr Dil ve Tarih Y\u00fcksek Kurumu \u00dcyesi Rekt\u00f6r [&hellip;]<\/p>\n","protected":false},"author":1,"featured_media":0,"comment_status":"open","ping_status":"open","sticky":false,"template":"","format":"standard","meta":{"footnotes":""},"categories":[1484,1485,1,1487,1503],"tags":[],"class_list":["post-4509","post","type-post","status-publish","format-standard","hentry","category-engelliler-icin-bilgi-merkezleri","category-engelliler-icin-kutuphane","category-genel","category-gorme-engelli-kutuphane","category-sesli-kutuphane"],"_links":{"self":[{"href":"https:\/\/www.bbyhaber.com\/bby\/wp-json\/wp\/v2\/posts\/4509"}],"collection":[{"href":"https:\/\/www.bbyhaber.com\/bby\/wp-json\/wp\/v2\/posts"}],"about":[{"href":"https:\/\/www.bbyhaber.com\/bby\/wp-json\/wp\/v2\/types\/post"}],"author":[{"embeddable":true,"href":"https:\/\/www.bbyhaber.com\/bby\/wp-json\/wp\/v2\/users\/1"}],"replies":[{"embeddable":true,"href":"https:\/\/www.bbyhaber.com\/bby\/wp-json\/wp\/v2\/comments?post=4509"}],"version-history":[{"count":0,"href":"https:\/\/www.bbyhaber.com\/bby\/wp-json\/wp\/v2\/posts\/4509\/revisions"}],"wp:attachment":[{"href":"https:\/\/www.bbyhaber.com\/bby\/wp-json\/wp\/v2\/media?parent=4509"}],"wp:term":[{"taxonomy":"category","embeddable":true,"href":"https:\/\/www.bbyhaber.com\/bby\/wp-json\/wp\/v2\/categories?post=4509"},{"taxonomy":"post_tag","embeddable":true,"href":"https:\/\/www.bbyhaber.com\/bby\/wp-json\/wp\/v2\/tags?post=4509"}],"curies":[{"name":"wp","href":"https:\/\/api.w.org\/{rel}","templated":true}]}}