{"id":4484,"date":"2012-05-21T11:12:09","date_gmt":"2012-05-21T11:12:09","guid":{"rendered":"http:\/\/www.bbyhaber.com\/bby\/?p=4484"},"modified":"2012-05-27T19:59:15","modified_gmt":"2012-05-27T19:59:15","slug":"diyarbakir-3-kitap-fuari","status":"publish","type":"post","link":"https:\/\/www.bbyhaber.com\/bby\/2012\/05\/21\/diyarbakir-3-kitap-fuari","title":{"rendered":"Diyarbak\u0131r 3. Kitap Fuar\u0131"},"content":{"rendered":"<p align=\"justify\">Kurulu\u015fumuz <strong>T\u00dcYAP T\u00fcm Fuarc\u0131l\u0131k Yap\u0131m A.\u015e.<\/strong> ve <strong>T\u00fcrkiye Yay\u0131nc\u0131lar Birli\u011fi<\/strong> i\u015fbirli\u011fi ile <strong>22-27 May\u0131s 2012<\/strong> tarihleri aras\u0131nda T\u00dcYAP Diyarbak\u0131r Fuar ve Kongre Merkezi\u2019nde ger\u00e7ekle\u015ftirilecek <strong>Diyarbak\u0131r 3. Kitap Fuar\u0131 <\/strong>kap\u0131lar\u0131n\u0131 a\u00e7maya haz\u0131rlan\u0131yor.<!--more--><\/p>\n<p align=\"justify\">Yakla\u015f\u0131k <strong>135 <\/strong>yay\u0131nevi ve sivil toplum kurulu\u015funun kat\u0131l\u0131m\u0131yla bu sene \u00fc\u00e7\u00fcnc\u00fc kez d\u00fczenlenecek fuarda geni\u015f bir konu yelpazesi i\u00e7inde konferans, s\u00f6yle\u015fi, panel, \u015fiir dinletisi gibi <strong>44 <\/strong>k\u00fclt\u00fcr etkinli\u011finde ve imza g\u00fcnlerinde 300 yazar okurlar\u0131yla bulu\u015fma imkan\u0131 bulacakt\u0131r.<\/p>\n<p align=\"justify\"><strong>Kitap Fuar\u0131\u2019n\u0131n Yurt D\u0131\u015f\u0131ndan Konuklar\u0131<\/strong><\/p>\n<p align=\"justify\">Diyarbak\u0131r Kitap Fuar\u0131\u2019n\u0131n Fransa\u2019dan iki ara\u015ft\u0131rmac\u0131-yazar konu\u011fu olacak. Dinler tarihi uzman\u0131 <strong><em>S\u00e9bastien de Courtois<\/em><\/strong> 26 May\u0131s 2012 Cumartesi g\u00fcn\u00fc fuarda olacak. \u00d6zellikle Ortado\u011fu H\u0131ristiyan topluluklar\u0131n\u0131n durumu ve tarihte b\u0131rakt\u0131klar\u0131 izler \u00fcst\u00fcne \u00e7al\u0131\u015fmalar\u0131n\u0131 yo\u011funla\u015ft\u0131ran ara\u015ft\u0131rmac\u0131, 1999 sonbahar\u0131nda Mardin\u2019e yapt\u0131\u011f\u0131 bir yolculuk s\u0131ras\u0131nda Turabdin\u2019in tarihine ilgi duydu. <strong><em>Courtois<\/em><\/strong><em>,<\/em> Diyarbak\u0131r Kitap Fuar\u0131\u2019nda S\u00fcryaniler \u00fczerine bir s\u00f6yle\u015fiye konu\u015fmac\u0131 olarak kat\u0131lacak ve ard\u0131ndan kitaplar\u0131n\u0131 imzalayacak.<\/p>\n<p align=\"justify\">Fuar\u0131n bir di\u011fer konu\u011fu ise Fransa\u2019da ya\u015fayan K\u00fcrt k\u00f6kenli ara\u015ft\u0131rmac\u0131-akademisyen <strong><em>Fawaz Hus\u00ean<\/em><\/strong>. \u0130sve\u00e7 Yazarlar Birli\u011fi, Uluslararas\u0131 PEN ve Fransa Yazarlar \u00d6rg\u00fct\u00fc \u00fcyesi olan yazar halen Fransa\u2019da ya\u015famaktad\u0131r. Yazar fuarda \u201cFrans\u0131zca Bir Bedende K\u00fcrt\u00e7e Bir Ruh\u201d ba\u015fl\u0131kl\u0131 s\u00f6yle\u015fi ard\u0131ndan kitaplar\u0131n\u0131 imzalayacak.<\/p>\n<p align=\"justify\"><strong>Fuar\u2019\u0131n Sergileri<\/strong><\/p>\n<p align=\"justify\">Sabahattin Ali \u201c<strong>Bir Foto\u011fraf Cam\u0131 Sergisi<\/strong>\u201dnde, 41 y\u0131ll\u0131k k\u0131sa ya\u015fam\u0131na \u00e7ok say\u0131da eser ve terc\u00fcme s\u0131\u011fd\u0131ran, T\u00fcrkiye\u2019nin farkl\u0131 yerlerinde \u00f6\u011fretmenlik yaparken \u00f6\u011frencileri \u00fczerinde derin izler b\u0131rakan, Ankara\u2019da Devlet Konservatuvar\u0131\u2019n\u0131n kurulu\u015funda ve ilk \u00f6\u011frencilerinin yeti\u015fmesinde b\u00fcy\u00fck eme\u011fi olan Sabahattin Ali\u2019nin en b\u00fcy\u00fck tutkular\u0131ndan biri olan foto\u011fraflar\u0131 sergileniyor. Sabahattin Ali\u2019nin ya\u015fam\u00f6yk\u00fcs\u00fcn\u00fcn foto\u011fraflarla anlat\u0131ld\u0131\u011f\u0131 sergi, yazar\u0131n ailesi, \u00e7ocuklu\u011fu, gen\u00e7li\u011fi, Almanya\u2019da ya\u015fad\u0131\u011f\u0131 y\u0131llar, \u00f6\u011fretmenlik, askerlik, evlilik ve babal\u0131k d\u00f6nemleri gibi ba\u015fl\u0131kl\u0131 b\u00f6l\u00fcmlerden olu\u015fuyor.<strong><\/strong><\/p>\n<p align=\"justify\">Fuar\u2019\u0131n bir di\u011fer sergisi ise <strong>\u201cEski Diyarbak\u0131r\u2019da K\u00fclt\u00fcrel \u00c7e\u015fitlilik\u201d<\/strong> sergisi. K\u00fcrat\u00f6rl\u00fc\u011f\u00fcn\u00fc Birzamanlar Yay\u0131nc\u0131l\u0131k\u2019tan Osman K\u00f6ker\u2019in yapt\u0131\u011f\u0131 sergi, \u00e7o\u011funlu\u011fu 20. y\u00fczy\u0131l ba\u015f\u0131na ait 200\u2019den fazla foto\u011fraf arac\u0131l\u0131\u011f\u0131yla Diyarbak\u0131r\u2019\u0131n kaybolan halklar\u0131n hikayesini anlat\u0131yor. Sergi Diyarbak\u0131r\u2019\u0131n ge\u00e7mi\u015findeki \u00e7ok k\u00fclt\u00fcrl\u00fc hayat\u0131: Ermeni, S\u00fcryani, Keldani, Rum, Yahudi, Yezidi gibi topluluklar\u0131n ya\u015fant\u0131lar\u0131n\u0131 ele al\u0131yor.<\/p>\n<p align=\"justify\"><strong>Hollanda Diyarbak\u0131r Kitap Fuar\u0131\u2019nda<\/strong><\/p>\n<p align=\"justify\">31. Uluslararas\u0131 \u0130stanbul Kitap Fuar\u0131\u2019n\u0131n Onur Konu\u011fu Hollanda y\u0131l boyunca s\u00fcren etkinlikler kapsam\u0131nda Diyarbak\u0131r Kitap Fuar\u0131\u2019na da kat\u0131l\u0131yor. Fuarda Hollanda k\u00fclt\u00fcr\u00fcne ait bilgiler ve kitaplar Hollanda stand\u0131nda bulunabilir.<\/p>\n<p align=\"justify\">Giri\u015fin \u00fccretsiz oldu\u011fu fuar 22-26 May\u0131s 2012 tarihleri aras\u0131nda 10.30-19.30 saatlerinde, kapan\u0131\u015f g\u00fcn\u00fc olan 27 May\u0131s 2012 tarihinde ise 10.30-19.00 saatlerinde ziyaret edilebilir.<\/p>\n<p align=\"justify\">Kaynak: http:\/\/www.tuyap.com.tr<\/p>\n","protected":false},"excerpt":{"rendered":"<p>Kurulu\u015fumuz T\u00dcYAP T\u00fcm Fuarc\u0131l\u0131k Yap\u0131m A.\u015e. ve T\u00fcrkiye Yay\u0131nc\u0131lar Birli\u011fi i\u015fbirli\u011fi ile 22-27 May\u0131s 2012 tarihleri aras\u0131nda T\u00dcYAP Diyarbak\u0131r Fuar ve Kongre Merkezi\u2019nde ger\u00e7ekle\u015ftirilecek Diyarbak\u0131r 3. Kitap Fuar\u0131 kap\u0131lar\u0131n\u0131 a\u00e7maya haz\u0131rlan\u0131yor.<\/p>\n","protected":false},"author":1,"featured_media":0,"comment_status":"open","ping_status":"open","sticky":false,"template":"","format":"standard","meta":{"footnotes":""},"categories":[1,1493],"tags":[],"class_list":["post-4484","post","type-post","status-publish","format-standard","hentry","category-genel","category-kitap-fuarlari-2"],"_links":{"self":[{"href":"https:\/\/www.bbyhaber.com\/bby\/wp-json\/wp\/v2\/posts\/4484"}],"collection":[{"href":"https:\/\/www.bbyhaber.com\/bby\/wp-json\/wp\/v2\/posts"}],"about":[{"href":"https:\/\/www.bbyhaber.com\/bby\/wp-json\/wp\/v2\/types\/post"}],"author":[{"embeddable":true,"href":"https:\/\/www.bbyhaber.com\/bby\/wp-json\/wp\/v2\/users\/1"}],"replies":[{"embeddable":true,"href":"https:\/\/www.bbyhaber.com\/bby\/wp-json\/wp\/v2\/comments?post=4484"}],"version-history":[{"count":0,"href":"https:\/\/www.bbyhaber.com\/bby\/wp-json\/wp\/v2\/posts\/4484\/revisions"}],"wp:attachment":[{"href":"https:\/\/www.bbyhaber.com\/bby\/wp-json\/wp\/v2\/media?parent=4484"}],"wp:term":[{"taxonomy":"category","embeddable":true,"href":"https:\/\/www.bbyhaber.com\/bby\/wp-json\/wp\/v2\/categories?post=4484"},{"taxonomy":"post_tag","embeddable":true,"href":"https:\/\/www.bbyhaber.com\/bby\/wp-json\/wp\/v2\/tags?post=4484"}],"curies":[{"name":"wp","href":"https:\/\/api.w.org\/{rel}","templated":true}]}}