{"id":4471,"date":"2012-05-21T10:04:27","date_gmt":"2012-05-21T10:04:27","guid":{"rendered":"http:\/\/www.bbyhaber.com\/bby\/?p=4471"},"modified":"2012-09-07T17:47:36","modified_gmt":"2012-09-07T14:47:36","slug":"depremde-hayatini-kaybeden-ogretmenler-icin-kutuphane","status":"publish","type":"post","link":"https:\/\/www.bbyhaber.com\/bby\/2012\/05\/21\/depremde-hayatini-kaybeden-ogretmenler-icin-kutuphane","title":{"rendered":"Depremde Hayat\u0131n\u0131 Kaybeden \u00d6\u011fretmenler \u0130\u00e7in K\u00fct\u00fcphane"},"content":{"rendered":"<p style=\"text-align: justify;\">Van\u2019\u0131n Erci\u015f il\u00e7esine ba\u011fl\u0131 Uncular \u0130lk\u00f6\u011fretim Okulu\u2019nun idareci, \u00f6\u011fretmen ve \u00f6\u011frencileri, depremde hayatlar\u0131n\u0131 kaybeden \u00f6\u011fretmenleri i\u00e7in k\u00f6y okulunda k\u00fct\u00fcphane kurdular. 23 Ekim 2011 g\u00fcn\u00fc meydana gelen depremde hayatlar\u0131n\u0131 kaybeden \u00f6\u011fretmen Ay\u015feg\u00fcl Kaman, G\u00fcl\u015fen Batar ve Muharrem Malazgirt an\u0131s\u0131n kurulan k\u00fct\u00fcphaneye; Sivas\u2019\u0131n \u015eark\u0131\u015fla Kaymakaml\u0131\u011f\u0131\u2019nca ve yine \u015eark\u0131\u015fla il\u00e7esindeki Cemel Beldesi \u0130lk\u00f6\u011fretim Okulu taraf\u0131ndan g\u00f6nderilen kitaplar okula ula\u015ft\u0131.<!--more--><\/p>\n<p style=\"text-align: justify;\">Uncular \u0130lk\u00f6\u011fretim Okulu M\u00fcd\u00fcr\u00fc, \u00f6\u011fretmen ve \u00f6\u011frencilerle birlikte kitaplar\u0131 k\u00fct\u00fcphanelerinin raflar\u0131na dizdiler. Konu ile ilgili bir a\u00e7\u0131klama yapan Okul M\u00fcd\u00fcr\u00fc Edip Kaya, Uncular \u0130lk\u00f6\u011fretim Okulu\u2019na ge\u00e7en y\u0131l m\u00fcd\u00fcr olarak atand\u0131\u011f\u0131n\u0131 ve bu k\u00f6yde \u00e7al\u0131\u015fmaktan gurur duydu\u011funu s\u00f6yledi. Kaya, \u201cK\u00f6ydeki \u00e7ocuklar\u0131m\u0131z\u0131 bilgilendirip bir yerlere gelmesini sa\u011flamak i\u00e7in \u00e7aba sarf ediyoruz.Okula ilk geldi\u011fimde, k\u00fct\u00fcphanesinin olmad\u0131\u011f\u0131n\u0131 g\u00f6rd\u00fcm. Ba\u015ftan beri okula bir k\u00fct\u00fcphane yapmay\u0131 d\u00fc\u015f\u00fcn\u00fcyordum. 23 Ekim 2011 g\u00fcn\u00fc meydana gelen depremde bizler \u00f6\u011fretmenlerimizi kaybettik. Depremden sonra yapt\u0131\u011f\u0131m\u0131z toplant\u0131da. idareci ve \u00f6\u011fretmenlerimizle birlikte bir karar ald\u0131k. Depremde hayatlar\u0131n\u0131 kaybeden \u00f6\u011fretmenlerimizin isimlerini kal\u0131c\u0131 bir \u015fekilde ya\u015fatmak i\u00e7in bir \u00e7al\u0131\u015fma yapal\u0131m dedik. \u00d6\u011fretmenin isminin ya\u015fayaca\u011f\u0131 en g\u00fczel yer bir k\u00fct\u00fcphane olaca\u011f\u0131n\u0131 d\u00fc\u015f\u00fcnd\u00fck. Okulumuzda k\u00fct\u00fcphane olu\u015fumunda \u00f6\u011fretmen ve \u00f6\u011frencilerimiz b\u00fcy\u00fck bir \u00f6zveriyle \u00e7al\u0131\u015ft\u0131lar. K\u00fct\u00fcphane i\u00e7in \u00e7ok \u00f6zel bir yerimiz yoktu. Bunun i\u00e7in okulumuzda \u00e7ok ama\u00e7l\u0131 salonun bir k\u00f6\u015fesini k\u00fct\u00fcphane yapt\u0131k. \u015eark\u0131\u015fla Kaymakam\u0131 Abdullah U\u00e7gun ve Cemel \u0130lk\u00f6\u011fretim Okulu M\u00fcd\u00fcr\u00fc Murat Kalkan desteklerinde dolay\u0131 te\u015fekk\u00fcr ediyorum\u201d dedi.<\/p>\n<p style=\"text-align: justify;\">Okulda k\u00fct\u00fcphane olu\u015fmas\u0131nda eme\u011fi ge\u00e7en T\u00fcrk\u00e7e \u00d6\u011fretmeni Semih Alper D\u00fcndar ise, \u201c23 Ekim\u2019deki ac\u0131 olayda bir\u00e7ok meslekta\u015f\u0131m\u0131z hayat\u0131n\u0131 kaybetti. Onlar\u0131n ac\u0131lar\u0131n\u0131 ya\u015fad\u0131k. Deprem sonras\u0131 \u00f6\u011frencilerimiz ve okulumuz nas\u0131l g\u00fcnl\u00fck hayata y\u00f6nlendirebiliriz m\u00fccadelesini vermeye \u00e7al\u0131\u015ft\u0131k. Hayatlar\u0131n\u0131 kaybeden \u00f6\u011fretmenlerimizin adlar\u0131n\u0131n ya\u015famas\u0131 i\u00e7in bu \u00e7al\u0131\u015fmaya karar verdik. Bir\u00e7ok \u015fekilde yard\u0131m geldi. Biz k\u00fct\u00fcphanemizi kuruyoruz. Bir \u015fekilde \u00f6\u011fretmenlerimizin isimleri sonsuza kadar bu okulda, bu k\u00fct\u00fcphanede ya\u015fayacak. Bu okulda okuyacak \u00f6\u011frencilerin ve onlar\u0131n karde\u015fleri ve sonrakiler hayatlar\u0131n\u0131 kaybeden \u00f6\u011fretmenlerimizin isimlerini ve \u00e7al\u0131\u015fmalar\u0131n\u0131 \u00f6\u011frenecekler. Okulumuza 2 binin \u00fczerinde kitap geldi\u201d \u015feklinde konu\u015ftu.<\/p>\n<p style=\"text-align: justify;\">Kaynak: http:\/\/www.haberfx.net\/<\/p>\n","protected":false},"excerpt":{"rendered":"<p>Van\u2019\u0131n Erci\u015f il\u00e7esine ba\u011fl\u0131 Uncular \u0130lk\u00f6\u011fretim Okulu\u2019nun idareci, \u00f6\u011fretmen ve \u00f6\u011frencileri, depremde hayatlar\u0131n\u0131 kaybeden \u00f6\u011fretmenleri i\u00e7in k\u00f6y okulunda k\u00fct\u00fcphane kurdular. 23 Ekim 2011 g\u00fcn\u00fc meydana gelen depremde hayatlar\u0131n\u0131 kaybeden \u00f6\u011fretmen Ay\u015feg\u00fcl Kaman, G\u00fcl\u015fen Batar ve Muharrem Malazgirt an\u0131s\u0131n kurulan k\u00fct\u00fcphaneye; Sivas\u2019\u0131n \u015eark\u0131\u015fla Kaymakaml\u0131\u011f\u0131\u2019nca ve yine \u015eark\u0131\u015fla il\u00e7esindeki Cemel Beldesi \u0130lk\u00f6\u011fretim Okulu taraf\u0131ndan g\u00f6nderilen kitaplar okula [&hellip;]<\/p>\n","protected":false},"author":1,"featured_media":0,"comment_status":"open","ping_status":"open","sticky":false,"template":"","format":"standard","meta":{"footnotes":""},"categories":[1555,1],"tags":[845],"class_list":["post-4471","post","type-post","status-publish","format-standard","hentry","category-deprem-kutuphane","category-genel","tag-okul-kutuphaneleri"],"_links":{"self":[{"href":"https:\/\/www.bbyhaber.com\/bby\/wp-json\/wp\/v2\/posts\/4471"}],"collection":[{"href":"https:\/\/www.bbyhaber.com\/bby\/wp-json\/wp\/v2\/posts"}],"about":[{"href":"https:\/\/www.bbyhaber.com\/bby\/wp-json\/wp\/v2\/types\/post"}],"author":[{"embeddable":true,"href":"https:\/\/www.bbyhaber.com\/bby\/wp-json\/wp\/v2\/users\/1"}],"replies":[{"embeddable":true,"href":"https:\/\/www.bbyhaber.com\/bby\/wp-json\/wp\/v2\/comments?post=4471"}],"version-history":[{"count":0,"href":"https:\/\/www.bbyhaber.com\/bby\/wp-json\/wp\/v2\/posts\/4471\/revisions"}],"wp:attachment":[{"href":"https:\/\/www.bbyhaber.com\/bby\/wp-json\/wp\/v2\/media?parent=4471"}],"wp:term":[{"taxonomy":"category","embeddable":true,"href":"https:\/\/www.bbyhaber.com\/bby\/wp-json\/wp\/v2\/categories?post=4471"},{"taxonomy":"post_tag","embeddable":true,"href":"https:\/\/www.bbyhaber.com\/bby\/wp-json\/wp\/v2\/tags?post=4471"}],"curies":[{"name":"wp","href":"https:\/\/api.w.org\/{rel}","templated":true}]}}