{"id":4418,"date":"2012-05-19T11:59:19","date_gmt":"2012-05-19T11:59:19","guid":{"rendered":"http:\/\/www.bbyhaber.com\/bby\/?p=4418"},"modified":"2013-03-06T11:57:47","modified_gmt":"2013-03-06T09:57:47","slug":"toplu-sozlesme-gorusmelerinde-son-durum","status":"publish","type":"post","link":"https:\/\/www.bbyhaber.com\/bby\/2012\/05\/19\/toplu-sozlesme-gorusmelerinde-son-durum","title":{"rendered":"Toplu s\u00f6zle\u015fme g\u00f6r\u00fc\u015fmelerinde son durum"},"content":{"rendered":"<p style=\"text-align: justify;\"><a href=\"http:\/\/kultursanatsen.org.tr\" target=\"_blank\">K\u00fclt\u00fcr-Sanat Sen- <\/a>18.05.2012 Cuma g\u00fcn\u00fc \u00c7al\u0131\u015fma ve Sosyal G\u00fcvenlik Bakanl\u0131\u011f\u0131\u2019nda 2012-2013 y\u0131l\u0131 toplu S\u00f6zle\u015fme G\u00f6r\u00fc\u015fmelerinin 7. oturumu yap\u0131ld\u0131. Toplant\u0131 i\u015f kollar\u0131 de\u011ferlendirilmeleri ile ba\u015flad\u0131. Sendikam\u0131z\u0131n toplu s\u00f6zle\u015fme talepleri i\u00e7inden mali ve sosyal haklar ile di\u011fer konular olmak \u00fczere 3 b\u00f6l\u00fcmde haz\u0131rlanan komisyon raporunu kamuoyu ve \u00fcyelerimizle payla\u015fm\u0131\u015ft\u0131k.Hizmet kollar\u0131nda yap\u0131lan g\u00f6r\u00fc\u015fmelerin ba\u015f\u0131ndan beri K\u00fclt\u00fcr ve Turizm Bakanl\u0131\u011f\u0131 yetkililerinin de bu g\u00f6r\u00fc\u015fmelere kat\u0131l\u0131m\u0131n\u0131 istedik. 17.05.2012 g\u00fcnl\u00fc toplant\u0131da bir kez daha talebimizi yineledik.<!--more--><\/p>\n<p style=\"text-align: justify;\">1- \u0130\u015f kolumuza ait sanatkarlar\u0131n %20 \u00fccret art\u0131\u015f\u0131,<\/p>\n<p style=\"text-align: justify;\">2- Sahne uygulat\u0131c\u0131s\u0131 uzman memurlar\u0131n emekli m\u00fcktesep hak ayl\u0131klar\u0131 d\u00fczeyinde maa\u015f almalar\u0131,<\/p>\n<p style=\"text-align: justify;\">3- 37-64 derece davas\u0131 d\u00fczenlemesi,<\/p>\n<p style=\"text-align: justify;\">4- Sanatkarlar\u0131n ek g\u00f6stergelerindeki mahkeme kararlar\u0131na istinaden d\u00fczenleme yap\u0131lmas\u0131,<\/p>\n<p style=\"text-align: justify;\">5- Enformasyon Memurlar\u0131n\u0131n Turizm ara\u015ft\u0131rmac\u0131s\u0131 \u00fcnvan\u0131na ge\u00e7irilmesi<\/p>\n<p style=\"text-align: justify;\">6- <strong>Arkeolog, m\u00fcze ara\u015ft\u0131rmac\u0131s\u0131, k\u00fct\u00fcphaneci, kitap patalo\u011fu ve folklor ara\u015ft\u0131rmac\u0131s\u0131 kadrolar\u0131na 3600 ek g\u00f6sterge verilmesi,<\/strong><\/p>\n<p style=\"text-align: justify;\">7- <strong>K\u00fct\u00fcphanecilerin \u00d6zel Hizmet Tazminat\u0131\u2019n\u0131n d\u00fczenlenmesi,<\/strong><\/p>\n<p style=\"text-align: justify;\">8- Misafir sanat\u00e7\u0131 ve s\u00fcreli s\u00f6zle\u015fmeli personelin sendikalara \u00fcye olmalar\u0131<\/p>\n<p style=\"text-align: justify;\">Konular\u0131 hakk\u0131nda K\u00fclt\u00fcr ve Turizm Bakanl\u0131\u011f\u0131\u2019n\u0131n g\u00f6r\u00fc\u015fleri istendi.<\/p>\n<p style=\"text-align: justify;\">Di\u011fer hizmet kollar\u0131nda, Daire Ba\u015fkan\u0131 d\u00fczeyinde yap\u0131lan bu kat\u0131l\u0131m, i\u015f kolumuzda, Bakanl\u0131k M\u00fcste\u015far\u0131 Say\u0131n \u00d6zg\u00fcr \u00d6ZASLAN ve Personel Daire Ba\u015fkan\u0131 Say\u0131n Ahmet YILMAZ taraf\u0131ndan ger\u00e7ekle\u015fti.<\/p>\n<p style=\"text-align: justify;\">Bakanl\u0131k g\u00f6r\u00fc\u015f olarak sanat kurumlar\u0131n\u0131n \u00fccretleri ile ilgili s\u0131k\u0131nt\u0131n\u0131n fark\u0131nda oldu\u011funu, yeni bir yasa tasla\u011f\u0131 haz\u0131rl\u0131\u011f\u0131n\u0131n bitmekte oldu\u011funu ve bu \u00fccret d\u00fczenlemeleri ile sanatkarlar\u0131n emekliliklerine ili\u015fkin iyile\u015ftirmelerin bu kanun kapsam\u0131nda ele al\u0131nd\u0131\u011f\u0131n\u0131 ilk a\u011f\u0131zdan dile getirdi.<\/p>\n<p style=\"text-align: justify;\">6.ve 7. maddelerle ilgili g\u00f6r\u00fc\u015flerinin sendikam\u0131zla ayn\u0131 oldu\u011funu dile getiren Say\u0131n M\u00fcste\u015far, Sanat kurumlar\u0131 i\u00e7in haz\u0131rlanan yasan\u0131n tasla\u011f\u0131 ile ilgili sanat kurumlar\u0131n\u0131n, \u00f6zl\u00fck mali haklar\u0131 temelinde, sendikan\u0131n g\u00f6r\u00fc\u015flerini almak istediklerini belirtti.<\/p>\n<p style=\"text-align: justify;\"><span style=\"color: #0000ff;\"><strong>\u0130\u015f Kolumuzdaki konulara ili\u015fkin Kamu i\u015fveren heyeti ise;<\/strong><\/span><\/p>\n<p style=\"text-align: justify;\">1-Sanat kurumlar\u0131na ili\u015fkin zam talebimizin \u0131srar\u0131 kar\u015f\u0131s\u0131nda 21.05.2012 g\u00fcn\u00fc g\u00f6r\u00fc\u015fmelere devam edeceklerini,<\/p>\n<p style=\"text-align: justify;\">2-<strong>K\u00fct\u00fcphanecilerin \u00d6HT kabul ettiklerini<\/strong>,<\/p>\n<p style=\"text-align: justify;\">3-Ek g\u00f6sterge taleplerinin emeklili\u011fe yans\u0131mas\u0131 nedeni ile t\u00fcm hizmet kollar\u0131nda reddeceklerini,<\/p>\n<p style=\"text-align: justify;\">4-Misafir sanat\u00e7\u0131lar\u0131n ve S.S.P. lilerin sendika \u00fcyeliklerini inceleyeceklerini,<\/p>\n<p style=\"text-align: justify;\">5-Sanat Kurumlar\u0131nda sa:24\u2019den sonra yap\u0131lan \u00e7al\u0131\u015fmalara saat ba\u015f\u0131 5 kat\u0131 mesai \u00fccreti verebileceklerini,<\/p>\n<p style=\"text-align: justify;\">6-Devlet Opera ve Balesi Orkestra Sanat\u00e7\u0131lar\u0131 ile G\u00fczel sanatlar Genel M\u00fcd\u00fcrl\u00fc\u011f\u00fc\u2019ne ba\u011fl\u0131 senfoni, koro ve topluluklarda \u00e7al\u0131\u015fan sanat\u00e7\u0131lara her y\u0131l, Eyl\u00fcl ay\u0131nda, kurumca belirlenen \u00f6zel k\u0131yafetin giyecek yard\u0131m\u0131 olarak de\u011fi\u015fikli\u011fini kabul ettiklerini a\u00e7\u0131klam\u0131\u015flard\u0131r.<\/p>\n<p style=\"text-align: justify;\">7-<strong>Arkeolog, M\u00fcze Ara\u015ft\u0131rmac\u0131s\u0131, K\u00fct\u00fcphaneci,Kitap Patalogu ,Folklor Ara\u015ft\u0131rmac\u0131s\u0131 unvanlar\u0131 i\u00e7in istenen 3600 ek g\u00f6sterge taleplerinin genel konularda yer almas\u0131n sebebiyle pazartesi g\u00fcn\u00fc konfederasyonlar taraf\u0131ndan g\u00f6r\u00fc\u015f\u00fclecektir.<\/strong><\/p>\n<p style=\"text-align: justify;\">8-G\u00f6revde Y\u00fckselme ve Unvan De\u011fi\u015fikli\u011fi S\u0131nav\u0131 idarenin inisiyatifine b\u0131rak\u0131lmaks\u0131z\u0131n periyodik olarak yap\u0131lacakt\u0131r.<\/p>\n<p style=\"text-align: justify;\">Ayr\u0131ca gelecek hafta \u2018T\u0130S talepleri ve Sanat Kurumlar\u0131\u2019 g\u00fcndemli Bakan\u0131m\u0131z Say\u0131n Ertu\u011frul G\u00dcNAY\u2019dan randevu al\u0131nm\u0131\u015ft\u0131r.<\/p>\n<p style=\"text-align: justify;\">2. Tablomuzda yer alan konular pazartesi g\u00f6r\u00fc\u015f\u00fclecek, 3. tabloda yer alan konular ise Dan\u0131\u015fma Kurullar\u0131nda g\u00f6r\u00fc\u015f\u00fclmek \u00fczere tutana\u011fa ba\u011flanacakt\u0131r.<\/p>\n<p style=\"text-align: justify;\">T\u00fcm bunlar g\u00f6z \u00f6n\u00fcne al\u0131nd\u0131\u011f\u0131nda hak taleplerimizin b\u00fcy\u00fck oranda kabul edilmedi\u011fi ortadad\u0131r.<\/p>\n<p style=\"text-align: justify;\">23.05.2012 \u00c7ar\u015famba g\u00fcn\u00fc konfederasyonumuz Kesk\u2019in 1 g\u00fcnl\u00fck i\u015f b\u0131rakma karar\u0131 gere\u011fi alanlarday\u0131z.<\/p>\n<p style=\"text-align: justify;\">T\u00fcm g\u00fcc\u00fcm\u00fczle kat\u0131l\u0131m sa\u011flamaya, sanat kurumlar\u0131n\u0131 ve sanat\u0131 savunmaya, i\u015fimize, ekme\u011fimize sahip \u00e7\u0131kmaya sendikam\u0131z \u00f6rg\u00fctl\u00fcl\u00fc\u011f\u00fcnde \u00e7a\u011fr\u0131 yap\u0131yor, sayg\u0131lar\u0131m\u0131z\u0131 sunuyoruz.<\/p>\n<p style=\"text-align: justify;\">Not : T\u0130S ile ilgili genel de\u011ferlendirmeyi s\u00fcre\u00e7 tamamland\u0131ktan sonra yapaca\u011f\u0131z.<\/p>\n<p style=\"text-align: justify;\">Kaynak: <a href=\"http:\/\/kultursanatsen.org.tr\" target=\"_blank\">K\u00fclt\u00fcr-Sanat Sen<\/a><\/p>\n<p style=\"text-align: justify;\"><strong>K\u00fclt\u00fcr-Sanat Sen Genel E\u011ft. Bas. Yay. ve Halkla \u0130l\u015f. Sekreteri Yusuf Sa\u011flam<\/strong>&#8216;\u0131n vermi\u015f oldu\u011fu son bilgi ise \u015fu \u015fekildedir (19 May\u0131s 2012, 13:20):<\/p>\n<p style=\"text-align: justify;\">&#8220;Maliye bakanl\u0131\u011f Kamu i\u015fveren teklifi olarak t\u00fcm k\u00fct\u00fcphanecilerin art\u0131k D bendinin \u00f6ng\u00f6rd\u00fc\u011f\u00fc zam ve tazminatlardan yararlanmas\u0131n\u0131n \u00f6n\u00fcnde engel kalmam\u0131\u015ft\u0131r. Maliyenin az \u00f6nce sendikam\u0131za g\u00f6ndermi\u015f oldu\u011fu i\u015fveren \u00f6nerilerinin i\u00e7inde yer almaktad\u0131r. Art\u0131k \u00f6nemli olan kariyer mesleklerin i\u00e7inde yer almas\u0131n\u0131 sa\u011flamak i\u00e7in C bendini \u0131srarla talep etmektir.Bir \u00e7ok sendikan\u0131n farkl\u0131 ve benzer taleplerinin mevcut olmas\u0131 do\u011fald\u0131r.\u00d6nemli olan o taleplerin masada iyi savunulup kazan\u0131m sa\u011flamakt\u0131r.Pazartesi daha iyi neticeler almam\u0131z \u00fcmidiyle.\u0130yi haftasonlar\u0131\u2026&#8221;<\/p>\n","protected":false},"excerpt":{"rendered":"<p>K\u00fclt\u00fcr-Sanat Sen- 18.05.2012 Cuma g\u00fcn\u00fc \u00c7al\u0131\u015fma ve Sosyal G\u00fcvenlik Bakanl\u0131\u011f\u0131\u2019nda 2012-2013 y\u0131l\u0131 toplu S\u00f6zle\u015fme G\u00f6r\u00fc\u015fmelerinin 7. oturumu yap\u0131ld\u0131. Toplant\u0131 i\u015f kollar\u0131 de\u011ferlendirilmeleri ile ba\u015flad\u0131. Sendikam\u0131z\u0131n toplu s\u00f6zle\u015fme talepleri i\u00e7inden mali ve sosyal haklar ile di\u011fer konular olmak \u00fczere 3 b\u00f6l\u00fcmde haz\u0131rlanan komisyon raporunu kamuoyu ve \u00fcyelerimizle payla\u015fm\u0131\u015ft\u0131k.Hizmet kollar\u0131nda yap\u0131lan g\u00f6r\u00fc\u015fmelerin ba\u015f\u0131ndan beri K\u00fclt\u00fcr ve Turizm [&hellip;]<\/p>\n","protected":false},"author":1,"featured_media":0,"comment_status":"open","ping_status":"open","sticky":false,"template":"","format":"standard","meta":{"footnotes":""},"categories":[1505],"tags":[1398,51,50],"class_list":["post-4418","post","type-post","status-publish","format-standard","hentry","category-teknik-kadro","tag-bby-ozluk-haklari","tag-teknik-kadro-kutuphaneci","tag-ths-kutuphaneci"],"_links":{"self":[{"href":"https:\/\/www.bbyhaber.com\/bby\/wp-json\/wp\/v2\/posts\/4418"}],"collection":[{"href":"https:\/\/www.bbyhaber.com\/bby\/wp-json\/wp\/v2\/posts"}],"about":[{"href":"https:\/\/www.bbyhaber.com\/bby\/wp-json\/wp\/v2\/types\/post"}],"author":[{"embeddable":true,"href":"https:\/\/www.bbyhaber.com\/bby\/wp-json\/wp\/v2\/users\/1"}],"replies":[{"embeddable":true,"href":"https:\/\/www.bbyhaber.com\/bby\/wp-json\/wp\/v2\/comments?post=4418"}],"version-history":[{"count":0,"href":"https:\/\/www.bbyhaber.com\/bby\/wp-json\/wp\/v2\/posts\/4418\/revisions"}],"wp:attachment":[{"href":"https:\/\/www.bbyhaber.com\/bby\/wp-json\/wp\/v2\/media?parent=4418"}],"wp:term":[{"taxonomy":"category","embeddable":true,"href":"https:\/\/www.bbyhaber.com\/bby\/wp-json\/wp\/v2\/categories?post=4418"},{"taxonomy":"post_tag","embeddable":true,"href":"https:\/\/www.bbyhaber.com\/bby\/wp-json\/wp\/v2\/tags?post=4418"}],"curies":[{"name":"wp","href":"https:\/\/api.w.org\/{rel}","templated":true}]}}