{"id":4404,"date":"2012-05-20T09:30:54","date_gmt":"2012-05-20T09:30:54","guid":{"rendered":"http:\/\/www.bbyhaber.com\/bby\/?p=4404"},"modified":"2013-03-06T11:57:43","modified_gmt":"2013-03-06T09:57:43","slug":"yokun-bby-bolumunden-mezun-olan-arsiv-memurlarina-dair-karari","status":"publish","type":"post","link":"https:\/\/www.bbyhaber.com\/bby\/2012\/05\/20\/yokun-bby-bolumunden-mezun-olan-arsiv-memurlarina-dair-karari","title":{"rendered":"Y\u00d6K&#8217;\u00fcn BBY b\u00f6l\u00fcm\u00fcnden mezun olan Ar\u015fiv Memurlar\u0131na dair karar\u0131"},"content":{"rendered":"<p style=\"text-align: justify;\">Bilgi ve Belge Y\u00f6netimi B\u00f6l\u00fcm\u00fc&#8217;nden mezun olup Ar\u015fiv Memuru kadrosunda \u00e7al\u0131\u015fanlar\u0131n, THS&#8217;de ad\u0131 ge\u00e7en Ar\u015fivci kadrosu ile e\u015fde\u011fer oldu\u011funa dair Y\u00d6K&#8217;\u00fcn Ankara \u00dcniversitesi Rekt\u00f6rl\u00fc\u011f\u00fc&#8217;ne g\u00f6ndermi\u015f oldu\u011fu karar\u0131 ektedir.<!--more--><\/p>\n<p><a href=\"http:\/\/www.bbyhaber.com\/bby\/wp-content\/uploads\/dosyalar\/ths\/au-bby-gorusune-yok-cevabi.jpg\"><img loading=\"lazy\" decoding=\"async\" class=\"alignnone\" src=\"http:\/\/www.bbyhaber.com\/bby\/wp-content\/uploads\/dosyalar\/ths\/au-bby-gorusune-yok-cevabi.jpg\" alt=\"\" width=\"256\" height=\"339\" \/><\/a><\/p>\n<p>&nbsp;<\/p>\n<p>Kaynak: K\u00fct\u00fcp-L<\/p>\n<p><span style=\"color: #0000ff;\"><strong><a href=\"http:\/\/www.bbyhaber.com\/bby\/wp-content\/uploads\/dosyalar\/ths\/au-bby-gorusune-yok-cevabi.pdf\" target=\"_blank\"><span style=\"color: #0000ff;\">Belge olarak indir<\/span><\/a><\/strong><\/span><\/p>\n","protected":false},"excerpt":{"rendered":"<p>Bilgi ve Belge Y\u00f6netimi B\u00f6l\u00fcm\u00fc&#8217;nden mezun olup Ar\u015fiv Memuru kadrosunda \u00e7al\u0131\u015fanlar\u0131n, THS&#8217;de ad\u0131 ge\u00e7en Ar\u015fivci kadrosu ile e\u015fde\u011fer oldu\u011funa dair Y\u00d6K&#8217;\u00fcn Ankara \u00dcniversitesi Rekt\u00f6rl\u00fc\u011f\u00fc&#8217;ne g\u00f6ndermi\u015f oldu\u011fu karar\u0131 ektedir.<\/p>\n","protected":false},"author":1,"featured_media":0,"comment_status":"open","ping_status":"open","sticky":false,"template":"","format":"standard","meta":{"footnotes":""},"categories":[1605],"tags":[1096,1398],"class_list":["post-4404","post","type-post","status-publish","format-standard","hentry","category-teknik-kadro-arsivciler","tag-arsivcilik","tag-bby-ozluk-haklari"],"_links":{"self":[{"href":"https:\/\/www.bbyhaber.com\/bby\/wp-json\/wp\/v2\/posts\/4404"}],"collection":[{"href":"https:\/\/www.bbyhaber.com\/bby\/wp-json\/wp\/v2\/posts"}],"about":[{"href":"https:\/\/www.bbyhaber.com\/bby\/wp-json\/wp\/v2\/types\/post"}],"author":[{"embeddable":true,"href":"https:\/\/www.bbyhaber.com\/bby\/wp-json\/wp\/v2\/users\/1"}],"replies":[{"embeddable":true,"href":"https:\/\/www.bbyhaber.com\/bby\/wp-json\/wp\/v2\/comments?post=4404"}],"version-history":[{"count":0,"href":"https:\/\/www.bbyhaber.com\/bby\/wp-json\/wp\/v2\/posts\/4404\/revisions"}],"wp:attachment":[{"href":"https:\/\/www.bbyhaber.com\/bby\/wp-json\/wp\/v2\/media?parent=4404"}],"wp:term":[{"taxonomy":"category","embeddable":true,"href":"https:\/\/www.bbyhaber.com\/bby\/wp-json\/wp\/v2\/categories?post=4404"},{"taxonomy":"post_tag","embeddable":true,"href":"https:\/\/www.bbyhaber.com\/bby\/wp-json\/wp\/v2\/tags?post=4404"}],"curies":[{"name":"wp","href":"https:\/\/api.w.org\/{rel}","templated":true}]}}