{"id":4400,"date":"2012-05-17T15:30:33","date_gmt":"2012-05-17T15:30:33","guid":{"rendered":"http:\/\/www.bbyhaber.com\/bby\/?p=4400"},"modified":"2013-03-06T11:57:51","modified_gmt":"2013-03-06T09:57:51","slug":"tapu-ve-kadastro-genel-mudurlugunde-calisan-bby-mezunu-arkadaslara-dair-bilgi-notu","status":"publish","type":"post","link":"https:\/\/www.bbyhaber.com\/bby\/2012\/05\/17\/tapu-ve-kadastro-genel-mudurlugunde-calisan-bby-mezunu-arkadaslara-dair-bilgi-notu","title":{"rendered":"Tapu ve Kadastro Genel M\u00fcd\u00fcrl\u00fc\u011f\u00fcnde \u00e7al\u0131\u015fan BBY mezunu arkada\u015flara dair bilgi notu"},"content":{"rendered":"<p style=\"text-align: justify;\">De\u011ferli Meslekta\u015flar\u0131m,<\/p>\n<p style=\"text-align: justify;\">Bildi\u011finiz gibi Tapu ve Kadastro Genel M\u00fcd\u00fcrl\u00fc\u011f\u00fcnde \u00e7al\u0131\u015fan Bilgi ve Belge Y\u00f6netimi mezunu arkada\u015flar \u201cAr\u015fiv Memuru\u201d kadrosunda \u00e7al\u0131\u015fmaktalar. TKD, yakla\u015f\u0131k iki y\u0131ld\u0131r arkada\u015flar\u0131m\u0131z\u0131n hak ettikleri Ar\u015fivci kadrolar\u0131na al\u0131nmalar\u0131 i\u00e7in Devlet Personel ve\u00a0 Tapu ve Kadastro Genel M\u00fcd\u00fcrl\u00fc\u011f\u00fc ile g\u00f6r\u00fc\u015fmeler yapmaktad\u0131r.<!--more--><\/p>\n<p style=\"text-align: justify;\">Devlet Personel Ba\u015fkanl\u0131\u011f\u0131 ile yapt\u0131\u011f\u0131m\u0131z g\u00f6r\u00fc\u015fmede iptal &#8211; ihdas i\u00e7in Tapu ve Kadastro Genel M\u00fcd\u00fcrl\u00fc\u011f\u00fcnden bu konuda bir giri\u015fim olmad\u0131\u011f\u0131n\u0131 \u00f6\u011frendikten sonra, bug\u00fcn Tapu ve Kadastro Genel M\u00fcd\u00fcrl\u00fc\u011f\u00fc \u0130nsan Kaynaklar\u0131 Ba\u015fkan\u0131 Ali ADAK ile g\u00f6r\u00fc\u015ft\u00fcm. \u0130ptal &#8211; \u0130hdas i\u00e7in Devlet Personel Ba\u015fkanl\u0131\u011f\u0131na iletecekleri listede Ar\u015fivcilerin olmad\u0131\u011f\u0131n\u0131 tespit ettik.<\/p>\n<p style=\"text-align: justify;\">Ali ADAK, g\u00f6r\u00fc\u015fmemiz sonucu listeye Ar\u015fivcilerinde eklenmesi i\u00e7in \u0130lgili \u015eube M\u00fcd\u00fcr\u00fcne talimat verdi, listeye ekleyecekler. Ancak benim Ar\u015fiv Memuru kadrosunda olan arkada\u015flardan ricam, Tapu ve Kadastro Genel M\u00fcd\u00fcrl\u00fc\u011f\u00fc\u2019n\u00fcn (0312) 413 61 05\u2019nolu faks\u0131na, genel m\u00fcd\u00fcrl\u00fc\u011f\u00fcn bu konuda duyarl\u0131 olmalar\u0131 gerekti\u011fine dair faks \u00e7ekmeleri.<\/p>\n<p style=\"text-align: justify;\">\u0130lgili \u015eube M\u00fcd\u00fcr\u00fc ile de g\u00f6r\u00fc\u015fmemde, Ar\u015fivcilerin atland\u0131\u011f\u0131n\u0131 listeye ekleyecekleri konusunda karara vard\u0131k.\u00a0 Ama, ben yine de sizlerin de bu konuda duyarl\u0131 oldu\u011funuzu, Genel M\u00fcd\u00fcrl\u00fc\u011f\u00fcn\u00fcze hissettirmeniz gerekti\u011fini d\u00fc\u015f\u00fcn\u00fcyorum.<\/p>\n<p style=\"text-align: justify;\">Sayg\u0131lar\u0131mla.<\/p>\n<p style=\"text-align: justify;\">Ali Fuat KARTAL<br \/>\nTKD Genel Ba\u015fkan\u0131<\/p>\n<p style=\"text-align: justify;\">Kaynak: K\u00fct\u00fcp-L<\/p>\n","protected":false},"excerpt":{"rendered":"<p>De\u011ferli Meslekta\u015flar\u0131m, Bildi\u011finiz gibi Tapu ve Kadastro Genel M\u00fcd\u00fcrl\u00fc\u011f\u00fcnde \u00e7al\u0131\u015fan Bilgi ve Belge Y\u00f6netimi mezunu arkada\u015flar \u201cAr\u015fiv Memuru\u201d kadrosunda \u00e7al\u0131\u015fmaktalar. TKD, yakla\u015f\u0131k iki y\u0131ld\u0131r arkada\u015flar\u0131m\u0131z\u0131n hak ettikleri Ar\u015fivci kadrolar\u0131na al\u0131nmalar\u0131 i\u00e7in Devlet Personel ve\u00a0 Tapu ve Kadastro Genel M\u00fcd\u00fcrl\u00fc\u011f\u00fc ile g\u00f6r\u00fc\u015fmeler yapmaktad\u0131r.<\/p>\n","protected":false},"author":1,"featured_media":0,"comment_status":"open","ping_status":"open","sticky":false,"template":"","format":"standard","meta":{"footnotes":""},"categories":[1474,1505],"tags":[1096,1398,51,50],"class_list":["post-4400","post","type-post","status-publish","format-standard","hentry","category-ali-fuat-kartal","category-teknik-kadro","tag-arsivcilik","tag-bby-ozluk-haklari","tag-teknik-kadro-kutuphaneci","tag-ths-kutuphaneci"],"_links":{"self":[{"href":"https:\/\/www.bbyhaber.com\/bby\/wp-json\/wp\/v2\/posts\/4400"}],"collection":[{"href":"https:\/\/www.bbyhaber.com\/bby\/wp-json\/wp\/v2\/posts"}],"about":[{"href":"https:\/\/www.bbyhaber.com\/bby\/wp-json\/wp\/v2\/types\/post"}],"author":[{"embeddable":true,"href":"https:\/\/www.bbyhaber.com\/bby\/wp-json\/wp\/v2\/users\/1"}],"replies":[{"embeddable":true,"href":"https:\/\/www.bbyhaber.com\/bby\/wp-json\/wp\/v2\/comments?post=4400"}],"version-history":[{"count":0,"href":"https:\/\/www.bbyhaber.com\/bby\/wp-json\/wp\/v2\/posts\/4400\/revisions"}],"wp:attachment":[{"href":"https:\/\/www.bbyhaber.com\/bby\/wp-json\/wp\/v2\/media?parent=4400"}],"wp:term":[{"taxonomy":"category","embeddable":true,"href":"https:\/\/www.bbyhaber.com\/bby\/wp-json\/wp\/v2\/categories?post=4400"},{"taxonomy":"post_tag","embeddable":true,"href":"https:\/\/www.bbyhaber.com\/bby\/wp-json\/wp\/v2\/tags?post=4400"}],"curies":[{"name":"wp","href":"https:\/\/api.w.org\/{rel}","templated":true}]}}