{"id":4385,"date":"2012-05-17T06:33:15","date_gmt":"2012-05-17T03:33:15","guid":{"rendered":"http:\/\/www.bbyhaber.com\/bby\/?p=4385"},"modified":"2012-09-07T19:28:55","modified_gmt":"2012-09-07T16:28:55","slug":"ataturkun-okudugu-kitaplar-sanala-tasindi","status":"publish","type":"post","link":"https:\/\/www.bbyhaber.com\/bby\/2012\/05\/17\/ataturkun-okudugu-kitaplar-sanala-tasindi","title":{"rendered":"Atat\u00fcrk&#8217;\u00fcn okudu\u011fu kitaplar sanala ta\u015f\u0131nd\u0131"},"content":{"rendered":"<p style=\"text-align: justify;\">K\u00fclt\u00fcr ve Turizm Bakanl\u0131\u011f\u0131 K\u00fct\u00fcphaneler ve Yay\u0131mlar Genel M\u00fcd\u00fcr\u00fc Prof. Dr. Onur Bilge Kula, Atat\u00fcrk&#8217;\u00fcn ya\u015fam\u0131n\u0131 dolduran temel de\u011ferlerin kitaplar oldu\u011funu belirterek, &#8221;Bu kadar kendisini s\u00fcrekli geli\u015ftirmek, yenilemek ve t\u00fcmlemek u\u011fra\u015f\u0131 i\u00e7indeki insan\u0131n, zaman\u0131n\u0131n diktat\u00f6rleriyle kar\u015f\u0131la\u015ft\u0131r\u0131lmas\u0131 \u00e7ok b\u00fcy\u00fck talihsizlik, talihsizli\u011fin de \u00f6tesinde vicdans\u0131zl\u0131k olur&#8221; dedi. \u0130stanbul \u00dcniversitesi (\u0130\u00dc) K\u00fct\u00fcphane ve Dok\u00fcmantasyon Dairesi&#8217;nin 19 May\u0131s nedeniyle d\u00fczenledi\u011fi &#8221;Atat\u00fcrk&#8217;le Okumak&#8221; projesi kapsam\u0131nda, Nadir Eserler K\u00fct\u00fcphanesi&#8217;ndeki Atat\u00fcrk&#8217;\u00fcn okudu\u011fu kitaplar 3 boyutlu olarak sanal ortama ta\u015f\u0131nd\u0131. <!--more--><\/p>\n<p style=\"text-align: justify;\">Projeye ili\u015fkin \u0130\u00dc Rekt\u00f6rl\u00fck Binas\u0131 Doktora Salonu&#8217;nda d\u00fczenlenen tan\u0131t\u0131m toplant\u0131s\u0131nda konu\u015fan Prof. Dr. Kula, &#8221;Atat\u00fcrk&#8217;le Okumak&#8221;\u0131n, T\u00fcrkiye&#8217;nin k\u00f6kl\u00fc \u00fcniversitelerinden \u0130\u00dc&#8217;ye yak\u0131\u015fan bir etkinlik oldu\u011funu s\u00f6yledi. Kula, Atat\u00fcrk&#8217;\u00fcn Balkanlar&#8217;da yeti\u015fti\u011fini ve k\u00fclt\u00fcrel geli\u015fmesinde \u00e7ok k\u00fclt\u00fcrl\u00fc, a\u00e7\u0131k bir co\u011frafyada yeti\u015fmesinin rol\u00fc oldu\u011funu anlatt\u0131.<\/p>\n<p style=\"text-align: justify;\">Atat\u00fcrk&#8217;\u00fcn, 1920 T\u00fcrkiye&#8217;sinde d\u00fcnya edebiyat\u0131n\u0131n klasiklerini ba\u015fucu kitab\u0131 yapan, d\u00fcnya felsefesini okuyan bir insan oldu\u011funu kaydeden Kula, &#8221;T\u00fcrkiye Cumhuriyeti&#8217;nin kurulmu\u015f olmas\u0131, vatanda\u015flar\u0131n\u0131n \u00f6zerk bireyler olarak ya\u015famlar\u0131n\u0131 s\u00fcrd\u00fcrebilece\u011fi ko\u015fullar\u0131n sa\u011flanmas\u0131na ra\u011fmen hala aray\u0131\u015f\u0131 s\u00fcrd\u00fcren bir insand\u0131r. Atat\u00fcrk&#8217;\u00fcn bu \u00f6zellikleri ger\u00e7ekten \u00f6vg\u00fcye de\u011fer bir y\u00f6n\u00fcd\u00fcr. Ekim 1924&#8217;te Erzurum&#8217;da depremzedelere kitap arma\u011fan eden kitap\u00e7\u0131 Hilmi&#8217;ye, &#8216;Bunlar \u00e7ok de\u011ferli arma\u011fanlard\u0131r&#8217; demi\u015f ve te\u015fekk\u00fcr etmi\u015ftir&#8221; diye konu\u015ftu.<\/p>\n<p style=\"text-align: justify;\">\u0130ran \u015eah\u0131 1930&#8217;da T\u00fcrkiye&#8217;yi ziyaret etti\u011finde, Atat\u00fcrk&#8217;\u00fcn kendisini Milli K\u00fct\u00fcphane&#8217;ye g\u00f6t\u00fcrd\u00fc\u011f\u00fcn\u00fc anlatan Kula, \u015f\u00f6yle devam etti:<\/p>\n<p style=\"text-align: justify;\">&#8221;Atat\u00fcrk&#8217;\u00fcn ya\u015fam\u0131n\u0131 dolduran temel de\u011ferlerden bahsetmek gerekirse, bunlar kitaplard\u0131r. \u015eiiri \u00e7ok seviyordu. Uygar, yap\u0131c\u0131 ve \u00f6\u011frenici bir tav\u0131rla, yap\u0131lan i\u015flerin de bilincinde olarak ilerliyor. Bu kadar kendisini s\u00fcrekli geli\u015ftirmek, yenilemek ve t\u00fcmlemek u\u011fra\u015f\u0131 i\u00e7indeki insan\u0131n, zaman\u0131n\u0131n diktat\u00f6rleriyle kar\u015f\u0131la\u015ft\u0131r\u0131lmas\u0131 \u00e7ok b\u00fcy\u00fck talihsizlik, talihsizli\u011fin de \u00f6tesinde vicdans\u0131zl\u0131k olur. Dolay\u0131s\u0131yla Atat\u00fcrk&#8217;\u00fc bu \u00f6l\u00e7\u00fclerle de\u011ferlendirmek laz\u0131m. Bizim g\u00f6revimiz, ne Atat\u00fcrk&#8217;\u00fc gereksiz yere y\u00fccelterek ba\u015fkas\u0131n\u0131n tepkisini \u00e7ekmesine ortam haz\u0131rlamak ne de k\u00fc\u00e7\u00fcltmek, Atat\u00fcrk&#8217;\u00fc oldu\u011fu gibi g\u00f6stererek g\u00fcn\u00fcm\u00fczdeki ge\u00e7erlili\u011finin yans\u0131t\u0131lmas\u0131na ortam sa\u011flamakt\u0131r.&#8221;<\/p>\n<p style=\"text-align: justify;\"><strong>-Rekt\u00f6r Vekili Prof. Dr. Adalet-<\/strong><\/p>\n<p style=\"text-align: justify;\">\u0130\u00dc Rekt\u00f6r Vekili Prof. Dr. Kamil Adalet de Atat\u00fcrk&#8217;\u00fcn kendisi i\u00e7in hayat\u0131 boyunca b\u00fcy\u00fck \u00f6nemi bulundu\u011funu belirterek, Atat\u00fcrk&#8217;\u00fcn ya\u015fam\u0131ndan bilinmeyen ayr\u0131nt\u0131lar\u0131 anlatt\u0131. Adalet, &#8221;L\u00fctfen g\u00fc\u00e7lere, politik dengelere bakmay\u0131n\u0131z, hepiniz vicdani kanaatlerinizle her karar\u0131 o g\u00fcn\u00fcn ko\u015fullar\u0131 i\u00e7inde de\u011ferlendiriniz. 2010&#8217;un demokrasi ko\u015fullar\u0131yla, Avrupa fa\u015fizmini bile hen\u00fcz ya\u015famam\u0131\u015f bir d\u00f6nemi de\u011ferlendirirseniz, futbol tabiriyle ofsayta d\u00fc\u015fersiniz&#8221; diye konu\u015ftu.<\/p>\n<p style=\"text-align: justify;\">Atat\u00fcrk Ara\u015ft\u0131rma Merkezi M\u00fcd\u00fcr\u00fc Prof. Dr. Cezmi Eraslan da Atat\u00fcrk&#8217;\u00fcn alt\u0131n\u0131 \u00e7izdi\u011fi &#8221;T\u00fcrkiye Cumhuriyeti&#8217;nin temeli k\u00fclt\u00fcrd\u00fcr&#8221; felsefesinin g\u00fcn\u00fcm\u00fczde daha da \u00f6nemli hale geldi\u011fini s\u00f6yledi.<\/p>\n<p style=\"text-align: justify;\">Atat\u00fcrk&#8217;\u00fcn askerlik hayat\u0131n\u0131n yan\u0131 s\u0131ra k\u00fclt\u00fcr ve sosyal hayat\u0131nda da aktif bir \u015fahsiyet oldu\u011funu vurgulayan Eraslan, Atat\u00fcrk&#8217;\u00fcn her zaman yo\u011fun bir okuma faaliyeti i\u00e7inde bulundu\u011funu tan\u0131klar\u0131n belirtti\u011fini anlatt\u0131. Eraslan, &#8221;Atat\u00fcrk&#8217;\u00fcn k\u00fclt\u00fcr, sanat ve tarih \u00e7al\u0131\u015fmalar\u0131nda kulland\u0131\u011f\u0131, \u015fimdi \u0130\u00dc K\u00fct\u00fcphane ve Dok\u00fcmantasyon Dairesi&#8217;ne ba\u011fl\u0131 Nadir Eserler K\u00fct\u00fcphanesi tamamen dijital ortama aktar\u0131lm\u0131\u015ft\u0131r. Hem i\u00e7eri\u011fi hem fizik yap\u0131s\u0131 sanal ortama aktar\u0131lm\u0131\u015ft\u0131r&#8221; dedi.<\/p>\n<p style=\"text-align: justify;\">Atat\u00fcrk&#8217;\u00fcn, &#8221;Hayatta en hakiki m\u00fcr\u015fit ilimdir&#8221; s\u00f6z\u00fcn\u00fc hat\u0131rlatan Eraslan, sanal teknolojinin sa\u011flad\u0131\u011f\u0131 imkanlarla tasarlanan bu projenin hayata ge\u00e7mesi i\u00e7in \u0130\u00dc Rekt\u00f6r\u00fc Prof. Dr. Yunus S\u00f6ylet ve koordinasyonunda tam mesai harcayan \u00fcniversite personeline de te\u015fekk\u00fcr etti.<\/p>\n<p style=\"text-align: justify;\">\u0130\u00dc K\u00fct\u00fcphane ve Dok\u00fcmantasyon Dairesi Genel Sekreter Yard\u0131mc\u0131s\u0131 ve Proje Y\u00f6neticisi Figen Cihan da 19 May\u0131s Atat\u00fcrk&#8217;\u00fc Anma Gen\u00e7lik ve Spor Bayram\u0131 etkinlikleri \u00e7er\u00e7evesinde bu etkinli\u011fi d\u00fczenlediklerini belirterek, &#8221;T\u00fcrkiye&#8217;de ilk defa 3 boyutlu bir k\u00fct\u00fcphane tasarlad\u0131k. Nadir Eserler K\u00fct\u00fcphanesi&#8217;nin bire bir \u00e7izimidir. T\u00fcm kitaplar\u0131 da bu k\u00fct\u00fcphaneye dizerek bir sanal ortam yaratt\u0131k. Atat\u00fcrk&#8217;\u00fc okur ve yazar olarak bu kadar ayr\u0131nt\u0131l\u0131 \u00e7al\u0131\u015fm\u0131\u015f ve dijital ortama ta\u015f\u0131m\u0131\u015f ba\u015fka bir program yok&#8221; diye konu\u015ftu. Cihan, \u00e7al\u0131\u015fmay\u0131 3 ayda tamamlad\u0131klar\u0131n\u0131 kaydederek, eme\u011fi ge\u00e7enlere te\u015fekk\u00fcr etti.<\/p>\n<p style=\"text-align: justify;\"><strong>-Atat\u00fcrk&#8217;\u00fcn el yaz\u0131s\u0131 notlar\u0131 bile var-<\/strong><\/p>\n<p style=\"text-align: justify;\">&#8221;Atat\u00fcrk&#8217;le Okumak&#8221; projesi kapsam\u0131nda internet ortam\u0131nda Nadir Eserler K\u00fct\u00fcphanesi&#8217;nin 3 boyutlu kopyas\u0131 &#8221;http:\/\/ataturkleokumak.istanbul.edu.tr&#8221; adresinden ziyaret edilebilecek. Sanal k\u00fct\u00fcphane, \u00fcniversitenin 1912 tarihli orijinal yap\u0131s\u0131na sahip Nadir Eserler K\u00fct\u00fcphanesi&#8217;nin bina g\u00f6r\u00fcn\u00fcm\u00fcyle a\u00e7\u0131l\u0131yor.<\/p>\n<p style=\"text-align: justify;\">Orijinal k\u00fct\u00fcphanenin fiziki yap\u0131s\u0131 ve i\u00e7inde bulunan her \u015feyin bire bir yans\u0131t\u0131ld\u0131\u011f\u0131 sanal k\u00fct\u00fcphanede, ayn\u0131 orijinal k\u00fct\u00fcphanedeki gibi koridordan ge\u00e7ilerek k\u00fct\u00fcphaneye giriliyor ve k\u00fct\u00fcphanede bulunan Atat\u00fcrk&#8217;e ait kitaplar incelenebiliyor. K\u00fct\u00fcphanedeki kitaplarda Atat\u00fcrk&#8217;\u00fcn okudu\u011fu kitaplardaki orijinal notlar\u0131 da yer al\u0131yor.<\/p>\n<p style=\"text-align: justify;\">Kaynak: http:\/\/www.haber7.com<\/p>\n","protected":false},"excerpt":{"rendered":"<p>K\u00fclt\u00fcr ve Turizm Bakanl\u0131\u011f\u0131 K\u00fct\u00fcphaneler ve Yay\u0131mlar Genel M\u00fcd\u00fcr\u00fc Prof. Dr. Onur Bilge Kula, Atat\u00fcrk&#8217;\u00fcn ya\u015fam\u0131n\u0131 dolduran temel de\u011ferlerin kitaplar oldu\u011funu belirterek, &#8221;Bu kadar kendisini s\u00fcrekli geli\u015ftirmek, yenilemek ve t\u00fcmlemek u\u011fra\u015f\u0131 i\u00e7indeki insan\u0131n, zaman\u0131n\u0131n diktat\u00f6rleriyle kar\u015f\u0131la\u015ft\u0131r\u0131lmas\u0131 \u00e7ok b\u00fcy\u00fck talihsizlik, talihsizli\u011fin de \u00f6tesinde vicdans\u0131zl\u0131k olur&#8221; dedi. \u0130stanbul \u00dcniversitesi (\u0130\u00dc) K\u00fct\u00fcphane ve Dok\u00fcmantasyon Dairesi&#8217;nin 19 May\u0131s nedeniyle [&hellip;]<\/p>\n","protected":false},"author":1,"featured_media":0,"comment_status":"open","ping_status":"open","sticky":false,"template":"","format":"standard","meta":{"footnotes":""},"categories":[],"tags":[1096,1437],"class_list":["post-4385","post","type-post","status-publish","format-standard","hentry","tag-arsivcilik","tag-univ-arastirma-kutuphaneleri"],"_links":{"self":[{"href":"https:\/\/www.bbyhaber.com\/bby\/wp-json\/wp\/v2\/posts\/4385"}],"collection":[{"href":"https:\/\/www.bbyhaber.com\/bby\/wp-json\/wp\/v2\/posts"}],"about":[{"href":"https:\/\/www.bbyhaber.com\/bby\/wp-json\/wp\/v2\/types\/post"}],"author":[{"embeddable":true,"href":"https:\/\/www.bbyhaber.com\/bby\/wp-json\/wp\/v2\/users\/1"}],"replies":[{"embeddable":true,"href":"https:\/\/www.bbyhaber.com\/bby\/wp-json\/wp\/v2\/comments?post=4385"}],"version-history":[{"count":0,"href":"https:\/\/www.bbyhaber.com\/bby\/wp-json\/wp\/v2\/posts\/4385\/revisions"}],"wp:attachment":[{"href":"https:\/\/www.bbyhaber.com\/bby\/wp-json\/wp\/v2\/media?parent=4385"}],"wp:term":[{"taxonomy":"category","embeddable":true,"href":"https:\/\/www.bbyhaber.com\/bby\/wp-json\/wp\/v2\/categories?post=4385"},{"taxonomy":"post_tag","embeddable":true,"href":"https:\/\/www.bbyhaber.com\/bby\/wp-json\/wp\/v2\/tags?post=4385"}],"curies":[{"name":"wp","href":"https:\/\/api.w.org\/{rel}","templated":true}]}}