{"id":4380,"date":"2012-05-16T12:10:47","date_gmt":"2012-05-16T12:10:47","guid":{"rendered":"http:\/\/www.bbyhaber.com\/bby\/?p=4380"},"modified":"2012-09-07T17:47:59","modified_gmt":"2012-09-07T14:47:59","slug":"maltepeye-bir-kutuphane-daha-kazandirildi","status":"publish","type":"post","link":"https:\/\/www.bbyhaber.com\/bby\/2012\/05\/16\/maltepeye-bir-kutuphane-daha-kazandirildi","title":{"rendered":"Maltepe&#8217;ye bir k\u00fct\u00fcphane daha kazand\u0131r\u0131ld\u0131"},"content":{"rendered":"<p style=\"text-align: justify;\">Maltepe Muhsine Zeynep \u0130lk\u00f6\u011fretim Okulunda bir ba\u011f\u0131\u015f\u00e7\u0131 taraf\u0131ndan yeniden d\u00fczenlenen \u00e7ok ama\u00e7l\u0131 salon ve K\u00fct\u00fcphane Maltepe Kaymakam\u0131 Ahmet OKUR taraf\u0131ndan a\u00e7\u0131ld\u0131. A\u00e7\u0131l\u0131\u015f t\u00f6renine Maltepe Kaymakam\u0131 Ahmet Okur\u2019un yan\u0131s\u0131ra \u0130l\u00e7e Milli E\u011fitim M\u00fcd\u00fcr\u00fc Faik KAPTAN, Ba\u011f\u0131\u015f\u00e7\u0131 Sacide KARATA\u015e, veliler ve \u00f6\u011frenciler kat\u0131ld\u0131.<!--more--><\/p>\n<p style=\"text-align: justify;\">K\u00fct\u00fcphane a\u00e7\u0131l\u0131\u015f\u0131yla okulun yeni kitaplara kavu\u015fmas\u0131 \u00f6\u011frencilerin y\u00fczlerine yans\u0131m\u0131\u015ft\u0131. Gayet mutlu g\u00f6z\u00fcken \u00f6\u011frenciler eme\u011fi ge\u00e7enler i\u00e7in Kaymakam Okur\u2019a te\u015fekk\u00fcr ettiler. Maltepe Kaymakam\u0131 Ahmet Okur, a\u00e7\u0131l\u0131\u015fta yapt\u0131\u011f\u0131 k\u0131sa konu\u015fmada \u00f6ncelikle ba\u011f\u0131\u015f\u00e7\u0131ya ve okul idarecilerine te\u015fekk\u00fcrlerini iletti. \u00d6\u011frenci ve \u00f6\u011fretmenlere hitaben yapt\u0131\u011f\u0131 konu\u015fmada da \u00f6\u011frencileri; \u201cKaymakaml\u0131k binas\u0131 alt\u0131nda bulunan il\u00e7enin en b\u00fcy\u00fck Halk K\u00fct\u00fcphanesine \u00fcye olmaya ve kitaplar\u0131ndan faydalanmaya\u201d davet etti.<\/p>\n<p style=\"text-align: justify;\">Konu\u015fma sonras\u0131 K\u00fct\u00fcphane de kitaplar\u0131 da inceleyen Kaymakam OKUR, okulun en fazla kitap okuyan \u00f6\u011frencisi ile de tan\u0131\u015farak, \u00f6\u011frenciye kitap tavsiyelerinde bulundu. Daha sonra okul aile birli\u011fi ve veliler, haz\u0131rlad\u0131klar\u0131 ikramlar\u0131 Kaymakam OKUR ve kat\u0131l\u0131mc\u0131lara sundu. Hat\u0131ra foto\u011fraf\u0131 \u00e7ekiminden sonra da a\u00e7\u0131l\u0131\u015f program\u0131 sona erdi.<\/p>\n<p style=\"text-align: justify;\">Kaynak: http:\/\/www.samanyoluhaber.com<\/p>\n","protected":false},"excerpt":{"rendered":"<p>Maltepe Muhsine Zeynep \u0130lk\u00f6\u011fretim Okulunda bir ba\u011f\u0131\u015f\u00e7\u0131 taraf\u0131ndan yeniden d\u00fczenlenen \u00e7ok ama\u00e7l\u0131 salon ve K\u00fct\u00fcphane Maltepe Kaymakam\u0131 Ahmet OKUR taraf\u0131ndan a\u00e7\u0131ld\u0131. A\u00e7\u0131l\u0131\u015f t\u00f6renine Maltepe Kaymakam\u0131 Ahmet Okur\u2019un yan\u0131s\u0131ra \u0130l\u00e7e Milli E\u011fitim M\u00fcd\u00fcr\u00fc Faik KAPTAN, Ba\u011f\u0131\u015f\u00e7\u0131 Sacide KARATA\u015e, veliler ve \u00f6\u011frenciler kat\u0131ld\u0131.<\/p>\n","protected":false},"author":1,"featured_media":0,"comment_status":"open","ping_status":"open","sticky":false,"template":"","format":"standard","meta":{"footnotes":""},"categories":[],"tags":[845],"class_list":["post-4380","post","type-post","status-publish","format-standard","hentry","tag-okul-kutuphaneleri"],"_links":{"self":[{"href":"https:\/\/www.bbyhaber.com\/bby\/wp-json\/wp\/v2\/posts\/4380"}],"collection":[{"href":"https:\/\/www.bbyhaber.com\/bby\/wp-json\/wp\/v2\/posts"}],"about":[{"href":"https:\/\/www.bbyhaber.com\/bby\/wp-json\/wp\/v2\/types\/post"}],"author":[{"embeddable":true,"href":"https:\/\/www.bbyhaber.com\/bby\/wp-json\/wp\/v2\/users\/1"}],"replies":[{"embeddable":true,"href":"https:\/\/www.bbyhaber.com\/bby\/wp-json\/wp\/v2\/comments?post=4380"}],"version-history":[{"count":0,"href":"https:\/\/www.bbyhaber.com\/bby\/wp-json\/wp\/v2\/posts\/4380\/revisions"}],"wp:attachment":[{"href":"https:\/\/www.bbyhaber.com\/bby\/wp-json\/wp\/v2\/media?parent=4380"}],"wp:term":[{"taxonomy":"category","embeddable":true,"href":"https:\/\/www.bbyhaber.com\/bby\/wp-json\/wp\/v2\/categories?post=4380"},{"taxonomy":"post_tag","embeddable":true,"href":"https:\/\/www.bbyhaber.com\/bby\/wp-json\/wp\/v2\/tags?post=4380"}],"curies":[{"name":"wp","href":"https:\/\/api.w.org\/{rel}","templated":true}]}}