{"id":4368,"date":"2012-05-16T08:18:40","date_gmt":"2012-05-16T08:18:40","guid":{"rendered":"http:\/\/www.bbyhaber.com\/bby\/?p=4368"},"modified":"2012-05-16T08:19:25","modified_gmt":"2012-05-16T08:19:25","slug":"aksaray-kutuphanesi-zenginlesiyor","status":"publish","type":"post","link":"https:\/\/www.bbyhaber.com\/bby\/2012\/05\/16\/aksaray-kutuphanesi-zenginlesiyor","title":{"rendered":"Aksaray K\u00fct\u00fcphanesi Zenginle\u015fiyor"},"content":{"rendered":"<p style=\"text-align: justify;\"><a href=\"http:\/\/www.aksaraykutup.gov.tr\/\" target=\"_blank\">Aksaray \u0130l Halk K\u00fct\u00fcphanesi<\/a>\u2019ne K\u00fclt\u00fcr ve Turizm Bakanl\u0131\u011f\u0131 K\u00fct\u00fcphaneler ve Yay\u0131mlar Genel M\u00fcd\u00fcrl\u00fc\u011f\u00fc bin 219 yeni kitap g\u00f6nderdi.\u00a0 \u0130l Halk K\u00fct\u00fcphanesi M\u00fcd\u00fcr\u00fc \u00c7a\u011fatay Van, k\u00fct\u00fcphanenin koleksiyonunun h\u0131zla geli\u015fti\u011fini belirterek, 2011 y\u0131l\u0131nda 5 bin 675 adet kitab\u0131 koleksiyona dahil edilerek mevcut koleksiyonun yeni d\u00f6nemde bas\u0131lan kitaplarla yakla\u015f\u0131k olarak y\u00fczde 20 oran\u0131nda zenginle\u015ftirildi\u011fini kaydetti. <!--more--><\/p>\n<p style=\"text-align: justify;\">Bunun ayn\u0131 zaman da g\u00fcncel kaynaklar\u0131 bar\u0131nd\u0131rma anlam\u0131nda da \u00f6nemli bir oran oldu\u011funa vurgu yapan Van, \u201cBu y\u0131l ise Bakanl\u0131\u011f\u0131m\u0131z\u0131n g\u00f6ndermi\u015f oldu\u011fu bin 219 kitab\u0131n okuyucu i\u015flemlerini h\u0131zla tamamlayarak hizmete sunma \u00e7abas\u0131 i\u00e7erisindeyiz.K\u00fct\u00fcphane \u00e7al\u0131\u015fanlar\u0131 bu amac\u0131 ger\u00e7ekle\u015ftirme \u00e7abas\u0131yla \u00f6zveriyle \u00e7al\u0131\u015fmaktad\u0131rlar. \u00c7ok k\u0131sa bir s\u00fcre i\u00e7erisinde bu kitaplar\u0131 da okuyucular\u0131m\u0131z\u0131n hizmetine sunmu\u015f olaca\u011f\u0131z. Her ilgi alan\u0131na y\u00f6nelik kitap \u00e7e\u015fitlili\u011finin fazlala\u015fmas\u0131 okuyucu say\u0131s\u0131n\u0131n da artmas\u0131na katk\u0131 sa\u011flayacakt\u0131r\u201d diye konu\u015ftu.<\/p>\n<p style=\"text-align: justify;\">Kaynak: http:\/\/www.haberyurdum.com<\/p>\n","protected":false},"excerpt":{"rendered":"<p>Aksaray \u0130l Halk K\u00fct\u00fcphanesi\u2019ne K\u00fclt\u00fcr ve Turizm Bakanl\u0131\u011f\u0131 K\u00fct\u00fcphaneler ve Yay\u0131mlar Genel M\u00fcd\u00fcrl\u00fc\u011f\u00fc bin 219 yeni kitap g\u00f6nderdi.\u00a0 \u0130l Halk K\u00fct\u00fcphanesi M\u00fcd\u00fcr\u00fc \u00c7a\u011fatay Van, k\u00fct\u00fcphanenin koleksiyonunun h\u0131zla geli\u015fti\u011fini belirterek, 2011 y\u0131l\u0131nda 5 bin 675 adet kitab\u0131 koleksiyona dahil edilerek mevcut koleksiyonun yeni d\u00f6nemde bas\u0131lan kitaplarla yakla\u015f\u0131k olarak y\u00fczde 20 oran\u0131nda zenginle\u015ftirildi\u011fini kaydetti.<\/p>\n","protected":false},"author":1,"featured_media":0,"comment_status":"open","ping_status":"open","sticky":false,"template":"","format":"standard","meta":{"footnotes":""},"categories":[1,1499],"tags":[848],"class_list":["post-4368","post","type-post","status-publish","format-standard","hentry","category-genel","category-kutuphane-istatistikleri","tag-halk-kutuphaneleri"],"_links":{"self":[{"href":"https:\/\/www.bbyhaber.com\/bby\/wp-json\/wp\/v2\/posts\/4368"}],"collection":[{"href":"https:\/\/www.bbyhaber.com\/bby\/wp-json\/wp\/v2\/posts"}],"about":[{"href":"https:\/\/www.bbyhaber.com\/bby\/wp-json\/wp\/v2\/types\/post"}],"author":[{"embeddable":true,"href":"https:\/\/www.bbyhaber.com\/bby\/wp-json\/wp\/v2\/users\/1"}],"replies":[{"embeddable":true,"href":"https:\/\/www.bbyhaber.com\/bby\/wp-json\/wp\/v2\/comments?post=4368"}],"version-history":[{"count":0,"href":"https:\/\/www.bbyhaber.com\/bby\/wp-json\/wp\/v2\/posts\/4368\/revisions"}],"wp:attachment":[{"href":"https:\/\/www.bbyhaber.com\/bby\/wp-json\/wp\/v2\/media?parent=4368"}],"wp:term":[{"taxonomy":"category","embeddable":true,"href":"https:\/\/www.bbyhaber.com\/bby\/wp-json\/wp\/v2\/categories?post=4368"},{"taxonomy":"post_tag","embeddable":true,"href":"https:\/\/www.bbyhaber.com\/bby\/wp-json\/wp\/v2\/tags?post=4368"}],"curies":[{"name":"wp","href":"https:\/\/api.w.org\/{rel}","templated":true}]}}