{"id":4358,"date":"2012-05-15T13:26:36","date_gmt":"2012-05-15T13:26:36","guid":{"rendered":"http:\/\/www.bbyhaber.com\/bby\/?p=4358"},"modified":"2012-05-15T13:28:07","modified_gmt":"2012-05-15T13:28:07","slug":"dijital-kutuphaneye-abdden-odul","status":"publish","type":"post","link":"https:\/\/www.bbyhaber.com\/bby\/2012\/05\/15\/dijital-kutuphaneye-abdden-odul","title":{"rendered":"Dijital K\u00fct\u00fcphane&#8217;ye ABD&#8217;den \u00f6d\u00fcl"},"content":{"rendered":"<div id=\"news-detail-spot\" style=\"text-align: justify;\">T\u00fcrkiye&#8217;nin ilk y\u00fczde y\u00fcz dijital k\u00fct\u00fcphanesi olma \u00f6zelli\u011fini ta\u015f\u0131yan ve Ekim 2010 tarihinde K\u00fclt\u00fcr ve Turizm Bakan\u0131 Ertu\u011frul G\u00fcnay&#8217;\u0131n da kat\u0131ld\u0131\u011f\u0131 bir t\u00f6renle hizmete giren Esenler Adnan B\u00fcy\u00fckdeniz Dijital K\u00fct\u00fcphanesi&#8217;ne ABD&#8217;den \u00f6d\u00fcl geldi. San Francisco&#8217;da bulunan ve ABD&#8217;nin \u00f6nde gelen bilgisayar yaz\u0131l\u0131m firmas\u0131 NComputing, Esenler Adnan B\u00fcy\u00fckdeniz Dijital K\u00fct\u00fcphanesi&#8217;ni &#8220;Go green innovation award&#8221; \u00f6d\u00fcl\u00fcne lay\u0131k g\u00f6r\u00fcld\u00fc.<!--more--><\/div>\n<div id=\"news-detail-news-text\" style=\"text-align: justify;\">\n<div id=\"haberMetinDiv\">\n<p>&nbsp;<\/p>\n<div><span style=\"overflow: auto; position: fixed; height: 0pt; width: 0pt;\"><a href=\"https:\/\/requestartikel.com\/tr\/\">https:\/\/requestartikel.com\/tr\/<\/a><\/span><\/div>\n<p>\u00c7evre dostu teknolojisini kulland\u0131\u011f\u0131 i\u00e7in Esenler Adnan B\u00fcy\u00fckdeniz Dijital K\u00fct\u00fcphanesi&#8217;ne lay\u0131k g\u00f6r\u00fclen &#8220;Go green innovation award&#8221; \u00f6d\u00fcl\u00fc, d\u00fczenlenen bir t\u00f6renle NComputing CEO&#8217;su Roj Dhingra taraf\u0131ndan Esenler Belediye Ba\u015fkan\u0131 Tevfik G\u00f6ksu&#8217;ya verilecek. \u00d6d\u00fcl t\u00f6reni yar\u0131n saat 15.00&#8217;de Esenler Belediyesi Adnan B\u00fcy\u00fckdeniz Dijital K\u00fct\u00fcphanesi&#8217;nde yap\u0131lacak.<\/p>\n<p>Kaynak: http:\/\/www.birincikuvvet.com<\/p>\n<\/div>\n<\/div>\n","protected":false},"excerpt":{"rendered":"<p>T\u00fcrkiye&#8217;nin ilk y\u00fczde y\u00fcz dijital k\u00fct\u00fcphanesi olma \u00f6zelli\u011fini ta\u015f\u0131yan ve Ekim 2010 tarihinde K\u00fclt\u00fcr ve Turizm Bakan\u0131 Ertu\u011frul G\u00fcnay&#8217;\u0131n da kat\u0131ld\u0131\u011f\u0131 bir t\u00f6renle hizmete giren Esenler Adnan B\u00fcy\u00fckdeniz Dijital K\u00fct\u00fcphanesi&#8217;ne ABD&#8217;den \u00f6d\u00fcl geldi. San Francisco&#8217;da bulunan ve ABD&#8217;nin \u00f6nde gelen bilgisayar yaz\u0131l\u0131m firmas\u0131 NComputing, Esenler Adnan B\u00fcy\u00fckdeniz Dijital K\u00fct\u00fcphanesi&#8217;ni &#8220;Go green innovation award&#8221; \u00f6d\u00fcl\u00fcne lay\u0131k [&hellip;]<\/p>\n","protected":false},"author":1,"featured_media":0,"comment_status":"open","ping_status":"open","sticky":false,"template":"","format":"standard","meta":{"footnotes":""},"categories":[1559,1],"tags":[87],"class_list":["post-4358","post","type-post","status-publish","format-standard","hentry","category-dijital-kutuphane","category-genel","tag-digital-library"],"_links":{"self":[{"href":"https:\/\/www.bbyhaber.com\/bby\/wp-json\/wp\/v2\/posts\/4358"}],"collection":[{"href":"https:\/\/www.bbyhaber.com\/bby\/wp-json\/wp\/v2\/posts"}],"about":[{"href":"https:\/\/www.bbyhaber.com\/bby\/wp-json\/wp\/v2\/types\/post"}],"author":[{"embeddable":true,"href":"https:\/\/www.bbyhaber.com\/bby\/wp-json\/wp\/v2\/users\/1"}],"replies":[{"embeddable":true,"href":"https:\/\/www.bbyhaber.com\/bby\/wp-json\/wp\/v2\/comments?post=4358"}],"version-history":[{"count":0,"href":"https:\/\/www.bbyhaber.com\/bby\/wp-json\/wp\/v2\/posts\/4358\/revisions"}],"wp:attachment":[{"href":"https:\/\/www.bbyhaber.com\/bby\/wp-json\/wp\/v2\/media?parent=4358"}],"wp:term":[{"taxonomy":"category","embeddable":true,"href":"https:\/\/www.bbyhaber.com\/bby\/wp-json\/wp\/v2\/categories?post=4358"},{"taxonomy":"post_tag","embeddable":true,"href":"https:\/\/www.bbyhaber.com\/bby\/wp-json\/wp\/v2\/tags?post=4358"}],"curies":[{"name":"wp","href":"https:\/\/api.w.org\/{rel}","templated":true}]}}