{"id":4319,"date":"2012-05-15T08:29:31","date_gmt":"2012-05-15T08:29:31","guid":{"rendered":"http:\/\/www.bbyhaber.com\/bby\/?p=4319"},"modified":"2012-09-07T19:35:35","modified_gmt":"2012-09-07T16:35:35","slug":"los-angeles-merkez-kutuphanesinde-turkce-kitaplar-bolumu-kuruluyor","status":"publish","type":"post","link":"https:\/\/www.bbyhaber.com\/bby\/2012\/05\/15\/los-angeles-merkez-kutuphanesinde-turkce-kitaplar-bolumu-kuruluyor","title":{"rendered":"Los Angeles Merkez K\u00fct\u00fcphanesinde T\u00fcrk\u00e7e Kitaplar B\u00f6l\u00fcm\u00fc Kuruluyor"},"content":{"rendered":"<p style=\"text-align: justify;\">Los Angeles T\u00fcrk Amerikan Derne\u011fi&#8217;nin (LATAA) bir s\u00fcredir \u00e7al\u0131\u015fmas\u0131n\u0131 yapt\u0131\u011f\u0131 &#8220;Los Angeles&#8217;ta T\u00fcrk K\u00fct\u00fcphanesi Olu\u015fturulmas\u0131&#8221; projesi Los Angeles K\u00fct\u00fcphaneler M\u00fcd\u00fcrl\u00fc\u011f\u00fc taraf\u0131ndan kabul edildi. T\u00fcrk\u00e7e ve \u0130ngilizce kitaplar b\u00f6l\u00fcm\u00fc olarak iki b\u00f6l\u00fcme ayr\u0131lacak &#8220;T\u00fcrk K\u00fct\u00fcphanesi&#8221; Los Angeles Merkez K\u00fct\u00fcphanesinde olu\u015fturulacak. 24 May\u0131s g\u00fcn\u00fc yap\u0131lacak t\u00f6renden sonra T\u00fcrkiye ile alakal\u0131 olan T\u00fcrk\u00e7e kitaplar Los Angeles merkez k\u00fct\u00fcphanesinin raflar\u0131nda yerlerini alacak ve okuyuculara sunulacak.<!--more--><\/p>\n<p style=\"text-align: justify;\">K\u00fct\u00fcphane ile ilgili \u00e7al\u0131\u015fmalar\u0131n\u0131n g\u00f6reve geldikleri \u015eubat ay\u0131ndan itibaren devam etti\u011fini belirten Los Angeles T\u00fcrk Amerikan Derne\u011fi Ba\u015fkan\u0131 Ahmet Onerbay; &#8220;24 May\u0131s&#8217;ta 200 &#8211; 250 adet T\u00fcrk\u00e7e kitab\u0131m\u0131z k\u00fct\u00fcphane raflar\u0131nda yerlerini al\u0131p okuyuculara sunulacak ve T\u00fcrk K\u00fct\u00fcphanesi Projesi ilerledi\u011fimiz g\u00fcnlerde bu say\u0131 art\u0131r\u0131larak devam edecektir,&#8221; dedi. Ahmet Onerbay ayr\u0131ca, &#8220;T\u00fcrkiye ile alakal\u0131 hem T\u00fcrk\u00e7e ve hem \u0130ngilizce Kitap ba\u011f\u0131\u015f\u0131 yapmak isteyenler bizlere <a href=\"mailto:info@laturks.org\">info@laturks.org<\/a> adresinden ula\u015farak kitaplar\u0131n\u0131 ba\u011f\u0131\u015flayabilirler&#8221; dedi.<\/p>\n<p style=\"text-align: justify;\">Kaynak: http:\/\/www.turkishactionalert.com<\/p>\n","protected":false},"excerpt":{"rendered":"<p>Los Angeles T\u00fcrk Amerikan Derne\u011fi&#8217;nin (LATAA) bir s\u00fcredir \u00e7al\u0131\u015fmas\u0131n\u0131 yapt\u0131\u011f\u0131 &#8220;Los Angeles&#8217;ta T\u00fcrk K\u00fct\u00fcphanesi Olu\u015fturulmas\u0131&#8221; projesi Los Angeles K\u00fct\u00fcphaneler M\u00fcd\u00fcrl\u00fc\u011f\u00fc taraf\u0131ndan kabul edildi. T\u00fcrk\u00e7e ve \u0130ngilizce kitaplar b\u00f6l\u00fcm\u00fc olarak iki b\u00f6l\u00fcme ayr\u0131lacak &#8220;T\u00fcrk K\u00fct\u00fcphanesi&#8221; Los Angeles Merkez K\u00fct\u00fcphanesinde olu\u015fturulacak. 24 May\u0131s g\u00fcn\u00fc yap\u0131lacak t\u00f6renden sonra T\u00fcrkiye ile alakal\u0131 olan T\u00fcrk\u00e7e kitaplar Los Angeles merkez k\u00fct\u00fcphanesinin [&hellip;]<\/p>\n","protected":false},"author":1,"featured_media":0,"comment_status":"open","ping_status":"open","sticky":false,"template":"","format":"standard","meta":{"footnotes":""},"categories":[],"tags":[357,1410],"class_list":["post-4319","post","type-post","status-publish","format-standard","hentry","tag-los-angeles-merkez-kutuphanesi","tag-uluslararasi-kutuphane-haberleri"],"_links":{"self":[{"href":"https:\/\/www.bbyhaber.com\/bby\/wp-json\/wp\/v2\/posts\/4319"}],"collection":[{"href":"https:\/\/www.bbyhaber.com\/bby\/wp-json\/wp\/v2\/posts"}],"about":[{"href":"https:\/\/www.bbyhaber.com\/bby\/wp-json\/wp\/v2\/types\/post"}],"author":[{"embeddable":true,"href":"https:\/\/www.bbyhaber.com\/bby\/wp-json\/wp\/v2\/users\/1"}],"replies":[{"embeddable":true,"href":"https:\/\/www.bbyhaber.com\/bby\/wp-json\/wp\/v2\/comments?post=4319"}],"version-history":[{"count":0,"href":"https:\/\/www.bbyhaber.com\/bby\/wp-json\/wp\/v2\/posts\/4319\/revisions"}],"wp:attachment":[{"href":"https:\/\/www.bbyhaber.com\/bby\/wp-json\/wp\/v2\/media?parent=4319"}],"wp:term":[{"taxonomy":"category","embeddable":true,"href":"https:\/\/www.bbyhaber.com\/bby\/wp-json\/wp\/v2\/categories?post=4319"},{"taxonomy":"post_tag","embeddable":true,"href":"https:\/\/www.bbyhaber.com\/bby\/wp-json\/wp\/v2\/tags?post=4319"}],"curies":[{"name":"wp","href":"https:\/\/api.w.org\/{rel}","templated":true}]}}