{"id":4284,"date":"2012-05-13T16:10:23","date_gmt":"2012-05-13T16:10:23","guid":{"rendered":"http:\/\/www.bbyhaber.com\/bby\/?p=4284"},"modified":"2012-09-07T17:48:01","modified_gmt":"2012-09-07T14:48:01","slug":"ataturk-ilkogretim-okulundan-okullara-kitap-yardimi-van","status":"publish","type":"post","link":"https:\/\/www.bbyhaber.com\/bby\/2012\/05\/13\/ataturk-ilkogretim-okulundan-okullara-kitap-yardimi-van","title":{"rendered":"Atat\u00fcrk \u0130lk\u00f6\u011fretim Okulu&#8217;ndan Okullara Kitap Yard\u0131m\u0131-Van"},"content":{"rendered":"<p style=\"text-align: justify;\">Van\u2019\u0131n \u00c7ald\u0131ran il\u00e7esindeki Atat\u00fcrk \u0130lk\u00f6\u011fretim Okulu, \u00e7e\u015fitli okullara kitap yard\u0131m\u0131nda bulundu. Daha \u00f6nceden k\u00fct\u00fcphane kurmak i\u00e7in ba\u015flatt\u0131klar\u0131 kitap kampanyas\u0131nda toplad\u0131klar\u0131n kitaplar\u0131n bir k\u0131sm\u0131n\u0131 \u00e7e\u015fitli okullara yard\u0131m olarak da\u011f\u0131tt\u0131klar\u0131n\u0131 belirten Atat\u00fcrk \u0130lk\u00f6\u011fretim Okulu M\u00fcd\u00fcr\u00fc Muhammet Binici, \u201cK\u00fct\u00fcphane kurmak i\u00e7in \u00e7ok say\u0131da kitap toplamay\u0131 ba\u015fard\u0131k. \u00d6zellikle Sivas Cumhuriyet \u00dcniversitesi S\u0131n\u0131f \u00d6\u011fretmenli\u011fi B\u00f6l\u00fcm\u00fc \u00f6\u011frencilerinin katk\u0131lar\u0131 ile k\u00fct\u00fcphanemizi tamamen doldurarak, zengin i\u00e7erikli bir k\u00fct\u00fcphaneye kavu\u015ftuk. <!--more--><\/p>\n<p style=\"text-align: justify;\">K\u00fct\u00fcphanemizi kurduktan sonra arda kalan kitaplar\u0131 \u00e7e\u015fitli okullar\u0131m\u0131za da\u011f\u0131tt\u0131k. Kitap yard\u0131m\u0131 kapsam\u0131nda Sa\u011fmal\u0131 \u0130lk\u00f6\u011fretim Okulu\u2019na 866 hikaye, 27 paket deneme, 17 s\u00f6zl\u00fck, 47 dergi ve 62 ansiklopedi, A\u015fa\u011f\u0131 Mutlu, A\u015fa\u011f\u0131 \u00c7anak, Hasan Turan, Erginler Ya\u011f\u0131basan, Klavuz ve Yass\u0131tepe \u0130lk\u00f6\u011fretim okullar\u0131na 200-300 aras\u0131nda kitap yard\u0131m\u0131nda bulunduk. E\u011fitim g\u00f6ren \u00e7ocuklar\u0131m\u0131za \u0131\u015f\u0131k tutacak, d\u00fc\u015f\u00fcncelerini geli\u015ftirecek ve okuma al\u0131\u015fkanl\u0131\u011f\u0131 kazand\u0131racak kitaplar\u0131 onlarla payla\u015fman\u0131n mutlulu\u011fu i\u00e7indeyiz. Bu t\u00fcr yard\u0131mla\u015fmalar okullar aras\u0131ndaki diyaloglar\u0131 daha kuvvetlendiriyor. Bundan sonraki s\u00fcre\u00e7te de bu t\u00fcr yard\u0131mlara devam edece\u011fiz\u201d dedi.<\/p>\n<p style=\"text-align: justify;\">Kaynak: http:\/\/www.haberler.com<\/p>\n","protected":false},"excerpt":{"rendered":"<p>Van\u2019\u0131n \u00c7ald\u0131ran il\u00e7esindeki Atat\u00fcrk \u0130lk\u00f6\u011fretim Okulu, \u00e7e\u015fitli okullara kitap yard\u0131m\u0131nda bulundu. Daha \u00f6nceden k\u00fct\u00fcphane kurmak i\u00e7in ba\u015flatt\u0131klar\u0131 kitap kampanyas\u0131nda toplad\u0131klar\u0131n kitaplar\u0131n bir k\u0131sm\u0131n\u0131 \u00e7e\u015fitli okullara yard\u0131m olarak da\u011f\u0131tt\u0131klar\u0131n\u0131 belirten Atat\u00fcrk \u0130lk\u00f6\u011fretim Okulu M\u00fcd\u00fcr\u00fc Muhammet Binici, \u201cK\u00fct\u00fcphane kurmak i\u00e7in \u00e7ok say\u0131da kitap toplamay\u0131 ba\u015fard\u0131k. \u00d6zellikle Sivas Cumhuriyet \u00dcniversitesi S\u0131n\u0131f \u00d6\u011fretmenli\u011fi B\u00f6l\u00fcm\u00fc \u00f6\u011frencilerinin katk\u0131lar\u0131 ile k\u00fct\u00fcphanemizi tamamen [&hellip;]<\/p>\n","protected":false},"author":1,"featured_media":0,"comment_status":"open","ping_status":"open","sticky":false,"template":"","format":"standard","meta":{"footnotes":""},"categories":[],"tags":[845],"class_list":["post-4284","post","type-post","status-publish","format-standard","hentry","tag-okul-kutuphaneleri"],"_links":{"self":[{"href":"https:\/\/www.bbyhaber.com\/bby\/wp-json\/wp\/v2\/posts\/4284"}],"collection":[{"href":"https:\/\/www.bbyhaber.com\/bby\/wp-json\/wp\/v2\/posts"}],"about":[{"href":"https:\/\/www.bbyhaber.com\/bby\/wp-json\/wp\/v2\/types\/post"}],"author":[{"embeddable":true,"href":"https:\/\/www.bbyhaber.com\/bby\/wp-json\/wp\/v2\/users\/1"}],"replies":[{"embeddable":true,"href":"https:\/\/www.bbyhaber.com\/bby\/wp-json\/wp\/v2\/comments?post=4284"}],"version-history":[{"count":0,"href":"https:\/\/www.bbyhaber.com\/bby\/wp-json\/wp\/v2\/posts\/4284\/revisions"}],"wp:attachment":[{"href":"https:\/\/www.bbyhaber.com\/bby\/wp-json\/wp\/v2\/media?parent=4284"}],"wp:term":[{"taxonomy":"category","embeddable":true,"href":"https:\/\/www.bbyhaber.com\/bby\/wp-json\/wp\/v2\/categories?post=4284"},{"taxonomy":"post_tag","embeddable":true,"href":"https:\/\/www.bbyhaber.com\/bby\/wp-json\/wp\/v2\/tags?post=4284"}],"curies":[{"name":"wp","href":"https:\/\/api.w.org\/{rel}","templated":true}]}}