{"id":4280,"date":"2012-05-13T16:02:05","date_gmt":"2012-05-13T16:02:05","guid":{"rendered":"http:\/\/www.bbyhaber.com\/bby\/?p=4280"},"modified":"2012-09-07T17:48:05","modified_gmt":"2012-09-07T14:48:05","slug":"cesiad-osmancikta-kutuphane-acti-corum","status":"publish","type":"post","link":"https:\/\/www.bbyhaber.com\/bby\/2012\/05\/13\/cesiad-osmancikta-kutuphane-acti-corum","title":{"rendered":"\u00c7ES\u0130AD Osmanc\u0131k&#8217;ta K\u00fct\u00fcphane A\u00e7t\u0131-\u00c7orum"},"content":{"rendered":"<p style=\"text-align: justify;\">\u00c7orumlu E\u011fitimci Sanayici ve \u0130\u015fadamlar\u0131 Dayan\u0131\u015fma Derne\u011fi (\u00c7ES\u0130AD) taraf\u0131ndan Osmanc\u0131k il\u00e7esindeki Gemici \u0130lk\u00f6\u011fretim Okulu&#8217;na kurulan k\u00fct\u00fcphane t\u00f6renle a\u00e7\u0131ld\u0131. \u0130stanbul&#8217;da \u00f6\u011frenim g\u00f6ren ve \u00c7ES\u0130AD&#8217;dan burs alan \u00f6\u011frenciler taraf\u0131ndan haz\u0131rlanan &#8220;Bir Kitap Yeni Bir Hayat&#8221; projesi kapsam\u0131nda Osmanc\u0131k Gemici \u0130lk\u00f6\u011fretim Okulu&#8217;nda olu\u015fturulan k\u00fct\u00fcphane a\u00e7\u0131l\u0131\u015f\u0131na Orman ve Su \u0130\u015fleri Bakanl\u0131\u011f\u0131 M\u00fcste\u015far\u0131 Prof. Dr. L\u00fctfi Ak\u00e7a, Osmanc\u0131k Kaymakam\u0131 \u0130brahim K\u00fc\u00e7\u00fck, Garnizon Komutan\u0131 Levent \u00d6zt\u00fcrk, Belediye Ba\u015fkan\u0131 Bekir Yaz\u0131c\u0131, Milli E\u011fitim M\u00fcd\u00fcr\u00fc Fatih \u00dc\u00e7ok, \u00c7ES\u0130AD Ba\u015fkan\u0131 Mehmet Y\u0131ld\u0131r\u0131m, projede g\u00f6rev alan g\u00f6n\u00fcll\u00fc \u00f6\u011frenciler kat\u0131ld\u0131. <!--more--><\/p>\n<p style=\"text-align: justify;\">A\u00e7\u0131l\u0131\u015f t\u00f6reninde il\u00e7eye Somali&#8217;den ziyarete gelen bir milletvekili ile bir \u00f6\u011fretim g\u00f6revlisi de yer ald\u0131. \u00c7ES\u0130AD Y\u00f6netim Kurulu Ba\u015fkan\u0131 Mehmet Y\u0131ld\u0131r\u0131m projesinin bir y\u0131l \u00f6nce \u0130skilip il\u00e7esinde a\u00e7\u0131lan k\u00fct\u00fcphane ile ba\u015flad\u0131\u011f\u0131n\u0131 s\u00f6yledi. Proje kapsam\u0131nda Karg\u0131 ve Osmanc\u0131k il\u00e7esinde iki k\u00fct\u00fcphane daha a\u00e7t\u0131klar\u0131n\u0131 kaydeden Y\u0131ld\u0131r\u0131m, b\u00fct\u00fcn masraflar\u0131 dernek taraf\u0131ndan kar\u015f\u0131lanan k\u00fct\u00fcphanede 2 bin kitap bulundu\u011funu ve projenin g\u00f6n\u00fcll\u00fc \u00f6\u011frenciler taraf\u0131ndan y\u00fcr\u00fct\u00fcld\u00fc\u011f\u00fcn\u00fc ifade etti.<\/p>\n<p style=\"text-align: justify;\">Osmanc\u0131k Kaymakam\u0131 \u0130brahim K\u00fc\u00e7\u00fck ise; &#8220;E\u011fitim hizmeti bir yere kadar yap\u0131l\u0131p b\u0131rak\u0131lacak bir hizmet de\u011fildir. \u00c7ES\u0130AD&#8217;\u0131n b\u00fcy\u00fck bir \u00f6zveri ile ger\u00e7ekle\u015ftirmi\u015f oldu\u011fu \u00e7al\u0131\u015fma insanlar\u0131n gelece\u011fine katk\u0131 sa\u011flama a\u00e7\u0131s\u0131ndan manevi olarak \u00e7ok anlaml\u0131 bir giri\u015fimdir. E\u011fitimde biraz olsun iyile\u015fmeyi sa\u011flamas\u0131 ve \u00f6\u011frencilerimizin gelece\u011fe y\u00f6nelik olarak haz\u0131rlanmas\u0131na katk\u0131 verilmesinden dolay\u0131 bu projeyi anlaml\u0131 buluyorum&#8221; dedi.<\/p>\n<p style=\"text-align: justify;\">Orman ve Su \u0130\u015fleri Bakanl\u0131\u011f\u0131 M\u00fcste\u015far\u0131 Prof. Dr. L\u00fctfi Ak\u00e7a ile Osmanc\u0131k Belediye Ba\u015fkan\u0131 Bekir Yaz\u0131c\u0131 da \u00c7ES\u0130AD y\u00f6netimine te\u015fekk\u00fcr etti. \u00c7ES\u0130AD \u00fcyeleri ve projede g\u00f6rev alan \u00f6\u011frenciler a\u00e7\u0131l\u0131\u015f\u0131n ard\u0131ndan il\u00e7edeki tarihi mekanlar\u0131 gezdi.<\/p>\n<p style=\"text-align: justify;\">Kaynak: http:\/\/www.haberfx.net<\/p>\n","protected":false},"excerpt":{"rendered":"<p>\u00c7orumlu E\u011fitimci Sanayici ve \u0130\u015fadamlar\u0131 Dayan\u0131\u015fma Derne\u011fi (\u00c7ES\u0130AD) taraf\u0131ndan Osmanc\u0131k il\u00e7esindeki Gemici \u0130lk\u00f6\u011fretim Okulu&#8217;na kurulan k\u00fct\u00fcphane t\u00f6renle a\u00e7\u0131ld\u0131. \u0130stanbul&#8217;da \u00f6\u011frenim g\u00f6ren ve \u00c7ES\u0130AD&#8217;dan burs alan \u00f6\u011frenciler taraf\u0131ndan haz\u0131rlanan &#8220;Bir Kitap Yeni Bir Hayat&#8221; projesi kapsam\u0131nda Osmanc\u0131k Gemici \u0130lk\u00f6\u011fretim Okulu&#8217;nda olu\u015fturulan k\u00fct\u00fcphane a\u00e7\u0131l\u0131\u015f\u0131na Orman ve Su \u0130\u015fleri Bakanl\u0131\u011f\u0131 M\u00fcste\u015far\u0131 Prof. Dr. L\u00fctfi Ak\u00e7a, Osmanc\u0131k Kaymakam\u0131 \u0130brahim [&hellip;]<\/p>\n","protected":false},"author":1,"featured_media":0,"comment_status":"open","ping_status":"open","sticky":false,"template":"","format":"standard","meta":{"footnotes":""},"categories":[],"tags":[845],"class_list":["post-4280","post","type-post","status-publish","format-standard","hentry","tag-okul-kutuphaneleri"],"_links":{"self":[{"href":"https:\/\/www.bbyhaber.com\/bby\/wp-json\/wp\/v2\/posts\/4280"}],"collection":[{"href":"https:\/\/www.bbyhaber.com\/bby\/wp-json\/wp\/v2\/posts"}],"about":[{"href":"https:\/\/www.bbyhaber.com\/bby\/wp-json\/wp\/v2\/types\/post"}],"author":[{"embeddable":true,"href":"https:\/\/www.bbyhaber.com\/bby\/wp-json\/wp\/v2\/users\/1"}],"replies":[{"embeddable":true,"href":"https:\/\/www.bbyhaber.com\/bby\/wp-json\/wp\/v2\/comments?post=4280"}],"version-history":[{"count":0,"href":"https:\/\/www.bbyhaber.com\/bby\/wp-json\/wp\/v2\/posts\/4280\/revisions"}],"wp:attachment":[{"href":"https:\/\/www.bbyhaber.com\/bby\/wp-json\/wp\/v2\/media?parent=4280"}],"wp:term":[{"taxonomy":"category","embeddable":true,"href":"https:\/\/www.bbyhaber.com\/bby\/wp-json\/wp\/v2\/categories?post=4280"},{"taxonomy":"post_tag","embeddable":true,"href":"https:\/\/www.bbyhaber.com\/bby\/wp-json\/wp\/v2\/tags?post=4280"}],"curies":[{"name":"wp","href":"https:\/\/api.w.org\/{rel}","templated":true}]}}