{"id":4265,"date":"2012-05-11T15:41:31","date_gmt":"2012-05-11T15:41:31","guid":{"rendered":"http:\/\/www.bbyhaber.com\/bby\/?p=4265"},"modified":"2012-05-28T06:51:23","modified_gmt":"2012-05-28T06:51:23","slug":"tkd-ankara-subesi-olagan-genel-kurul-toplantisi","status":"publish","type":"post","link":"https:\/\/www.bbyhaber.com\/bby\/2012\/05\/11\/tkd-ankara-subesi-olagan-genel-kurul-toplantisi","title":{"rendered":"TKD Ankara \u015eubesi Ola\u011fan Genel Kurul Toplant\u0131s\u0131"},"content":{"rendered":"<p style=\"text-align: justify;\">T\u00fcrk K\u00fct\u00fcphaneciler Derne\u011fi Ankara \u015eubesi\u2019nin 14. Ola\u011fan Genel Kurul Toplant\u0131s\u0131 a\u015fa\u011f\u0131daki g\u00fcndemle, 26 May\u0131s 2012 Cumartesi g\u00fcn\u00fc saat 14.00\u2019da TKD Genel Merkezi\u2019nde (Necatibey Caddesi Elg\u00fcn Sokak 8\/8 K\u0131z\u0131lay\/Ankara) yap\u0131lacakt\u0131r. Bu toplant\u0131da gerekli \u00e7o\u011funluk sa\u011flanamad\u0131\u011f\u0131 takdirde,\u00a0 ikinci toplant\u0131 ayn\u0131 g\u00fcndemle <span style=\"color: #0000ff;\"><strong>09 Haziran 2012 Cumartesi g\u00fcn\u00fc saat 14.00\u2019da Adnan \u00d6t\u00fcken \u0130l Halk K\u00fct\u00fcphanesi<\/strong><\/span>\u2019nde (Kumrular Caddesi No: 3 K\u0131z\u0131lay\/Ankara) ger\u00e7ekle\u015ftirilecektir.<!--more--><\/p>\n<p style=\"text-align: justify;\">\u00dcyelerimize duyurulur.<br \/>\nT\u00fcrk K\u00fct\u00fcphaneciler Derne\u011fi<br \/>\nAnkara \u015eubesi Y\u00f6netim Kurulu<\/p>\n<p>OLA\u011eAN GENEL KURUL G\u00dcNDEM\u0130:<br \/>\n1- A\u00e7\u0131l\u0131\u015f ve yoklama<br \/>\n2- Sayg\u0131 duru\u015fu ve \u0130stiklal Mar\u015f\u0131<br \/>\n3- Ba\u015fkanl\u0131k Divan\u0131n\u0131n olu\u015fturulmas\u0131<br \/>\n4- Y\u00f6netim Kurulu faaliyet raporunun okunmas\u0131<br \/>\n5- Denetleme Kurulu\u2019nun raporunun okunmas\u0131<br \/>\n6- Raporlar\u0131n g\u00f6r\u00fc\u015f\u00fclmesi ve aklanmas\u0131<br \/>\n7- B\u00fct\u00e7e tasar\u0131s\u0131n\u0131n g\u00f6r\u00fc\u015f\u00fclmesi ve oylanmas\u0131<br \/>\n8- Y\u00f6netim Kurulu, Denetleme Kurulu ve Genel Merkez Genel Kurul Delegelerinin se\u00e7imi<br \/>\n9-\u00a0 Dilek ve \u00f6neriler<br \/>\n10- Kapan\u0131\u015f<\/p>\n<p style=\"text-align: justify;\">Kaynak: Kutup-L<\/p>\n","protected":false},"excerpt":{"rendered":"<p>T\u00fcrk K\u00fct\u00fcphaneciler Derne\u011fi Ankara \u015eubesi\u2019nin 14. Ola\u011fan Genel Kurul Toplant\u0131s\u0131 a\u015fa\u011f\u0131daki g\u00fcndemle, 26 May\u0131s 2012 Cumartesi g\u00fcn\u00fc saat 14.00\u2019da TKD Genel Merkezi\u2019nde (Necatibey Caddesi Elg\u00fcn Sokak 8\/8 K\u0131z\u0131lay\/Ankara) yap\u0131lacakt\u0131r. Bu toplant\u0131da gerekli \u00e7o\u011funluk sa\u011flanamad\u0131\u011f\u0131 takdirde,\u00a0 ikinci toplant\u0131 ayn\u0131 g\u00fcndemle 09 Haziran 2012 Cumartesi g\u00fcn\u00fc saat 14.00\u2019da Adnan \u00d6t\u00fcken \u0130l Halk K\u00fct\u00fcphanesi\u2019nde (Kumrular Caddesi No: 3 [&hellip;]<\/p>\n","protected":false},"author":1,"featured_media":0,"comment_status":"open","ping_status":"open","sticky":false,"template":"","format":"standard","meta":{"footnotes":""},"categories":[1],"tags":[1421],"class_list":["post-4265","post","type-post","status-publish","format-standard","hentry","category-genel","tag-tkd-ankara"],"_links":{"self":[{"href":"https:\/\/www.bbyhaber.com\/bby\/wp-json\/wp\/v2\/posts\/4265"}],"collection":[{"href":"https:\/\/www.bbyhaber.com\/bby\/wp-json\/wp\/v2\/posts"}],"about":[{"href":"https:\/\/www.bbyhaber.com\/bby\/wp-json\/wp\/v2\/types\/post"}],"author":[{"embeddable":true,"href":"https:\/\/www.bbyhaber.com\/bby\/wp-json\/wp\/v2\/users\/1"}],"replies":[{"embeddable":true,"href":"https:\/\/www.bbyhaber.com\/bby\/wp-json\/wp\/v2\/comments?post=4265"}],"version-history":[{"count":0,"href":"https:\/\/www.bbyhaber.com\/bby\/wp-json\/wp\/v2\/posts\/4265\/revisions"}],"wp:attachment":[{"href":"https:\/\/www.bbyhaber.com\/bby\/wp-json\/wp\/v2\/media?parent=4265"}],"wp:term":[{"taxonomy":"category","embeddable":true,"href":"https:\/\/www.bbyhaber.com\/bby\/wp-json\/wp\/v2\/categories?post=4265"},{"taxonomy":"post_tag","embeddable":true,"href":"https:\/\/www.bbyhaber.com\/bby\/wp-json\/wp\/v2\/tags?post=4265"}],"curies":[{"name":"wp","href":"https:\/\/api.w.org\/{rel}","templated":true}]}}