{"id":4260,"date":"2012-05-11T15:15:47","date_gmt":"2012-05-11T15:15:47","guid":{"rendered":"http:\/\/www.bbyhaber.com\/bby\/?p=4260"},"modified":"2012-12-06T14:40:27","modified_gmt":"2012-12-06T12:40:27","slug":"tkd-izmir-subesi-olagan-genel-kurul-toplantisi","status":"publish","type":"post","link":"https:\/\/www.bbyhaber.com\/bby\/2012\/05\/11\/tkd-izmir-subesi-olagan-genel-kurul-toplantisi","title":{"rendered":"TKD \u0130zmir \u015eubesi Ola\u011fan Genel Kurul Toplant\u0131s\u0131"},"content":{"rendered":"<p style=\"text-align: justify;\">\u015eubemizin Ola\u011fan Genel Kurul Toplant\u0131s\u0131 25 May\u0131s 2012 Cuma g\u00fcn\u00fc a\u015fa\u011f\u0131daki g\u00fcndemle belirtilen adres ve saatte yap\u0131lacakt\u0131r. \u0130lk toplant\u0131da yeterli \u00e7o\u011funluk sa\u011flanamazsa, ikinci toplant\u0131 8 Haziran 2012 Cuma g\u00fcn\u00fc ayn\u0131 g\u00fcndem, adres ve saatte yap\u0131lacakt\u0131r.<\/p>\n<p style=\"text-align: justify;\">\u00dcyelerimize duyurulur.<\/p>\n<p style=\"text-align: justify;\"><!--more--><\/p>\n<p style=\"text-align: justify;\">Tarih\u00a0\u00a0 : <strong><span style=\"color: #0000ff;\">25 May\u0131s 2012<\/span><\/strong><br \/>\nSaat\u00a0\u00a0\u00a0\u00a0 : 14.00<br \/>\nYer\u00a0\u00a0\u00a0\u00a0\u00a0 : Dokuz Eyl\u00fcl \u00dcniversitesi Merkez K\u00fct\u00fcphanesi<br \/>\nAdres\u00a0 : T\u0131naztepe Kamp\u00fcs\u00fc 35160 Buca &#8211; \u0130ZM\u0130R<\/p>\n<p>G\u00dcNDEM:<br \/>\n1. A\u00e7\u0131l\u0131\u015f ve yoklama<br \/>\n2. Sayg\u0131 duru\u015fu ve \u0130stiklal Mar\u015f\u0131\u2019n\u0131n okunmas\u0131<br \/>\n3. Ba\u015fkanl\u0131k Divan\u0131 se\u00e7imi<br \/>\n4. Y\u00f6netim Kurulu Faaliyet Raporu\u2019nun okunmas\u0131<br \/>\n5. Saymanl\u0131k Raporu\u2019nun okunmas\u0131<br \/>\n6. Denetleme Kurulu Raporu\u2019nun okunmas\u0131<br \/>\n7. Raporlar\u0131n tart\u0131\u015f\u0131lmas\u0131 ve onanmas\u0131<br \/>\n8. 2012-2014 d\u00f6nemi i\u00e7in tahmini b\u00fct\u00e7enin oylanmas\u0131<br \/>\n9. Y\u00f6netim Kurulu se\u00e7imi<br \/>\n10. Denetleme Kurulu se\u00e7imi<br \/>\n11. Genel Merkez delegelerinin se\u00e7imi<br \/>\n12. Dilek ve temenniler<br \/>\n13. Kapan\u0131\u015f<\/p>\n<p style=\"text-align: justify;\">TKD \u0130ZM\u0130R \u015eUBES\u0130<br \/>\nY\u00d6NET\u0130M KURULU<\/p>\n<p style=\"text-align: justify;\">Kaynak: <a href=\"http:\/\/izmir.kutuphaneci.org.tr\/\" target=\"_blank\">TKD \u0130zmir \u015eubesi<\/a> Ba\u015fkan\u0131 Mehmet ERKEN<\/p>\n","protected":false},"excerpt":{"rendered":"<p>\u015eubemizin Ola\u011fan Genel Kurul Toplant\u0131s\u0131 25 May\u0131s 2012 Cuma g\u00fcn\u00fc a\u015fa\u011f\u0131daki g\u00fcndemle belirtilen adres ve saatte yap\u0131lacakt\u0131r. \u0130lk toplant\u0131da yeterli \u00e7o\u011funluk sa\u011flanamazsa, ikinci toplant\u0131 8 Haziran 2012 Cuma g\u00fcn\u00fc ayn\u0131 g\u00fcndem, adres ve saatte yap\u0131lacakt\u0131r. \u00dcyelerimize duyurulur.<\/p>\n","protected":false},"author":1,"featured_media":0,"comment_status":"open","ping_status":"open","sticky":false,"template":"","format":"standard","meta":{"footnotes":""},"categories":[],"tags":[1422],"class_list":["post-4260","post","type-post","status-publish","format-standard","hentry","tag-tkd-izmir"],"_links":{"self":[{"href":"https:\/\/www.bbyhaber.com\/bby\/wp-json\/wp\/v2\/posts\/4260"}],"collection":[{"href":"https:\/\/www.bbyhaber.com\/bby\/wp-json\/wp\/v2\/posts"}],"about":[{"href":"https:\/\/www.bbyhaber.com\/bby\/wp-json\/wp\/v2\/types\/post"}],"author":[{"embeddable":true,"href":"https:\/\/www.bbyhaber.com\/bby\/wp-json\/wp\/v2\/users\/1"}],"replies":[{"embeddable":true,"href":"https:\/\/www.bbyhaber.com\/bby\/wp-json\/wp\/v2\/comments?post=4260"}],"version-history":[{"count":0,"href":"https:\/\/www.bbyhaber.com\/bby\/wp-json\/wp\/v2\/posts\/4260\/revisions"}],"wp:attachment":[{"href":"https:\/\/www.bbyhaber.com\/bby\/wp-json\/wp\/v2\/media?parent=4260"}],"wp:term":[{"taxonomy":"category","embeddable":true,"href":"https:\/\/www.bbyhaber.com\/bby\/wp-json\/wp\/v2\/categories?post=4260"},{"taxonomy":"post_tag","embeddable":true,"href":"https:\/\/www.bbyhaber.com\/bby\/wp-json\/wp\/v2\/tags?post=4260"}],"curies":[{"name":"wp","href":"https:\/\/api.w.org\/{rel}","templated":true}]}}