{"id":4253,"date":"2012-05-11T12:26:01","date_gmt":"2012-05-11T12:26:01","guid":{"rendered":"http:\/\/www.bbyhaber.com\/bby\/?p=4253"},"modified":"2012-09-07T19:39:45","modified_gmt":"2012-09-07T16:39:45","slug":"tkd-istanbul-subesi-olagan-genel-kurul-toplantisi","status":"publish","type":"post","link":"https:\/\/www.bbyhaber.com\/bby\/2012\/05\/11\/tkd-istanbul-subesi-olagan-genel-kurul-toplantisi","title":{"rendered":"TKD \u0130stanbul \u015eubesi Ola\u011fan Genel Kurul Toplant\u0131s\u0131"},"content":{"rendered":"<p style=\"text-align: justify;\"><a href=\"http:\/\/www.istanbulkutuphaneci.org\/sites\/default\/files\/tkd_logo.png\"><img loading=\"lazy\" decoding=\"async\" class=\"alignleft\" src=\"http:\/\/www.istanbulkutuphaneci.org\/sites\/default\/files\/tkd_logo.png\" alt=\"\" width=\"135\" height=\"139\" \/><\/a>\u015eubemizin Ola\u011fan Genel Kurul Toplant\u0131s\u0131 25 May\u0131s 2012 Cuma g\u00fcn\u00fc saat 14.00&#8217;de T\u00fcrk K\u00fct\u00fcphaneciler Derne\u011fi \u0130stanbul \u015eubesi ofisinde a\u015fa\u011f\u0131daki g\u00fcndemle yap\u0131lacakt\u0131r. \u0130lk toplant\u0131da salt \u00e7o\u011funluk sa\u011flanamazsa, ikinci toplant\u0131 9 Haziran 2012 Cumartesi g\u00fcn\u00fc ayn\u0131 g\u00fcndemle Kadir Has \u00dcniversitesi&#8217;nde saat 14.00&#8217;te yap\u0131lacakt\u0131r.<!--more--><\/p>\n<p style=\"text-align: justify;\">Sayg\u0131lar\u0131m\u0131zla,<br \/>\nTKD \u0130stanbul \u015eubesi Y\u00f6netim Kurulu<\/p>\n<p style=\"text-align: justify;\"><strong><span style=\"color: #0000ff;\">Tarih\u00a0\u00a0 : 25 May\u0131s 2012 Cuma<\/span><\/strong><\/p>\n<p style=\"text-align: justify;\">Saat\u00a0\u00a0\u00a0\u00a0 : 14.00<\/p>\n<p style=\"text-align: justify;\">Yer\u00a0\u00a0\u00a0\u00a0\u00a0 : T\u00fcrk K\u00fct\u00fcphaneciler Derne\u011fi \u0130stanbul \u015eubesi<\/p>\n<p style=\"text-align: justify;\">Adres\u00a0\u00a0 : \u0130n\u00f6n\u00fc Caddesi Hariciye Kona\u011f\u0131 Sokak T\u00fcrel Apartman\u0131 No:3 Kat :1 Daire 3, G\u00fcm\u00fc\u015fsuyu, Beyo\u011flu, \u0130stanbul<\/p>\n<p style=\"text-align: justify;\"><strong><span style=\"color: #0000ff;\">Tarih\u00a0\u00a0 : 9 Haziran 2012 Cumartesi<\/span><\/strong><\/p>\n<p style=\"text-align: justify;\">Saat\u00a0\u00a0\u00a0\u00a0 : 14.00<\/p>\n<p style=\"text-align: justify;\">Yer\u00a0\u00a0\u00a0\u00a0\u00a0 : Kadir Has \u00dcniversitesi<\/p>\n<p style=\"text-align: justify;\">Adres\u00a0\u00a0 : Kadir Has \u00dcniversitesi Cibali Kamp\u00fcs\u00fc, Kadir Has Caddesi Cibali\/\u0130stanbul 34083<\/p>\n<p style=\"text-align: justify;\">TKD \u0130stanbul \u015eubesi<br \/>\nY\u00f6netim Kurulu<\/p>\n<p style=\"text-align: justify;\"><strong>G\u00dcNDEM:<\/strong><\/p>\n<p style=\"text-align: justify;\">A\u00e7\u0131l\u0131\u015f ve yoklama<\/p>\n<p style=\"text-align: justify;\">Sayg\u0131 duru\u015fu ve \u0130stiklal Mar\u015f\u0131<\/p>\n<p style=\"text-align: justify;\">Ba\u015fkanl\u0131k Divan\u0131 se\u00e7imi<\/p>\n<p style=\"text-align: justify;\">Y\u00f6netim Kurulu Faaliyet Raporu\u2019nun okunmas\u0131<\/p>\n<p style=\"text-align: justify;\">Saymanl\u0131k Raporu\u2019nun okunmas\u0131<\/p>\n<p style=\"text-align: justify;\">Denetleme Kurulu Raporu\u2019nun okunmas\u0131<\/p>\n<p style=\"text-align: justify;\">Raporlar\u0131n ele\u015ftirilmesi ve aklanmas\u0131<\/p>\n<p style=\"text-align: justify;\">2012-2014 d\u00f6nemi i\u00e7in tahmini b\u00fct\u00e7enin oylanmas\u0131<\/p>\n<p style=\"text-align: justify;\">Y\u00f6netim Kurulu se\u00e7imi<\/p>\n<p style=\"text-align: justify;\">Denetleme Kurulu se\u00e7imi<\/p>\n<p style=\"text-align: justify;\">Genel Merkez delegelerinin se\u00e7imi<\/p>\n<p style=\"text-align: justify;\">Dilek ve \u00f6neriler<\/p>\n<p style=\"text-align: justify;\">Kapan\u0131\u015f<\/p>\n<p style=\"text-align: justify;\">Kaynak: Kutup-L<\/p>\n","protected":false},"excerpt":{"rendered":"<p>\u015eubemizin Ola\u011fan Genel Kurul Toplant\u0131s\u0131 25 May\u0131s 2012 Cuma g\u00fcn\u00fc saat 14.00&#8217;de T\u00fcrk K\u00fct\u00fcphaneciler Derne\u011fi \u0130stanbul \u015eubesi ofisinde a\u015fa\u011f\u0131daki g\u00fcndemle yap\u0131lacakt\u0131r. \u0130lk toplant\u0131da salt \u00e7o\u011funluk sa\u011flanamazsa, ikinci toplant\u0131 9 Haziran 2012 Cumartesi g\u00fcn\u00fc ayn\u0131 g\u00fcndemle Kadir Has \u00dcniversitesi&#8217;nde saat 14.00&#8217;te yap\u0131lacakt\u0131r.<\/p>\n","protected":false},"author":1,"featured_media":0,"comment_status":"open","ping_status":"open","sticky":false,"template":"","format":"standard","meta":{"footnotes":""},"categories":[],"tags":[1420],"class_list":["post-4253","post","type-post","status-publish","format-standard","hentry","tag-tkd-istanbul"],"_links":{"self":[{"href":"https:\/\/www.bbyhaber.com\/bby\/wp-json\/wp\/v2\/posts\/4253"}],"collection":[{"href":"https:\/\/www.bbyhaber.com\/bby\/wp-json\/wp\/v2\/posts"}],"about":[{"href":"https:\/\/www.bbyhaber.com\/bby\/wp-json\/wp\/v2\/types\/post"}],"author":[{"embeddable":true,"href":"https:\/\/www.bbyhaber.com\/bby\/wp-json\/wp\/v2\/users\/1"}],"replies":[{"embeddable":true,"href":"https:\/\/www.bbyhaber.com\/bby\/wp-json\/wp\/v2\/comments?post=4253"}],"version-history":[{"count":0,"href":"https:\/\/www.bbyhaber.com\/bby\/wp-json\/wp\/v2\/posts\/4253\/revisions"}],"wp:attachment":[{"href":"https:\/\/www.bbyhaber.com\/bby\/wp-json\/wp\/v2\/media?parent=4253"}],"wp:term":[{"taxonomy":"category","embeddable":true,"href":"https:\/\/www.bbyhaber.com\/bby\/wp-json\/wp\/v2\/categories?post=4253"},{"taxonomy":"post_tag","embeddable":true,"href":"https:\/\/www.bbyhaber.com\/bby\/wp-json\/wp\/v2\/tags?post=4253"}],"curies":[{"name":"wp","href":"https:\/\/api.w.org\/{rel}","templated":true}]}}