{"id":4247,"date":"2012-05-11T11:33:47","date_gmt":"2012-05-11T11:33:47","guid":{"rendered":"http:\/\/www.bbyhaber.com\/bby\/?p=4247"},"modified":"2012-05-20T10:19:38","modified_gmt":"2012-05-20T10:19:38","slug":"kocaeli-4-kitap-fuari-kapilarini-aciyor","status":"publish","type":"post","link":"https:\/\/www.bbyhaber.com\/bby\/2012\/05\/11\/kocaeli-4-kitap-fuari-kapilarini-aciyor","title":{"rendered":"Kocaeli 4. Kitap Fuar\u0131 kap\u0131lar\u0131n\u0131 a\u00e7\u0131yor"},"content":{"rendered":"<p style=\"text-align: justify;\">T\u00fcrkiye&#8217;nin \u00f6nde gelen kitap fuarlar\u0131 aras\u0131nda yer alan Kocaeli Kitap Fuar\u0131, 12-20 May\u0131s tarihleri aras\u0131nda kitapseverlere kap\u0131s\u0131n\u0131 a\u00e7acak. Kocaeli B\u00fcy\u00fck\u015fehir Belediyesi, ilkini 2009 y\u0131l\u0131nda ger\u00e7ekle\u015ftirdi\u011fi ve her y\u0131l daha da b\u00fcy\u00fcyen Kitap Fuar\u0131&#8217;n\u0131n bu y\u0131l d\u00f6rd\u00fcnc\u00fcs\u00fcn\u00fc d\u00fczenleyecek. 12-20 May\u0131s tarihleri aras\u0131nda a\u00e7\u0131k kalacak Kocaeli Kitap Fuar\u0131 bu y\u0131l da B\u00fcy\u00fck\u015fehir Belediyesi Uluslar aras\u0131 Fuar Merkezi&#8217;nde ger\u00e7ekle\u015ftirilecek.<!--more-->T\u00fcrkiye&#8217;nin en gen\u00e7 kitap fuar\u0131 olmas\u0131na ra\u011fmen ge\u00e7en y\u0131l 260 bin ziyaret\u00e7isiyle T\u00fcrkiye&#8217;nin \u00fc\u00e7\u00fcnc\u00fc b\u00fcy\u00fck kitap fuar\u0131 unvan\u0131n\u0131 alan fuar\u0131n bu y\u0131lki hedefi ise 300 bin ziyaret\u00e7i.<\/p>\n<p style=\"text-align: justify;\">Kocaeli B\u00fcy\u00fck\u015fehir Belediyesi Genel Sekreteri Ersin Yaz\u0131c\u0131, d\u00fczenlendi\u011fi bas\u0131n toplant\u0131s\u0131 ile kitap fuar\u0131 ile ilgili detayl\u0131 bilgi aktard\u0131. Seka Park Palmiye Kafe&#8217;de ger\u00e7ekle\u015ftirilen bas\u0131n toplant\u0131s\u0131na Genel Sekreter Yaz\u0131c\u0131&#8217;n\u0131n yan\u0131 s\u0131ra Genel Sekreter Yard\u0131mc\u0131s\u0131 Dr. Tahir B\u00fcy\u00fckak\u0131n, Ba\u015fkan Dan\u0131\u015fman\u0131 \u00d6mer Polat, K\u00fclt\u00fcr ve Sosyal \u0130\u015fler Daire Ba\u015fkan\u0131 Ali Ye\u015fildal, Bas\u0131n Yay\u0131n ve Halkla ili\u015fkiler Daire Ba\u015fkan\u0131 Ra\u015fit Fidan kat\u0131ld\u0131. Bas\u0131n toplant\u0131s\u0131nda ayr\u0131ca Necip Faz\u0131l, Naz\u0131m Hikmet, Tolstoy, Nietzsche ve Mevlana gibi \u00fcnl\u00fc yazarlar\u0131n birebir tiplemeleri yer ald\u0131.<\/p>\n<p><iframe loading=\"lazy\" src=\"http:\/\/player.vimeo.com\/video\/20604611\" frameborder=\"0\" width=\"500\" height=\"408\"><\/iframe><\/p>\n<p style=\"text-align: justify;\">HEDEF 300 B\u0130N Z\u0130YARET\u00c7\u0130<\/p>\n<p style=\"text-align: justify;\">Genel Sekreter Ersin Yaz\u0131c\u0131 bas\u0131n toplant\u0131s\u0131nda Kocaeli 4. Kitap Fuar\u0131&#8217;n\u0131n hedefini 300 bin ziyaret\u00e7i olarak a\u00e7\u0131klad\u0131. Ge\u00e7en y\u0131l ziyaret\u00e7i say\u0131s\u0131n\u0131n 260 bin oldu\u011funu hat\u0131rlatan Genel Sekreter Yaz\u0131c\u0131, &#8220;Bu y\u0131l T\u00fcrkiye ikincili\u011fini hedefliyoruz. Bunu yakalarsak \u0130stanbul&#8217;un ard\u0131ndan T\u00fcrkiye&#8217;nin en b\u00fcy\u00fck ikinci kitap fuar\u0131 olaca\u011f\u0131z. Kocaeli b\u00f6ylece sanayi kenti kimli\u011fi yan\u0131 s\u0131ra b\u00f6ylesine \u00f6nemli bir onurun da ev sahibi olacak.&#8221; dedi. Ersin Yaz\u0131c\u0131 ge\u00e7en y\u0131llarda oldu\u011fu gibi bu y\u0131l da kitap fuar\u0131n\u0131n korsan kitaba kar\u015f\u0131 olan duru\u015funu s\u00fcrd\u00fcrd\u00fc\u011f\u00fcn\u00fc kaydetti.<\/p>\n<p style=\"text-align: justify;\">Kocaeli 4. Kitap Fuar\u0131 bu y\u0131l 12 May\u0131s Cumartesi g\u00fcn\u00fc 11.00&#8217;de d\u00fczenlenecek t\u00f6renle kap\u0131lar\u0131n\u0131 kitapseverlere a\u00e7acak. 20 May\u0131s Pazar ak\u015fam\u0131na kadar a\u00e7\u0131k olacak Kitap Fuar\u0131&#8217;n\u0131n merkezi Uluslar aras\u0131 \u0130nterteks Fuar alan\u0131 olacak. 350 yay\u0131nevi ve 29 sivil toplum kurulu\u015funun kat\u0131laca\u011f\u0131 fuarda 450 etkinlik d\u00fczenlenecek.<\/p>\n<p style=\"text-align: justify;\">ONUR KONU\u011eU ORHAN KOLO\u011eLU<\/p>\n<p style=\"text-align: justify;\">Kitap fuar\u0131n\u0131n bu y\u0131l ki onur konu\u011fu ise tarih\u00e7i yazar Orhan Kolo\u011flu olacak. T\u00fcrkiye&#8217;nin \u00f6nde gelen tarih\u00e7ilerden olan Kolo\u011flu, yazd\u0131\u011f\u0131 65 kitab\u0131n yan\u0131 s\u0131ra \u0130srail&#8217;den Libya&#8217;ya, Rusya&#8217;dan Amerika Birle\u015fik Devletleri&#8217;ne kadar d\u00fcnyan\u0131n pek \u00e7ok \u00fclkesinde yapt\u0131\u011f\u0131 ar\u015fiv ara\u015ft\u0131rmalar\u0131 ile D\u0131\u015fi\u015fleri&#8217;nde ve T\u00fcrk bas\u0131n\u0131nda yapt\u0131\u011f\u0131 \u00e7al\u0131\u015fmalarla dikkat \u00e7eken de\u011ferli bir isim. Kolo\u011flu, a\u00e7\u0131l\u0131\u015f g\u00fcn\u00fc &#8216;Hangi Tarih&#8217; konulu bir s\u00f6yle\u015fi ger\u00e7ekle\u015ftirecek.<\/p>\n<p style=\"text-align: justify;\">&#8216;B\u0130 BANA B\u0130 VAN&#8217;A&#8217; KAMPANYASI<\/p>\n<p style=\"text-align: justify;\">Kitap fuar\u0131 bu y\u0131l anlaml\u0131 bir sosyal sorumluluk projesine de \u00f6nderlik yapacak. K\u0131sa bir s\u00fcre \u00f6nce deprem ac\u0131s\u0131yla sars\u0131lan Van i\u00e7in &#8216;Bi Bana Bi Van&#8217;a&#8217; adl\u0131 bir kitap kampanyas\u0131 d\u00fczenlenecek. Fuar\u0131n i\u00e7inde kurulacak dev bir kumbarayla ve bu konuda B\u00fcy\u00fck\u015fehir Belediyesi&#8217;ne destek olan NTV kanal\u0131n\u0131n ayr\u0131 bir kumbaras\u0131nda kitaplar toplanacak. Toplanan kitaplarla iki k\u00fct\u00fcphane kurulacak. Bu k\u00fct\u00fcphanelerden biri Kocaeli&#8217;ndeki bir ilk\u00f6\u011fretim okulunda, di\u011feri ise Van&#8217;da kurulan prefabrik bir ilk\u00f6\u011fretim okulunda olacak. NTV ayn\u0131 zamanda fuar\u0131n yay\u0131n sponsorlu\u011funu \u00fcstlenecek.<\/p>\n<p style=\"text-align: justify;\">A\u011eA\u00c7LAR K\u0130TAP A\u00c7ACAK<\/p>\n<p style=\"text-align: justify;\">Fuara kat\u0131lacak 350 yay\u0131nevi A ve B salonlar\u0131nda yer alacak. C salonunda ise sivil toplum kurulu\u015flar\u0131 stantlar\u0131n\u0131 a\u00e7acak.<\/p>\n<p style=\"text-align: justify;\">Fuarda bu y\u0131l da y\u00fczlerce yazar, \u015fair ve ara\u015ft\u0131rmac\u0131n\u0131n kat\u0131l\u0131m\u0131yla konferanstan s\u00f6yle\u015filere ve imza g\u00fcnlerine kadar 450 etkinlik ger\u00e7ekle\u015ftirilecek. Ge\u00e7en y\u0131llarda oldu\u011fu gibi fuara birbirinden \u00f6nemli yazarlar konuk olacak. T\u00fcrk edebiyat\u0131n\u0131n de\u011ferli kalemleri, d\u00fczenlenecek imza g\u00fcnleri ve s\u00f6yle\u015fileriyle kitap fuar\u0131nda kitapseverlerle bulu\u015facak.<\/p>\n<p style=\"text-align: justify;\">Kitap fuar\u0131 \u00f6n kampanyas\u0131 kapsam\u0131nda ge\u00e7en y\u0131llarda oldu\u011fu gibi bu y\u0131l da baharla birlikte &#8216;A\u011fa\u00e7lar Kitap A\u00e7t\u0131&#8217; etkinli\u011fi d\u00fczenlenecek. 11 May\u0131s Cuma g\u00fcn\u00fc sabah erken saatlerde Y\u00fcr\u00fcy\u00fc\u015f Yolu \u00fczerindeki a\u011fa\u00e7lara yine kitaplar as\u0131lacak. Sabah i\u015fe veya okula gitmek i\u00e7in evlerinden \u00e7\u0131kan Kocaelililer, Y\u00fcr\u00fcy\u00fc\u015f Yolu&#8217;ndaki a\u011fa\u00e7lara as\u0131lm\u0131\u015f kitaplar\u0131 toplayabilecek. B\u00fcy\u00fck\u015fehir Belediyesi&#8217;nin kitap sevgisini art\u0131rmak ve okuma al\u0131\u015fkanl\u0131\u011f\u0131 kazand\u0131rmak amac\u0131yla ger\u00e7ekle\u015ftirece\u011fi etkinlik kapsam\u0131nda a\u011fa\u00e7lara as\u0131lan kitaplar \u00fccretsiz olarak vatanda\u015flara da\u011f\u0131t\u0131lacak.<\/p>\n<p style=\"text-align: justify;\">Ayr\u0131ca &#8216;A\u011fa\u00e7lar Kitap A\u00e7\u0131yor&#8217; etkinli\u011fi \u00e7er\u00e7evesinde \u00fcnl\u00fc yazarlar\u0131n kost\u00fcmlerini giymi\u015f tiyatro sanat\u00e7\u0131lar\u0131 Y\u00fcr\u00fcy\u00fc\u015f Yolu boyunca onlar ad\u0131na a\u011fa\u00e7lardaki kitaplar\u0131 imzalayacak. Mevl\u00e2na, Necip Faz\u0131l, Naz\u0131m Hikmet, Tolstoy, Friedrich Nietzsche ve Edgar Allen Poe&#8217;nin birebir tiplemeleri bug\u00fcn sabah Y\u00fcr\u00fcy\u00fc\u015f yolunda kendilerine ait eserleri imzalad\u0131ktan sonra vatanda\u015flara hediye edecek.<\/p>\n<p style=\"text-align: justify;\">5 B\u0130N \u00d6\u011eRENC\u0130 AYNI ANDA K\u0130TAP OKUYACAK<\/p>\n<p style=\"text-align: justify;\">Ayn\u0131 saatlerde bu etkinlik \u00e7er\u00e7evesinde yine Y\u00fcr\u00fcy\u00fc\u015f Yolu&#8217;nda, 4&#8217;nc\u00fc Kocaeli Kitap Fuar\u0131 kapsam\u0131nda Kocaeli&#8217;nde ilk kez 5 bin ki\u015fi ayn\u0131 anda kitap okuyacak. B\u00fcy\u00fck\u015fehir Belediyesi b\u00fcnyesinde faaliyet g\u00f6steren 5 bin Bilgievi \u00f6\u011frencisi ayn\u0131 anda kitap okuma etkinli\u011fi ger\u00e7ekle\u015ftirecek. Y\u00fcr\u00fcy\u00fc\u015f Yolu&#8217;nda d\u00fczenlenecek bu programa \u00e7ocuklar\u0131n sevgilisi ve yerli \u00e7izgi film kahraman\u0131 Pepe de kat\u0131lacak. TRT \u00c7ocuk kanal\u0131n\u0131n sevilen Kahraman\u0131 Pepe, fuara renk katacak.<\/p>\n<p style=\"text-align: justify;\">Kitap fuar\u0131na ge\u00e7en y\u0131llarda oldu\u011fu gibi bu y\u0131l da ek otob\u00fcs seferleri konuldu. Ring \u015feklinde hareket edecek otob\u00fcsler, Kocaeli \u00dcniversitesi Umuttepe Kamp\u00fcs\u00fc ve An\u0131tpark ile \u0130zmit \u00c7ocuk Park\u0131 \u00f6n\u00fcnden kalkacak. Okullardan, STK&#8217;lardan ve di\u011fer kurulu\u015flardan gelecek talepler de imk\u00e2nlar d\u00e2hilinde kar\u015f\u0131lanacak. Ayr\u0131ca okullar kendi okul servisleriyle de \u00f6\u011frencileri fuara ta\u015f\u0131yacak.<\/p>\n<p style=\"text-align: justify;\">T\u00dcRK\u0130YE&#8217;N\u0130N \u00d6NDE GELEN YAZARLARI KOCAEL\u0130&#8217;DE<\/p>\n<p style=\"text-align: justify;\">Usta yazarlar Ahmet \u00dcmit, Bejan Matur, M\u00fcmtazer T\u00fcrk\u00f6ne, \u0130lber Ortayl\u0131, Mustafa Arma\u011fan, \u00dcst\u00fcn D\u00f6kmen, Ay\u015fe Kulin, Yavuz Bahad\u0131ro\u011flu, Enver Aysever ve Ece Temelkuran, Mehmet Altan, Hilmi Yavuz, \u015eamil Tayyar ve Banu Avar ile bir\u00e7ok \u015fair ve yazar imza g\u00fcnleriyle, s\u00f6yle\u015fileriyle fuar\u0131n konuklar\u0131 aras\u0131nda yer alacak.<\/p>\n<p style=\"text-align: justify;\">Konferanslar daha \u00f6nceki senelerde oldu\u011fu gibi yine Kocaeli B\u00fcy\u00fck\u015fehir Belediyesi Uluslararas\u0131 Fuar Alan\u0131&#8217;nda ger\u00e7ekle\u015ftirilecek. Ge\u00e7en y\u0131llarda oldu\u011fu gibi bu y\u0131l da \u00e7e\u015fitli sergiler a\u00e7\u0131lacak.<\/p>\n<p style=\"text-align: justify;\">REKOR KATILIM BEKLEN\u0130YOR<\/p>\n<p style=\"text-align: justify;\">Ge\u00e7ti\u011fimiz y\u0131l 260 bin ki\u015finin ziyaret etti\u011fi fuara bu y\u0131l da rekor kat\u0131l\u0131m bekleniyor. B\u00fcy\u00fck\u015fehir bu y\u0131l ki hedefi 300 bin olarak belirledi. B\u00f6ylece T\u00dcYAP&#8217;\u0131n \u0130stanbul Fuar\u0131&#8217;ndan sonra T\u00fcrkiye&#8217;nin ikinci b\u00fcy\u00fck fuar\u0131 unvan\u0131 elde edilebilecek. \u015eu ana kadar gelen taleplerden ge\u00e7en y\u0131l\u0131n ziyaret\u00e7i say\u0131s\u0131n\u0131 ge\u00e7ece\u011fi tahmin ediliyor. Beklenen kat\u0131l\u0131mla birlikte, 4 y\u0131l boyunca kitap fuar\u0131n\u0131 ziyaret edenlerin say\u0131s\u0131 b\u00f6ylece 1 milyonu a\u015fm\u0131\u015f olacak.<\/p>\n<p style=\"text-align: justify;\">Kaynak: http:\/\/www.stargazete.com<\/p>\n","protected":false},"excerpt":{"rendered":"<p>T\u00fcrkiye&#8217;nin \u00f6nde gelen kitap fuarlar\u0131 aras\u0131nda yer alan Kocaeli Kitap Fuar\u0131, 12-20 May\u0131s tarihleri aras\u0131nda kitapseverlere kap\u0131s\u0131n\u0131 a\u00e7acak. Kocaeli B\u00fcy\u00fck\u015fehir Belediyesi, ilkini 2009 y\u0131l\u0131nda ger\u00e7ekle\u015ftirdi\u011fi ve her y\u0131l daha da b\u00fcy\u00fcyen Kitap Fuar\u0131&#8217;n\u0131n bu y\u0131l d\u00f6rd\u00fcnc\u00fcs\u00fcn\u00fc d\u00fczenleyecek. 12-20 May\u0131s tarihleri aras\u0131nda a\u00e7\u0131k kalacak Kocaeli Kitap Fuar\u0131 bu y\u0131l da B\u00fcy\u00fck\u015fehir Belediyesi Uluslar aras\u0131 Fuar Merkezi&#8217;nde [&hellip;]<\/p>\n","protected":false},"author":1,"featured_media":0,"comment_status":"open","ping_status":"open","sticky":false,"template":"","format":"standard","meta":{"footnotes":""},"categories":[1,1493],"tags":[],"class_list":["post-4247","post","type-post","status-publish","format-standard","hentry","category-genel","category-kitap-fuarlari-2"],"_links":{"self":[{"href":"https:\/\/www.bbyhaber.com\/bby\/wp-json\/wp\/v2\/posts\/4247"}],"collection":[{"href":"https:\/\/www.bbyhaber.com\/bby\/wp-json\/wp\/v2\/posts"}],"about":[{"href":"https:\/\/www.bbyhaber.com\/bby\/wp-json\/wp\/v2\/types\/post"}],"author":[{"embeddable":true,"href":"https:\/\/www.bbyhaber.com\/bby\/wp-json\/wp\/v2\/users\/1"}],"replies":[{"embeddable":true,"href":"https:\/\/www.bbyhaber.com\/bby\/wp-json\/wp\/v2\/comments?post=4247"}],"version-history":[{"count":0,"href":"https:\/\/www.bbyhaber.com\/bby\/wp-json\/wp\/v2\/posts\/4247\/revisions"}],"wp:attachment":[{"href":"https:\/\/www.bbyhaber.com\/bby\/wp-json\/wp\/v2\/media?parent=4247"}],"wp:term":[{"taxonomy":"category","embeddable":true,"href":"https:\/\/www.bbyhaber.com\/bby\/wp-json\/wp\/v2\/categories?post=4247"},{"taxonomy":"post_tag","embeddable":true,"href":"https:\/\/www.bbyhaber.com\/bby\/wp-json\/wp\/v2\/tags?post=4247"}],"curies":[{"name":"wp","href":"https:\/\/api.w.org\/{rel}","templated":true}]}}