{"id":4235,"date":"2012-05-10T16:51:31","date_gmt":"2012-05-10T16:51:31","guid":{"rendered":"http:\/\/www.bbyhaber.com\/bby\/?p=4235"},"modified":"2012-05-10T16:54:22","modified_gmt":"2012-05-10T16:54:22","slug":"turkiye-issn-yonetim-kurulu-uyeligine-secildi","status":"publish","type":"post","link":"https:\/\/www.bbyhaber.com\/bby\/2012\/05\/10\/turkiye-issn-yonetim-kurulu-uyeligine-secildi","title":{"rendered":"T\u00fcrkiye ISSN Y\u00f6netim Kurulu \u00dcyeli\u011fine Se\u00e7ildi"},"content":{"rendered":"<div style=\"text-align: justify;\" align=\"justify\"><a href=\"http:\/\/basin.kultur.gov.tr\/Resim\/35565,pariste-unescoda-yapilan-issn-yonetim-kurulu-toplantisi.png?0\"><img loading=\"lazy\" decoding=\"async\" class=\"alignleft\" src=\"http:\/\/basin.kultur.gov.tr\/Resim\/35565,pariste-unescoda-yapilan-issn-yonetim-kurulu-toplantisi.png?0\" alt=\"\" width=\"313\" height=\"148\" \/><\/a>K\u00fclt\u00fcr ve Turizm Bakanl\u0131\u011f\u0131 taraf\u0131ndan \u0130stanbul\u2019da ge\u00e7ti\u011fimiz y\u0131l\u0131n May\u0131s ay\u0131nda d\u00fczenlenen uluslararas\u0131 sempozyumda ISBN, ISSN ve ISMN direkt\u00f6rleri \u00fclkemize davet edilerek, \u00fclkemiz yay\u0131nc\u0131l\u0131k sekt\u00f6r\u00fcn\u00fcn \u00fcyeleri ve bile\u015fenleri ile tan\u0131\u015fmalar\u0131 sa\u011fland\u0131. Bakanl\u0131k taraf\u0131ndan d\u00fczenlenen sempozyumla \u00fclkemiz yay\u0131nc\u0131l\u0131k sekt\u00f6r\u00fcn\u00fcn ula\u015ft\u0131\u011f\u0131 boyutlar\u0131n da bizzat bu y\u00f6neticiler taraf\u0131ndan g\u00f6r\u00fclmesi sa\u011fland\u0131.<!--more--><\/div>\n<p style=\"text-align: justify;\">\n<p style=\"text-align: justify;\">Bosna Hersek\u2019in ba\u015fkenti Saraybosna kentinde 2011 Ekim ay\u0131nda ger\u00e7ekle\u015ftirilen \u201cY\u0131ll\u0131k Uluslararas\u0131 Uzmanlar Toplant\u0131s\u0131\u201dnda, T\u00fcrkiye\u2019nin uluslararas\u0131 yay\u0131n standartlar\u0131 alan\u0131nda y\u00f6netici bir \u00fclke olarak varolmas\u0131 gerekti\u011fine dair yap\u0131lan yo\u011fun te\u015fvikler ve g\u00f6r\u00fc\u015fmeler ile buna ek olarak \u00f6zellikle son on y\u0131lda yay\u0131nc\u0131l\u0131k alan\u0131nda yap\u0131lan \u00f6nemli \u00e7\u0131k\u0131\u015f\u0131n \u00fclkemizin uluslararas\u0131 yay\u0131nc\u0131l\u0131k sekt\u00f6r\u00fcndeki liderli\u011finin per\u00e7inlenmesi sonucunu ortaya \u00e7\u0131kard\u0131.<\/p>\n<p style=\"text-align: justify;\">Paris UNESCO Binas\u0131\u2019nda 26-27 Nisan 2012 tarihlerinde ger\u00e7ekle\u015ftirilen ISSN (Uluslararas\u0131 Standart S\u00fcreli Yay\u0131nlar) Y\u00f6netim Kurulu Se\u00e7imlerine Bakanl\u0131k b\u00fcnyesinde hizmet veren ISSN T\u00fcrkiye Merkezi, K\u00fct\u00fcphaneler ve Yay\u0131mlar Genel M\u00fcd\u00fcr Yard\u0131mc\u0131s\u0131 \u00dcmit Ya\u015far G\u00d6Z\u00dcM ba\u015fkanl\u0131\u011f\u0131nda bir heyetle ilk kez kat\u0131ld\u0131. Yap\u0131lan se\u00e7imler sonucunda T\u00fcrkiye y\u00f6netim kurulu \u00fcyeli\u011fine se\u00e7ilerek alt kurullarda aktif g\u00f6revler ald\u0131. <strong>2012-2014 y\u0131llar\u0131 aras\u0131nda iki y\u0131ll\u0131k bir s\u00fcre i\u00e7in ISSN Y\u00f6netim Kurulu \u00fcyeli\u011fine se\u00e7ilen T\u00fcrkiye<\/strong>; Amerika Birle\u015fik Devletleri, \u0130ngiltere, Almanya, Finlandiya, Bosna Hersek, Karada\u011f, Arjantin, H\u0131rvatistan ve Romanya ile uluslararas\u0131 alanda s\u00fcreli yay\u0131nlar alan\u0131ndaki deneyim ve tecr\u00fcbelerini aktararak di\u011fer \u00fclkelerin de deneyimlerini payla\u015facak. T\u00fcrkiye\u2019nin y\u00f6netim kurulu \u00fcyeli\u011fi 2014 y\u0131l\u0131nda \u00fclkemizde yap\u0131lmas\u0131 planlanan ISSN, ISBN ve ISMN ola\u011fan toplant\u0131lar\u0131n\u0131n haz\u0131rl\u0131k \u00e7al\u0131\u015fmalar\u0131 ile k\u00fct\u00fcphanecilik ve yay\u0131nc\u0131l\u0131k alandaki uluslararas\u0131 \u00e7al\u0131\u015fmalar\u0131m\u0131za da \u00f6nemli katk\u0131 sa\u011flayacak.<\/p>\n<p style=\"text-align: justify;\">Kaynak : http:\/\/basin.kultur.gov.tr\/<\/p>\n","protected":false},"excerpt":{"rendered":"<p>K\u00fclt\u00fcr ve Turizm Bakanl\u0131\u011f\u0131 taraf\u0131ndan \u0130stanbul\u2019da ge\u00e7ti\u011fimiz y\u0131l\u0131n May\u0131s ay\u0131nda d\u00fczenlenen uluslararas\u0131 sempozyumda ISBN, ISSN ve ISMN direkt\u00f6rleri \u00fclkemize davet edilerek, \u00fclkemiz yay\u0131nc\u0131l\u0131k sekt\u00f6r\u00fcn\u00fcn \u00fcyeleri ve bile\u015fenleri ile tan\u0131\u015fmalar\u0131 sa\u011fland\u0131. Bakanl\u0131k taraf\u0131ndan d\u00fczenlenen sempozyumla \u00fclkemiz yay\u0131nc\u0131l\u0131k sekt\u00f6r\u00fcn\u00fcn ula\u015ft\u0131\u011f\u0131 boyutlar\u0131n da bizzat bu y\u00f6neticiler taraf\u0131ndan g\u00f6r\u00fclmesi sa\u011fland\u0131.<\/p>\n","protected":false},"author":1,"featured_media":0,"comment_status":"open","ping_status":"open","sticky":false,"template":"","format":"standard","meta":{"footnotes":""},"categories":[1],"tags":[],"class_list":["post-4235","post","type-post","status-publish","format-standard","hentry","category-genel"],"_links":{"self":[{"href":"https:\/\/www.bbyhaber.com\/bby\/wp-json\/wp\/v2\/posts\/4235"}],"collection":[{"href":"https:\/\/www.bbyhaber.com\/bby\/wp-json\/wp\/v2\/posts"}],"about":[{"href":"https:\/\/www.bbyhaber.com\/bby\/wp-json\/wp\/v2\/types\/post"}],"author":[{"embeddable":true,"href":"https:\/\/www.bbyhaber.com\/bby\/wp-json\/wp\/v2\/users\/1"}],"replies":[{"embeddable":true,"href":"https:\/\/www.bbyhaber.com\/bby\/wp-json\/wp\/v2\/comments?post=4235"}],"version-history":[{"count":0,"href":"https:\/\/www.bbyhaber.com\/bby\/wp-json\/wp\/v2\/posts\/4235\/revisions"}],"wp:attachment":[{"href":"https:\/\/www.bbyhaber.com\/bby\/wp-json\/wp\/v2\/media?parent=4235"}],"wp:term":[{"taxonomy":"category","embeddable":true,"href":"https:\/\/www.bbyhaber.com\/bby\/wp-json\/wp\/v2\/categories?post=4235"},{"taxonomy":"post_tag","embeddable":true,"href":"https:\/\/www.bbyhaber.com\/bby\/wp-json\/wp\/v2\/tags?post=4235"}],"curies":[{"name":"wp","href":"https:\/\/api.w.org\/{rel}","templated":true}]}}