{"id":4224,"date":"2012-05-10T10:27:29","date_gmt":"2012-05-10T10:27:29","guid":{"rendered":"http:\/\/www.bbyhaber.com\/bby\/?p=4224"},"modified":"2012-09-07T13:00:00","modified_gmt":"2012-09-07T10:00:00","slug":"bodrum-ilce-halk-kutuphanesi","status":"publish","type":"post","link":"https:\/\/www.bbyhaber.com\/bby\/2012\/05\/10\/bodrum-ilce-halk-kutuphanesi","title":{"rendered":"Bodrum \u0130l\u00e7e Halk K\u00fct\u00fcphanesi restore edildi"},"content":{"rendered":"<p style=\"text-align: justify;\">Bodrum \u0130l\u00e7e Halk K\u00fct\u00fcphanesi restore edildi ve ad\u0131 Cevat \u015eakir \u0130l\u00e7e K\u00fct\u00fcphanesi oldu. Borum \u0130l\u00e7e Halk K\u00fct\u00fcphanesi, restore edilip, ismi de\u011fi\u015ftirildikten sonra t\u00f6renle hizmete a\u00e7\u0131ld\u0131. 1955 y\u0131l\u0131nda Milli E\u011fitim Bakanl\u0131\u011f\u0131\u2019na ba\u011fl\u0131 olarak kurulan ve daha sonra K\u00fclt\u00fcr ve Turizm Bakanl\u0131\u011f\u0131na devredilen tarihi k\u00fct\u00fcphaneye, s\u00fcrg\u00fcn geldi\u011fi Bodrum i\u00e7in \u00e7ok say\u0131da kitap yazan \u00fcnl\u00fc edebiyat adam\u0131 Cevat \u015eakir Kabaa\u011fa\u00e7l\u0131\u2019n\u0131n ad\u0131 verildi.<!--more--><\/p>\n<p style=\"text-align: justify;\">Mimari yap\u0131s\u0131yla dikkat \u00e7eken ve Cumhuriyet Caddesi\u2019nde bulunan k\u00fct\u00fcphanenin a\u00e7\u0131l\u0131\u015f kurdelesini Bodrum Kaymakam\u0131 Dr. Mehmet G\u00f6dekmerdan, K\u00fct\u00fcphaneler ve Yay\u0131mlar Genel M\u00fcd\u00fcr\u00fc Prof. Dr. Onur Bilge Kula, \u0130l K\u00fclt\u00fcr M\u00fcd\u00fcr\u00fc Dr.Kamil \u00d6zer, Belediye Ba\u015fkan Yard\u0131mc\u0131s\u0131 Kemal Orman taraf\u0131ndan yap\u0131ld\u0131.<\/p>\n<p><iframe loading=\"lazy\" src=\"http:\/\/www.youtube.com\/embed\/ZwDWPivJ1ek\" frameborder=\"0\" width=\"560\" height=\"315\"><\/iframe><\/p>\n<p style=\"text-align: justify;\">Bodrum Kaymakam\u0131 Dr. Mehmet G\u00f6dekmerdan 3 hafta gibi k\u0131sa s\u00fcrede tamamlanan restorasyon \u00e7al\u0131\u015fmas\u0131nda Bodrum Belediyesinin \u00e7ok b\u00fcy\u00fck deste\u011fi oldu\u011funu s\u00f6yledi. Kaymakam G\u00f6dekmerdan\u201d \u201dUmar\u0131m k\u00fct\u00fcphanemiz s\u00fcrekli dolu olur. Vatanda\u015flar\u0131m\u0131z ve \u00f6\u011frenciler k\u00fct\u00fcphaneden daha fazla yararlan\u0131r\u201d dedi.<\/p>\n<p style=\"text-align: justify;\">T\u00f6rende konu\u015fan K\u00fct\u00fcphaneler ve Yay\u0131mlar Genel M\u00fcd\u00fcr\u00fc Prof. Dr. Onur Bilge Kula, Bodrum\u2019da bug\u00fcn ba\u015flayan <a title=\"De\u011fi\u015fen D\u00fcnya\u2019da Halk K\u00fct\u00fcphaneleri Sempozyumu\" href=\"http:\/\/www.bbyhaber.com\/bby\/2011\/11\/15\/degisen-dunyada-halk-kutuphaneleri-sempozyumu\/\">2. Halk K\u00fct\u00fcphanecili\u011fi Sempozyumu<\/a>nu hat\u0131rlatarak, etkinlik d\u00fczenledikleri yerlerdeki k\u00fct\u00fcphaneleri elden ge\u00e7irdiklerini s\u00f6yledi. Bodrum\u2019da \u00e7ok \u00f6nemli d\u00fc\u015f\u00fcnce, estetik ve tarih birikimi oldu\u011funa i\u015faret eden Kula, b\u00f6yle birikimli bir yeri destekleyecek bilgilere ula\u015f\u0131lmas\u0131 anlam\u0131nda bu k\u00fct\u00fcphanenin restore edilmesinin \u00f6nemli oldu\u011funu s\u00f6yledi. 1955 y\u0131l\u0131nda hizmete giren k\u00fct\u00fcphanede 24 bin kitap bulunuyor.<\/p>\n<p style=\"text-align: justify;\">Kaynak: http:\/\/www.bodrumdabugun.com<\/p>\n","protected":false},"excerpt":{"rendered":"<p>Bodrum \u0130l\u00e7e Halk K\u00fct\u00fcphanesi restore edildi ve ad\u0131 Cevat \u015eakir \u0130l\u00e7e K\u00fct\u00fcphanesi oldu. Borum \u0130l\u00e7e Halk K\u00fct\u00fcphanesi, restore edilip, ismi de\u011fi\u015ftirildikten sonra t\u00f6renle hizmete a\u00e7\u0131ld\u0131. 1955 y\u0131l\u0131nda Milli E\u011fitim Bakanl\u0131\u011f\u0131\u2019na ba\u011fl\u0131 olarak kurulan ve daha sonra K\u00fclt\u00fcr ve Turizm Bakanl\u0131\u011f\u0131na devredilen tarihi k\u00fct\u00fcphaneye, s\u00fcrg\u00fcn geldi\u011fi Bodrum i\u00e7in \u00e7ok say\u0131da kitap yazan \u00fcnl\u00fc edebiyat adam\u0131 Cevat [&hellip;]<\/p>\n","protected":false},"author":1,"featured_media":0,"comment_status":"open","ping_status":"open","sticky":false,"template":"","format":"standard","meta":{"footnotes":""},"categories":[],"tags":[848],"class_list":["post-4224","post","type-post","status-publish","format-standard","hentry","tag-halk-kutuphaneleri"],"_links":{"self":[{"href":"https:\/\/www.bbyhaber.com\/bby\/wp-json\/wp\/v2\/posts\/4224"}],"collection":[{"href":"https:\/\/www.bbyhaber.com\/bby\/wp-json\/wp\/v2\/posts"}],"about":[{"href":"https:\/\/www.bbyhaber.com\/bby\/wp-json\/wp\/v2\/types\/post"}],"author":[{"embeddable":true,"href":"https:\/\/www.bbyhaber.com\/bby\/wp-json\/wp\/v2\/users\/1"}],"replies":[{"embeddable":true,"href":"https:\/\/www.bbyhaber.com\/bby\/wp-json\/wp\/v2\/comments?post=4224"}],"version-history":[{"count":0,"href":"https:\/\/www.bbyhaber.com\/bby\/wp-json\/wp\/v2\/posts\/4224\/revisions"}],"wp:attachment":[{"href":"https:\/\/www.bbyhaber.com\/bby\/wp-json\/wp\/v2\/media?parent=4224"}],"wp:term":[{"taxonomy":"category","embeddable":true,"href":"https:\/\/www.bbyhaber.com\/bby\/wp-json\/wp\/v2\/categories?post=4224"},{"taxonomy":"post_tag","embeddable":true,"href":"https:\/\/www.bbyhaber.com\/bby\/wp-json\/wp\/v2\/tags?post=4224"}],"curies":[{"name":"wp","href":"https:\/\/api.w.org\/{rel}","templated":true}]}}