{"id":4214,"date":"2012-05-09T18:01:08","date_gmt":"2012-05-09T18:01:08","guid":{"rendered":"http:\/\/www.bbyhaber.com\/bby\/?p=4214"},"modified":"2012-05-09T18:01:30","modified_gmt":"2012-05-09T18:01:30","slug":"nufusun-yuzde-40i-kitaba-ihtiyac-duymuyor","status":"publish","type":"post","link":"https:\/\/www.bbyhaber.com\/bby\/2012\/05\/09\/nufusun-yuzde-40i-kitaba-ihtiyac-duymuyor","title":{"rendered":"N\u00fcfusun y\u00fczde 40&#8217;\u0131 kitaba ihtiya\u00e7 duymuyor"},"content":{"rendered":"<p style=\"text-align: justify;\">K\u00fct\u00fcphaneler ve Yay\u0131mlar Genel M\u00fcd\u00fcr\u00fc Prof. Dr. Onur Bilge Kula, T\u00fcrkiye&#8217;de n\u00fcfusun y\u00fczde 40&#8217;\u0131ndan fazla insan\u0131n kitap okumaya ihtiya\u00e7 duymad\u0131\u011f\u0131n\u0131 ifade etti\u011fini ve &#8220;kitap okumuyorum&#8221; diyenlerin say\u0131s\u0131n\u0131 h\u0131zla azaltmak zorunda olduklar\u0131n\u0131 s\u00f6yledi. Kula, K\u00fclt\u00fcr ve Turizm Bakanl\u0131\u011f\u0131 K\u00fct\u00fcphaneler ve Yay\u0131mlar Genel M\u00fcd\u00fcrl\u00fc\u011f\u00fc&#8217;nce d\u00fczenlenen &#8220;2. Halk K\u00fct\u00fcphanecili\u011fi Sempozyumu&#8221;nda, k\u00fct\u00fcphanecilerin halkla ili\u015fkilerini geli\u015ftirebilmek, <!--more-->d\u00fcnya k\u00fct\u00fcphanelerindeki geli\u015fmeleri takip edebilmelerini sa\u011flamak, k\u00fct\u00fcphanecili\u011fin \u00e7ekicili\u011fini art\u0131rmak ve deneyimlerini kar\u015f\u0131l\u0131kl\u0131 olarak payla\u015fabilmek i\u00e7in d\u00fczenlediklerini s\u00f6yledi.<\/p>\n<p style=\"text-align: justify;\">T\u00fcrkiye&#8217;deki bin 118 k\u00fct\u00fcphanede toplam 311 k\u00fct\u00fcphanecinin g\u00f6rev yapt\u0131\u011f\u0131n\u0131 ifade eden Kula, T\u00fcrkiye&#8217;deki k\u00fct\u00fcphaneci say\u0131s\u0131n\u0131n d\u00fcnya ortalamas\u0131n\u0131n \u00e7ok alt\u0131nda oldu\u011funu kaydetti.<\/p>\n<p style=\"text-align: justify;\">K\u00fct\u00fcphanecilik e\u011fitimi alm\u0131\u015f personel say\u0131s\u0131n\u0131 art\u0131rmak zorunda olduklar\u0131n\u0131 vurgulayan Kula, &#8220;D\u00fcnya ortalamas\u0131na yakla\u015fabilmek i\u00e7in bug\u00fcnk\u00fc say\u0131n\u0131n en az 4 kat\u0131na \u00e7\u0131kmak zorunday\u0131z. D\u00fcnya ortalamas\u0131n\u0131 yakalayamay\u0131z ama, en az\u0131ndan yakla\u015fabiliriz. K\u00fct\u00fcphaneler ve Yay\u0131mlar Genel M\u00fcd\u00fcrl\u00fc\u011f\u00fc&#8217;nde 3 bin personel var. Bunlar\u0131n sadece 311&#8217;i Bilgi ve Belge Y\u00f6netimi B\u00f6l\u00fcm\u00fc&#8217;nde \u00f6\u011frenim g\u00f6rm\u00fc\u015f&#8221; dedi. K\u00fct\u00fcphane hizmetini art\u0131rabilmek, niteli\u011fini y\u00fckseltebilmek i\u00e7in taze kana ihtiya\u00e7lar\u0131 oldu\u011funu dile getiren Kula, konuyu Bakanl\u0131k yetkilileriyle g\u00f6r\u00fc\u015ft\u00fcklerini, bu y\u0131l ciddi bir personel art\u0131\u015f\u0131 sa\u011flayacaklar\u0131n\u0131 kaydetti.<\/p>\n<p style=\"text-align: justify;\">-&#8220;Ki\u015fi ba\u015f\u0131na y\u0131lda ortalama 7 kitap okuyoruz&#8221;-<\/p>\n<p style=\"text-align: justify;\">T\u00fcrkiye&#8217;de k\u00fct\u00fcphanelere duyulan ilgiyi art\u0131rmak i\u00e7in \u00f6nemli br giri\u015fim ger\u00e7ekle\u015ftirdiklerine i\u015faret eden Prof. Kula, s\u00f6zlerini \u015f\u00f6yle s\u00fcrd\u00fcrd\u00fc:<\/p>\n<p style=\"text-align: justify;\">&#8220;T\u00fcrkiye&#8217;de ki\u015fi ba\u015f\u0131na y\u0131lda ortalama 7 kitap okunuyor. Bu \u00e7ok d\u00fc\u015f\u00fck bir rakam de\u011fil, ama \u00e7ok y\u00fcksek bir rakam da de\u011fil. Ama baz\u0131 olumsuz rakamlar da var. Yapt\u0131\u011f\u0131m\u0131z ara\u015ft\u0131rmalara g\u00f6re T\u00fcrkiye&#8217;de n\u00fcfusun y\u00fczde 40&#8217;\u0131ndan fazla insan kitap okumaya ihtiya\u00e7 duymad\u0131\u011f\u0131n\u0131 dile getiriyor. Hi\u00e7 kitap okumad\u0131\u011f\u0131n\u0131 s\u00f6yl\u00fcyor. Dolay\u0131s\u0131yla kitap okuyanlar\u0131n fazla kitap okuyarak bu rakam\u0131 y\u00fckseltti\u011fini g\u00f6steriyor. Biz &#8216;kitap okumuyorum&#8217; diyenlerin say\u0131s\u0131n\u0131 h\u0131zla azaltmak zorunday\u0131z.&#8221;<\/p>\n<p style=\"text-align: justify;\">Prof. Dr. Onur Bilge Kula, kitap okuma al\u0131\u015fkanl\u0131\u011f\u0131n\u0131n art\u0131r\u0131lmas\u0131 i\u00e7in k\u00fct\u00fcphanelerin \u00e7ekici duruma getirilmesi, k\u00fct\u00fcphanelerdeki k\u00fclt\u00fcr sanat etkinliklerinin \u00e7evreyle b\u00fct\u00fcnle\u015fmek i\u00e7in s\u0131k\u00e7a d\u00fczenlenmesi gerekti\u011fini belirtti.<\/p>\n<p style=\"text-align: justify;\">K\u00fct\u00fcphanelerde kitap \u00e7e\u015fidini art\u0131rd\u0131klar\u0131n\u0131 bildiren Kula, &#8220;K\u00fct\u00fcphanelerimize her t\u00fcrl\u00fc okuma ihtiyac\u0131na kar\u015f\u0131l\u0131k verecek yakla\u015f\u0131k 3 bin 850 \u00e7e\u015fit kitap, yakla\u015f\u0131k 300 dergi, s\u00fcreli yay\u0131n al\u0131yoruz. Herkes kendisine uygun kitab\u0131 ve dergiyi k\u00fct\u00fcphanelerimizde bulabilir. Ama bunun i\u00e7in k\u00fct\u00fcphaneye u\u011framas\u0131 gerekiyor&#8221; diye konu\u015ftu. Sempozyumun a\u00e7\u0131l\u0131\u015f\u0131na Bodrum Kaymakam\u0131 Mehmet G\u00f6dekmerdan, Mu\u011fla \u0130l K\u00fclt\u00fcr ve Turizm M\u00fcd\u00fcr\u00fc Kamil \u00d6zer ve k\u00fct\u00fcphaneciler kat\u0131ld\u0131. 12 May\u0131s&#8217;ta sona erecek sempozyumda T\u00fcrkiye, Fransa ve Almanya&#8217;dan akademisyenler sunum ger\u00e7ekle\u015ftirecek.<\/p>\n<p style=\"text-align: justify;\">Kaynak: http:\/\/www.cnnturk.com<\/p>\n","protected":false},"excerpt":{"rendered":"<p>K\u00fct\u00fcphaneler ve Yay\u0131mlar Genel M\u00fcd\u00fcr\u00fc Prof. Dr. Onur Bilge Kula, T\u00fcrkiye&#8217;de n\u00fcfusun y\u00fczde 40&#8217;\u0131ndan fazla insan\u0131n kitap okumaya ihtiya\u00e7 duymad\u0131\u011f\u0131n\u0131 ifade etti\u011fini ve &#8220;kitap okumuyorum&#8221; diyenlerin say\u0131s\u0131n\u0131 h\u0131zla azaltmak zorunda olduklar\u0131n\u0131 s\u00f6yledi. Kula, K\u00fclt\u00fcr ve Turizm Bakanl\u0131\u011f\u0131 K\u00fct\u00fcphaneler ve Yay\u0131mlar Genel M\u00fcd\u00fcrl\u00fc\u011f\u00fc&#8217;nce d\u00fczenlenen &#8220;2. Halk K\u00fct\u00fcphanecili\u011fi Sempozyumu&#8221;nda, k\u00fct\u00fcphanecilerin halkla ili\u015fkilerini geli\u015ftirebilmek,<\/p>\n","protected":false},"author":1,"featured_media":0,"comment_status":"open","ping_status":"open","sticky":false,"template":"","format":"standard","meta":{"footnotes":""},"categories":[1],"tags":[848],"class_list":["post-4214","post","type-post","status-publish","format-standard","hentry","category-genel","tag-halk-kutuphaneleri"],"_links":{"self":[{"href":"https:\/\/www.bbyhaber.com\/bby\/wp-json\/wp\/v2\/posts\/4214"}],"collection":[{"href":"https:\/\/www.bbyhaber.com\/bby\/wp-json\/wp\/v2\/posts"}],"about":[{"href":"https:\/\/www.bbyhaber.com\/bby\/wp-json\/wp\/v2\/types\/post"}],"author":[{"embeddable":true,"href":"https:\/\/www.bbyhaber.com\/bby\/wp-json\/wp\/v2\/users\/1"}],"replies":[{"embeddable":true,"href":"https:\/\/www.bbyhaber.com\/bby\/wp-json\/wp\/v2\/comments?post=4214"}],"version-history":[{"count":0,"href":"https:\/\/www.bbyhaber.com\/bby\/wp-json\/wp\/v2\/posts\/4214\/revisions"}],"wp:attachment":[{"href":"https:\/\/www.bbyhaber.com\/bby\/wp-json\/wp\/v2\/media?parent=4214"}],"wp:term":[{"taxonomy":"category","embeddable":true,"href":"https:\/\/www.bbyhaber.com\/bby\/wp-json\/wp\/v2\/categories?post=4214"},{"taxonomy":"post_tag","embeddable":true,"href":"https:\/\/www.bbyhaber.com\/bby\/wp-json\/wp\/v2\/tags?post=4214"}],"curies":[{"name":"wp","href":"https:\/\/api.w.org\/{rel}","templated":true}]}}