{"id":4202,"date":"2012-05-08T14:13:33","date_gmt":"2012-05-08T14:13:33","guid":{"rendered":"http:\/\/www.bbyhaber.com\/bby\/?p=4202"},"modified":"2012-05-08T14:14:17","modified_gmt":"2012-05-08T14:14:17","slug":"saraybosna-gorme-engelliler-kutuphanesine-destek","status":"publish","type":"post","link":"https:\/\/www.bbyhaber.com\/bby\/2012\/05\/08\/saraybosna-gorme-engelliler-kutuphanesine-destek","title":{"rendered":"Saraybosna G\u00f6rme Engelliler K\u00fct\u00fcphanesi&#8217;ne Destek"},"content":{"rendered":"<p style=\"text-align: justify;\">T\u0130KA&#8217;n\u0131n Bosna Hersek&#8217;in ba\u015fkenti Saraybosna&#8217;da faaliyet g\u00f6steren G\u00f6rme Engelliler K\u00fct\u00fcphanesi&#8217;ne bilgi i\u015flem ekipman\u0131, mobilya ve k\u00fct\u00fcphane malzemesi yard\u0131m\u0131 d\u00fczenlenen t\u00f6renle teslim edildi. T\u00fcrk \u0130\u015fbirli\u011fi ve Koordinasyon Ajans\u0131 Ba\u015fkanl\u0131\u011f\u0131&#8217;n\u0131n (T\u0130KA) Saraybosna Koordinasyon Ofisince sa\u011flanan yard\u0131m\u0131n teslim t\u00f6renine, T\u00fcrkiye&#8217;nin Saraybosna B\u00fcy\u00fck\u00e7isi Ahmet Y\u0131ld\u0131z, Bosna Hersek Federasyonu K\u00fclt\u00fcr ve Spor Bakan\u0131 Salmir Kaplan,<!--more--> T\u0130KA Saraybosna Koordinat\u00f6r\u00fc Dr. Z\u00fclk\u00fcf Oru\u00e7, Saraybosna G\u00f6rme Engelliler K\u00fct\u00fcphanesi M\u00fcd\u00fcr\u00fc Sakib Pleh ve di\u011fer yetkililerkat\u0131ld\u0131.<\/p>\n<p style=\"text-align: justify;\">Bilgisayar, yaz\u0131c\u0131, mobilya ile di\u011fer k\u00fct\u00fcphane malzemelerinden olu\u015fan deste\u011fin teslimat\u0131 s\u0131ras\u0131nda d\u00fczenlenen bas\u0131n toplant\u0131s\u0131nda konu\u015fan B\u00fcy\u00fckel\u00e7i Y\u0131ld\u0131z, G\u00f6rme Engelliler K\u00fct\u00fcphanesi gibi kurumlar\u0131n finanse edilmesinin \u00f6nemini vurgulayarak, T\u00fcrkiye Cumhuriyeti kurumlar\u0131n\u0131n deste\u011finin devam edece\u011fini belirtti. B\u00fcy\u00fckel\u00e7i Y\u0131ld\u0131z, &#8220;Bunun gibi kurumlar\u0131n \u00f6zel ihtiya\u00e7lar\u0131 vard\u0131r. Bu yard\u0131mlar\u0131n sa\u011flanmas\u0131 i\u00e7in T\u0130KA hep yan\u0131n\u0131zda olur&#8221; dedi.<\/p>\n<p style=\"text-align: justify;\">K\u00fct\u00fcphane M\u00fcd\u00fcr\u00fc Sakib Pleh, T\u0130KA&#8217;n\u0131n k\u00fct\u00fcphanede ger\u00e7ekle\u015ftirdi\u011fi projenin 3 k\u0131s\u0131mdan olu\u015ftu\u011fu ve her b\u00f6l\u00fcm\u00fcn ayr\u0131 bir projenin niteli\u011fini ta\u015f\u0131d\u0131\u011f\u0131n\u0131 anlatarak, ilk etapta T\u0130KA&#8217;n\u0131n k\u00fct\u00fcphaneye bilgisayar ve yaz\u0131c\u0131lar\u0131 teslim etti\u011fi, bunun ard\u0131ndan ise 2 tane ses st\u00fcdyosu i\u00e7in gerekli mobilya ve malzemelerin sa\u011fland\u0131\u011f\u0131n\u0131 kaydetti.<\/p>\n<p style=\"text-align: justify;\">AA muhabirine a\u00e7\u0131klama yapan Pleh, T\u0130KA&#8217;n\u0131n G\u00f6rme Engelliler K\u00fct\u00fcphanesi&#8217;ne bin adet CD ve \u00f6zel ka\u011f\u0131t anlam\u0131nda \u00f6nemli destekte bulundu\u011funu da s\u00f6yledi. Yakla\u015f\u0131k 8 y\u0131ld\u0131r k\u00fct\u00fcphanenin m\u00fcd\u00fcr\u00fc olarak g\u00f6rev yapt\u0131\u011f\u0131n\u0131 hat\u0131rlatan Pleh, &#8220;Ald\u0131\u011f\u0131m\u0131z bu yard\u0131m, son 8 y\u0131lda burada uygulanan en anlaml\u0131 projedir&#8221; dedi. K\u00fct\u00fcphaneninhizmetlerinibin 258 Bosna&#8217;l\u0131 ve yurt d\u0131\u015f\u0131ndaki engellilerin kulland\u0131\u011f\u0131na i\u015faret eden Pleh, k\u00fct\u00fcphanenin t\u00fcm hizmetlerinin \u00fccretsiz oldu\u011funu da s\u00f6zlerine ekledi.<\/p>\n<p style=\"text-align: justify;\">Ama\u00e7 engellileri toplum geli\u015fimine kat\u0131lmas\u0131n\u0131 sa\u011flamak<\/p>\n<p style=\"text-align: justify;\">T\u0130KA Saraybosna Koordinat\u00f6r\u00fc Dr. Z\u00fclk\u00fcf Oru\u00e7, ekonomik ve sosyal geli\u015fimin en \u00f6nemli faaliyetlerinden birinin g\u00f6rme ve di\u011fer engelli ki\u015filerin toplumun geli\u015fimine kat\u0131lmas\u0131n\u0131sa\u011flamakoldu\u011funu ifade etti.<\/p>\n<p style=\"text-align: justify;\">G\u00f6rme engellilerin \u00e7evreleri ile ili\u015fkilerini g\u00fc\u00e7lendirecek projelerin hayata ge\u00e7irilmesinin \u00f6neminin alt\u0131n\u0131 \u00e7izen Dr. Oru\u00e7, &#8220;Engelli insanlar\u0131n \u00fcretimin bir par\u00e7as\u0131 olmalar\u0131n\u0131 sa\u011flamak \u00e7ok \u00f6nemlidir. G\u00f6rme Engelliler K\u00fct\u00fcphanesi i\u00e7in bu projeyi ger\u00e7ekle\u015ftirmek bizim i\u00e7in b\u00fcy\u00fck onurdur, \u00e7\u00fcnk\u00fc bu proje ile Bosna Hersek&#8217;ink\u00fclt\u00fcrel, sosyal ve ekonomik geli\u015fimine katk\u0131 sa\u011flam\u0131\u015f olduk&#8221; diye konu\u015ftu.<\/p>\n<p style=\"text-align: justify;\">T\u00f6rene kat\u0131lan Bosna Hersek Federasyonu K\u00fclt\u00fcr ve Spor Bakan\u0131 Salmir Kaplan, T\u0130KA ve T\u00fcrkiye&#8217;ye Bosna Hesrek&#8217;in genelinde ger\u00e7ekle\u015ftirdi\u011fi \u00e7ok say\u0131daki anlaml\u0131 destek projesinden dolay\u0131 te\u015fekk\u00fcr etti. Kaplan, T\u0130KA projelerinin sadece toplumum belirli kesimlerine de\u011fil, tamam\u0131na odaklanm\u0131\u015f oldu\u011funu s\u00f6zlerine ekledi.<\/p>\n<p style=\"text-align: justify;\">Kaynak: http:\/\/www.haberciniz.biz<\/p>\n","protected":false},"excerpt":{"rendered":"<p>T\u0130KA&#8217;n\u0131n Bosna Hersek&#8217;in ba\u015fkenti Saraybosna&#8217;da faaliyet g\u00f6steren G\u00f6rme Engelliler K\u00fct\u00fcphanesi&#8217;ne bilgi i\u015flem ekipman\u0131, mobilya ve k\u00fct\u00fcphane malzemesi yard\u0131m\u0131 d\u00fczenlenen t\u00f6renle teslim edildi. T\u00fcrk \u0130\u015fbirli\u011fi ve Koordinasyon Ajans\u0131 Ba\u015fkanl\u0131\u011f\u0131&#8217;n\u0131n (T\u0130KA) Saraybosna Koordinasyon Ofisince sa\u011flanan yard\u0131m\u0131n teslim t\u00f6renine, T\u00fcrkiye&#8217;nin Saraybosna B\u00fcy\u00fck\u00e7isi Ahmet Y\u0131ld\u0131z, Bosna Hersek Federasyonu K\u00fclt\u00fcr ve Spor Bakan\u0131 Salmir Kaplan,<\/p>\n","protected":false},"author":1,"featured_media":0,"comment_status":"open","ping_status":"open","sticky":false,"template":"","format":"standard","meta":{"footnotes":""},"categories":[1484,1485,1,1487],"tags":[],"class_list":["post-4202","post","type-post","status-publish","format-standard","hentry","category-engelliler-icin-bilgi-merkezleri","category-engelliler-icin-kutuphane","category-genel","category-gorme-engelli-kutuphane"],"_links":{"self":[{"href":"https:\/\/www.bbyhaber.com\/bby\/wp-json\/wp\/v2\/posts\/4202"}],"collection":[{"href":"https:\/\/www.bbyhaber.com\/bby\/wp-json\/wp\/v2\/posts"}],"about":[{"href":"https:\/\/www.bbyhaber.com\/bby\/wp-json\/wp\/v2\/types\/post"}],"author":[{"embeddable":true,"href":"https:\/\/www.bbyhaber.com\/bby\/wp-json\/wp\/v2\/users\/1"}],"replies":[{"embeddable":true,"href":"https:\/\/www.bbyhaber.com\/bby\/wp-json\/wp\/v2\/comments?post=4202"}],"version-history":[{"count":0,"href":"https:\/\/www.bbyhaber.com\/bby\/wp-json\/wp\/v2\/posts\/4202\/revisions"}],"wp:attachment":[{"href":"https:\/\/www.bbyhaber.com\/bby\/wp-json\/wp\/v2\/media?parent=4202"}],"wp:term":[{"taxonomy":"category","embeddable":true,"href":"https:\/\/www.bbyhaber.com\/bby\/wp-json\/wp\/v2\/categories?post=4202"},{"taxonomy":"post_tag","embeddable":true,"href":"https:\/\/www.bbyhaber.com\/bby\/wp-json\/wp\/v2\/tags?post=4202"}],"curies":[{"name":"wp","href":"https:\/\/api.w.org\/{rel}","templated":true}]}}