{"id":4173,"date":"2012-05-07T11:50:20","date_gmt":"2012-05-07T11:50:20","guid":{"rendered":"http:\/\/www.bbyhaber.com\/bby\/?p=4173"},"modified":"2014-09-22T13:37:47","modified_gmt":"2014-09-22T10:37:47","slug":"tkd-dusunce-ozgurlugu-grubu-5-yasinda","status":"publish","type":"post","link":"https:\/\/www.bbyhaber.com\/bby\/2012\/05\/07\/tkd-dusunce-ozgurlugu-grubu-5-yasinda","title":{"rendered":"TKD D\u00fc\u015f\u00fcnce \u00d6zg\u00fcrl\u00fc\u011f\u00fc Grubu 5 Ya\u015f\u0131nda"},"content":{"rendered":"<p style=\"text-align: justify;\">7 May\u0131s 2007 tarihinde T\u00fcrk K\u00fct\u00fcphaneciler Derne\u011fi Genel Merkezi taraf\u0131ndan kurulan &#8220;D\u00fc\u015f\u00fcnce \u00d6zg\u00fcrl\u00fc\u011f\u00fc S\u00fcrekli \u00c7al\u0131\u015fma Grubu 5 ya\u015f\u0131nda. 7 May\u0131s 2007 tarihinde TKD-D\u00d6G Ba\u015fkan\u0131 Zafer K\u0131z\u0131lkan taraf\u0131ndan payla\u015f\u0131lan grubun kurulu\u015f duyurusunu okumak i\u00e7in<a href=\"https:\/\/docs.google.com\/file\/d\/0B3mIG2roswimNDc4ZjRmMzItM2FkYi00MDc1LWE0YmMtMGViMGY3ZjIwNGIz\/edit?pli=1\" target=\"_blank\"> t\u0131klay\u0131n\u0131z<\/a>.<!--more--><\/p>\n<p style=\"text-align: justify;\">T\u00fcrk K\u00fct\u00fcphaneciler Derne\u011fi (TKD) D\u00fc\u015f\u00fcnce \u00d6zg\u00fcrl\u00fc\u011f\u00fc Grubu taraf\u0131ndan haz\u0131rlanm\u0131\u015f ve TKD Genel Y\u00f6netim Kurulu karar\u0131 ile 22 \u015eubat 2008 tarihinde kabul edilen D\u00fc\u015f\u00fcnce \u00d6zg\u00fcrl\u00fc\u011f\u00fc Bildirisini okumak i\u00e7in<a title=\"BBY Mevzuatlar\" href=\"http:\/\/www.bbyhaber.com\/bby\/2011\/11\/10\/bby-mevzuatlar-2\/\"> t\u0131klay\u0131n\u0131z.<\/a><\/p>\n<p style=\"text-align: justify;\">TKD D\u00fc\u015f\u00fcnce \u00d6zg\u00fcrl\u00fc\u011f\u00fc Bildirisi 5 Aral\u0131k 2008 tarihinde IFLA web sayfas\u0131nda Prof. Dr. Ya\u015far Tonta&#8217;n\u0131n T\u00fcrk\u00e7e&#8217;den \u0130ngilizceye \u00e7evirisi yay\u0131nlanm\u0131\u015ft\u0131r.\u00a0 T\u00fcrkiye\u00a0 \u0130FLA&#8217;da D\u00fc\u015f\u00fcnce \u00d6zg\u00fcrl\u00fc\u011f\u00fc Bildirgesi yay\u0131nlanan 10 \u00fclkeden biri olmu\u015ftur.\u0130FLA sayfas\u0131nda yay\u0131nlanan TKD D\u00fc\u015f\u00fcnce \u00d6zg\u00fcrl\u00fc\u011f\u00fc Bildirgesini&#8217;nin \u00e7evirisine ula\u015fmak i\u00e7in <a href=\"http:\/\/archive.ifla.org\/faife\/ifstat\/tlastat.htm\" target=\"_blank\">t\u0131klay\u0131n\u0131z<\/a>.<\/p>\n<p style=\"text-align: justify;\">TKD D\u00fc\u015f\u00fcnce \u00d6zg\u00fcrl\u00fc\u011f\u00fc Grubunun 5. Ya\u015f\u0131 Kutlu Olsun.<\/p>\n<p style=\"text-align: justify;\">\u00c7al\u0131\u015fma grubuna emek ve destek veren ki\u015fi ve kurumlara te\u015fekk\u00fcrler.<\/p>\n<p style=\"text-align: justify;\">Kaynak:<br \/>\nAyd\u0131n \u0130leri<br \/>\nT\u00fcrk K\u00fct\u00fcphaneciler Derne\u011fi Genel Ba\u015fkan Yard\u0131mc\u0131s\u0131<\/p>\n","protected":false},"excerpt":{"rendered":"<p>7 May\u0131s 2007 tarihinde T\u00fcrk K\u00fct\u00fcphaneciler Derne\u011fi Genel Merkezi taraf\u0131ndan kurulan &#8220;D\u00fc\u015f\u00fcnce \u00d6zg\u00fcrl\u00fc\u011f\u00fc S\u00fcrekli \u00c7al\u0131\u015fma Grubu 5 ya\u015f\u0131nda. 7 May\u0131s 2007 tarihinde TKD-D\u00d6G Ba\u015fkan\u0131 Zafer K\u0131z\u0131lkan taraf\u0131ndan payla\u015f\u0131lan grubun kurulu\u015f duyurusunu okumak i\u00e7in t\u0131klay\u0131n\u0131z.<\/p>\n","protected":false},"author":1,"featured_media":0,"comment_status":"open","ping_status":"open","sticky":false,"template":"","format":"standard","meta":{"footnotes":""},"categories":[1,1607,1608],"tags":[570],"class_list":["post-4173","post","type-post","status-publish","format-standard","hentry","category-genel","category-turk-kutuphaneciler-dernegi-tkd","category-turk-kutuphaneciler-dernegi-dusunce-ozgurlugu-grubu-tkd-dog","tag-zafer-kizilkan"],"_links":{"self":[{"href":"https:\/\/www.bbyhaber.com\/bby\/wp-json\/wp\/v2\/posts\/4173"}],"collection":[{"href":"https:\/\/www.bbyhaber.com\/bby\/wp-json\/wp\/v2\/posts"}],"about":[{"href":"https:\/\/www.bbyhaber.com\/bby\/wp-json\/wp\/v2\/types\/post"}],"author":[{"embeddable":true,"href":"https:\/\/www.bbyhaber.com\/bby\/wp-json\/wp\/v2\/users\/1"}],"replies":[{"embeddable":true,"href":"https:\/\/www.bbyhaber.com\/bby\/wp-json\/wp\/v2\/comments?post=4173"}],"version-history":[{"count":0,"href":"https:\/\/www.bbyhaber.com\/bby\/wp-json\/wp\/v2\/posts\/4173\/revisions"}],"wp:attachment":[{"href":"https:\/\/www.bbyhaber.com\/bby\/wp-json\/wp\/v2\/media?parent=4173"}],"wp:term":[{"taxonomy":"category","embeddable":true,"href":"https:\/\/www.bbyhaber.com\/bby\/wp-json\/wp\/v2\/categories?post=4173"},{"taxonomy":"post_tag","embeddable":true,"href":"https:\/\/www.bbyhaber.com\/bby\/wp-json\/wp\/v2\/tags?post=4173"}],"curies":[{"name":"wp","href":"https:\/\/api.w.org\/{rel}","templated":true}]}}