{"id":4158,"date":"2012-05-06T20:30:46","date_gmt":"2012-05-06T20:30:46","guid":{"rendered":"http:\/\/www.bbyhaber.com\/bby\/?p=4158"},"modified":"2012-05-06T20:32:50","modified_gmt":"2012-05-06T20:32:50","slug":"kitap-kurtlari-odullendirildi-konya","status":"publish","type":"post","link":"https:\/\/www.bbyhaber.com\/bby\/2012\/05\/06\/kitap-kurtlari-odullendirildi-konya","title":{"rendered":"Kitap kurtlar\u0131 \u00f6d\u00fcllendirildi-Konya"},"content":{"rendered":"<p style=\"text-align: justify;\">Saray\u00f6n\u00fc \u0130l\u00e7e Halk K\u00fct\u00fcphanesi, 2012 y\u0131l\u0131n\u0131n 3 ayl\u0131k periyodu kapsayan ilk \u00e7eyre\u011finde haz\u0131rlam\u0131\u015f oldu\u011fu istatistiklerle Saray\u00f6n\u00fc&#8217;nde en \u00e7ok kitap okuyanlar\u0131 belirledi.Yap\u0131lan istatistiki \u00e7al\u0131\u015fman\u0131n ard\u0131ndan ise en \u00e7ok kitap okuyan ki\u015filer k\u00fct\u00fcphane binas\u0131nda yap\u0131lan t\u00f6ren ile \u00f6d\u00fcllendirildi. Halk K\u00fct\u00fcphanesi yetkilileri en \u00e7ok kitap okuyan ilk 3 ki\u015finin, <!--more-->Saray\u00f6n\u00fc \u00c7ok Programl\u0131 Lisesi \u00f6\u011frencileri oldu\u011funu a\u00e7\u0131klad\u0131. 3 ayda, 9 kitap okuyan K\u00fcbra Altun birinci, 8 kitap okuyan Tu\u011f\u00e7e Demir ikinci oldu. Hatice Atay, \u00dcmm\u00fchan \u00d6z\u015fahin ve Rukiye Elli ise 7\u2019\u015fer kitap okuyarak \u00fc\u00e7\u00fcnc\u00fcl\u00fc\u011f\u00fc payla\u015ft\u0131lar.<\/p>\n<p style=\"text-align: justify;\">\u00d6\u011frencilerinin ba\u015far\u0131s\u0131yla gurur duydu\u011funu belirten ve bir a\u00e7\u0131klamada bulunan Saray\u00f6n\u00fc \u00c7ok Programl\u0131 Lisesi M\u00fcd\u00fcr\u00fc Ya\u015far Durmaz ise yapt\u0131\u011f\u0131 konu\u015fmada, \u201c\u00d6\u011frencilerimi okumaya g\u00f6sterdikleri ilgiden dolay\u0131 kutluyorum. Bu sonu\u00e7ta, okulumuzun m\u00fcd\u00fcr yard\u0131mc\u0131s\u0131 Zafer Sonel ve ekibinin b\u00fcy\u00fck \u00e7abalar\u0131 ile haz\u0131rlanan projelerin de b\u00fcy\u00fck katk\u0131s\u0131 var. Yol kitaplar\u0131 ve Kariyer G\u00fcnleri Projeleri ile \u00f6\u011frencilerimizin geleceklerine y\u00f6n vermelerinde onlara yard\u0131mc\u0131 olmak istedik. Ayn\u0131 zamanda da kitap okuma al\u0131\u015fkanl\u0131klar\u0131n\u0131 geli\u015ftirmelerini sa\u011flamay\u0131 hedefledik. Bu sonu\u00e7lar do\u011fru yolda oldu\u011fumuzu g\u00f6steriyor. T\u00fcm personelime ve \u00f6\u011frencilerime te\u015fekk\u00fcr ediyorum\u201d dedi. \u00d6te yandan daha \u00f6nce mahalle aras\u0131nda olan K\u00fct\u00fcphanenin 3 b\u00fcy\u00fck okulun ortas\u0131nda olmas\u0131n\u0131n kitap okuma oran\u0131n\u0131 artt\u0131rd\u0131\u011f\u0131 g\u00f6zlemlendi.<\/p>\n<p style=\"text-align: justify;\">Kaynak: http:\/\/www.saraymedya.com\/<\/p>\n","protected":false},"excerpt":{"rendered":"<p>Saray\u00f6n\u00fc \u0130l\u00e7e Halk K\u00fct\u00fcphanesi, 2012 y\u0131l\u0131n\u0131n 3 ayl\u0131k periyodu kapsayan ilk \u00e7eyre\u011finde haz\u0131rlam\u0131\u015f oldu\u011fu istatistiklerle Saray\u00f6n\u00fc&#8217;nde en \u00e7ok kitap okuyanlar\u0131 belirledi.Yap\u0131lan istatistiki \u00e7al\u0131\u015fman\u0131n ard\u0131ndan ise en \u00e7ok kitap okuyan ki\u015filer k\u00fct\u00fcphane binas\u0131nda yap\u0131lan t\u00f6ren ile \u00f6d\u00fcllendirildi. Halk K\u00fct\u00fcphanesi yetkilileri en \u00e7ok kitap okuyan ilk 3 ki\u015finin,<\/p>\n","protected":false},"author":1,"featured_media":0,"comment_status":"open","ping_status":"open","sticky":false,"template":"","format":"standard","meta":{"footnotes":""},"categories":[1],"tags":[848],"class_list":["post-4158","post","type-post","status-publish","format-standard","hentry","category-genel","tag-halk-kutuphaneleri"],"_links":{"self":[{"href":"https:\/\/www.bbyhaber.com\/bby\/wp-json\/wp\/v2\/posts\/4158"}],"collection":[{"href":"https:\/\/www.bbyhaber.com\/bby\/wp-json\/wp\/v2\/posts"}],"about":[{"href":"https:\/\/www.bbyhaber.com\/bby\/wp-json\/wp\/v2\/types\/post"}],"author":[{"embeddable":true,"href":"https:\/\/www.bbyhaber.com\/bby\/wp-json\/wp\/v2\/users\/1"}],"replies":[{"embeddable":true,"href":"https:\/\/www.bbyhaber.com\/bby\/wp-json\/wp\/v2\/comments?post=4158"}],"version-history":[{"count":0,"href":"https:\/\/www.bbyhaber.com\/bby\/wp-json\/wp\/v2\/posts\/4158\/revisions"}],"wp:attachment":[{"href":"https:\/\/www.bbyhaber.com\/bby\/wp-json\/wp\/v2\/media?parent=4158"}],"wp:term":[{"taxonomy":"category","embeddable":true,"href":"https:\/\/www.bbyhaber.com\/bby\/wp-json\/wp\/v2\/categories?post=4158"},{"taxonomy":"post_tag","embeddable":true,"href":"https:\/\/www.bbyhaber.com\/bby\/wp-json\/wp\/v2\/tags?post=4158"}],"curies":[{"name":"wp","href":"https:\/\/api.w.org\/{rel}","templated":true}]}}