{"id":4150,"date":"2012-05-05T19:58:22","date_gmt":"2012-05-05T19:58:22","guid":{"rendered":"http:\/\/www.bbyhaber.com\/bby\/?p=4150"},"modified":"2012-05-05T19:59:42","modified_gmt":"2012-05-05T19:59:42","slug":"madimakta-olusturulan-merkezden-2-bin-585-cocuk-faydalandi","status":"publish","type":"post","link":"https:\/\/www.bbyhaber.com\/bby\/2012\/05\/05\/madimakta-olusturulan-merkezden-2-bin-585-cocuk-faydalandi","title":{"rendered":"Mad\u0131mak&#8217;ta Olu\u015fturulan Merkezden 2 Bin 585 \u00c7ocuk Faydaland\u0131"},"content":{"rendered":"<p style=\"text-align: justify;\">Kamula\u015ft\u0131r\u0131ld\u0131ktan sonra Sivas \u0130l \u00d6zel \u0130daresi Bilim ve K\u00fclt\u00fcr Merkezi&#8217;ne d\u00f6n\u00fc\u015ft\u00fcr\u00fclen eski Mad\u0131mak Oteli&#8217;ndeki \u00e7ocuk k\u00fct\u00fcphanesi ve bilim odas\u0131n\u0131, 2 bin 585 \u00f6\u011frenci ziyaret etti. Sivas merkez ve il\u00e7elerindeki ilk\u00f6\u011fretim ve orta\u00f6\u011fretim okullar\u0131n\u0131n randevu alarak ziyaret etti\u011fi Bilim ve K\u00fclt\u00fcr Merkezi&#8217;ni, e\u011fitim-\u00f6\u011fretim y\u0131l\u0131n\u0131n ba\u015f\u0131ndan bu yana 2 bin 585 \u00f6\u011frenci gezdi. \u00d6\u011fretmenleri e\u015fli\u011finde merkeze gelen \u00f6\u011frenciler, buradaki k\u00fct\u00fcphane ve bilim odas\u0131ndan faydaland\u0131.<!--more--><\/p>\n<p style=\"text-align: justify;\">\u0130lk\u00f6\u011fretim ve orta\u00f6\u011fretimde okuyan \u00e7ocuklar\u0131n evreni, do\u011fa olaylar\u0131n\u0131 ve bunlar aras\u0131ndaki aras\u0131ndaki ili\u015fkileri \u00f6\u011frenmelerini sa\u011flayacak materyallerin bulundu\u011fu merkezde, \u00f6\u011frenciler kitap okuyup, bilimsel deneyleri uygulama f\u0131rsat\u0131 buldu. Merkezdeki k\u00fct\u00fcphaneden ve internet ba\u011flant\u0131l\u0131 bilgisayarlardan da \u00e7ok say\u0131da \u00f6\u011frenci yararland\u0131.<\/p>\n<p style=\"text-align: justify;\">K\u00fct\u00fcphaneden bug\u00fcne dek bin 260 \u00f6\u011frenciye evlerinde okumalar\u0131 i\u00e7in \u00f6d\u00fcn\u00e7 kitap verildi. Bilim merkezi b\u00fcnyesinde olu\u015fturulan 0-6 ya\u015f grubu ana s\u0131n\u0131f\u0131 k\u00fct\u00fcphanesinden ve masal odas\u0131ndan da 252 \u00e7ocuk faydaland\u0131. Merkezi, \u00f6\u011frencilerin yan\u0131 s\u0131ra protokol \u00fcyeleri ve kente ba\u015fka \u015fehirlerden gelen \u00e7ok say\u0131da konuk da ziyaret etti.<\/p>\n<p style=\"text-align: justify;\">\u0130l \u00d6zel \u0130daresi&#8217;ne ba\u011fl\u0131 bir \u015fube m\u00fcd\u00fcr\u00fc ve bir g\u00fcvenlik eleman\u0131n\u0131n g\u00f6rev yapt\u0131\u011f\u0131 merkezde, \u0130l Milli E\u011fitim M\u00fcd\u00fcrl\u00fc\u011f\u00fc&#8217;nce g\u00f6revlendirilen biri ana s\u0131n\u0131f\u0131, biri fizik, di\u011feri de s\u0131n\u0131f \u00f6\u011fretmeni olmak \u00fczere 3 e\u011fitimci \u00e7ocuklara bilgiler veriyor. G\u00fcvenlik kameralar\u0131yla takip edilen merkezi, hafta i\u00e7i mesai saatleri i\u00e7erisinde g\u00fcnde 2 okul ziyaret ediyor.<\/p>\n<p style=\"text-align: justify;\">-\u00c7ocuk k\u00fct\u00fcphanesi ve masal odas\u0131-<\/p>\n<p style=\"text-align: justify;\">Binan\u0131n giri\u015f kat\u0131n\u0131n sol b\u00f6l\u00fcm\u00fcnde yer alan k\u00fct\u00fcphane, iki ayr\u0131 b\u00f6l\u00fcmden olu\u015fuyor. K\u00fct\u00fcphanenin asma kat\u0131ndaki b\u00f6l\u00fcmden 0-6 ya\u015f, zemin kattaki b\u00f6l\u00fcmden ise 7-14 ya\u015f grubundaki \u00e7ocuklar faydalan\u0131yor.<\/p>\n<p style=\"text-align: justify;\">K\u00fct\u00fcphanede okuma ve ara\u015ft\u0131rma yapma imkan\u0131 bulan \u00e7ocuklar, bu b\u00f6l\u00fcmde bilgisayar ve internet imkan\u0131ndan da yararlan\u0131yor. 0-6 ya\u015f grubu \u00e7ocuklar i\u00e7in dizayn edilen asma kattaki k\u00fct\u00fcphanede, masal kitaplar\u0131n\u0131n yan\u0131 s\u0131ra \u00e7ocuk geli\u015fimine katk\u0131 sa\u011flayan yapboz t\u00fcr\u00fc oyuncaklar da bulunuyor.<\/p>\n<p style=\"text-align: justify;\">Rengarenk masalar ve raflarla olu\u015fturulan k\u00fct\u00fcphanede, \u00e7ocuklar\u0131n faydalanmas\u0131 i\u00e7in ulusal ve uluslararas\u0131 yay\u0131nlar ile \u00e7ok say\u0131da kitap bulunuyor. K\u00fct\u00fcphanenin &#8220;Atat\u00fcrk K\u00f6\u015fesi&#8221; b\u00f6l\u00fcm\u00fcnde B\u00fcy\u00fck \u00d6nder Mustafa Kemal Atat\u00fcrk&#8217;\u00fcn hayat\u0131, ilke ve ink\u0131laplar\u0131n\u0131n anlat\u0131ld\u0131\u011f\u0131 kitaplar ile Nutuk ve \u00e7e\u015fitli yay\u0131nlar yer al\u0131yor.<\/p>\n<p style=\"text-align: justify;\">-Bilim merkezinde ne\u015feli anlar-<\/p>\n<p style=\"text-align: justify;\">Merkezin \u00fcst kat\u0131nda ise ODT\u00dc Bilim Merkezi \u00f6rnek al\u0131narak T\u00dcB\u0130TAK&#8217;\u0131n katk\u0131lar\u0131yla yap\u0131lan bilim merkezi bulunuyor. K\u00fct\u00fcphanede kitap okuman\u0131n tad\u0131n\u0131 \u00e7\u0131karan \u00f6\u011frenciler, okulda fen ve matematik derslerinde teorilerini \u00f6\u011frendikleri, ancak uygulama imkanlar\u0131 olmayan \u00e7e\u015fitli deneyleri g\u00f6revli \u00f6\u011fretmenler e\u015fli\u011finde yapabiliyor.<\/p>\n<p style=\"text-align: justify;\">E\u011flenirken \u00f6\u011frenmenin hedeflendi\u011fi bilim merkezini gruplar halinde gezen \u00f6\u011frenciler, Einstein maskesi, Magdeburg k\u00fcreleri, d\u00f6ner ill\u00fczyonlar, suda girdap, temiz enerji evi, dans eden robot, g\u00f6z yan\u0131lt\u0131c\u0131 aynalar, f\u0131s\u0131lt\u0131 duvar\u0131, nab\u0131z ritmini \u00f6l\u00e7en davul ve \u00fc\u00e7 boyutlu \u00e7al\u0131\u015fmalar gibi bilimsel materyallerin ve oyuncaklar\u0131n oldu\u011fu b\u00f6l\u00fcmde kendilerini bekleyen s\u00fcrprizlerle ho\u015f\u00e7a vakit ge\u00e7iriyor. Bu b\u00f6l\u00fcmde bilimsel deneyleri g\u00f6rerek, ya\u015fayarak, uygulayarak \u00f6\u011frenen \u00e7ocuklar, bilimsel oyuncaklarla da ne\u015feli anlar ya\u015f\u0131yor.<\/p>\n<p style=\"text-align: justify;\">Bilim merkezinin bulundu\u011fu katta yer alan mini sinema odas\u0131nda ise merkezi gezen \u00f6\u011frencilere sinevizyon e\u015fli\u011finde bilimsel g\u00f6steriler sunuluyor. K\u00fclt\u00fcr ve Turizm Bakanl\u0131\u011f\u0131&#8217;n\u0131n Ankara&#8217;daki \u00e7ocuk k\u00fct\u00fcphaneleri \u00f6rnek al\u0131narak ayn\u0131 katta haz\u0131rlanan masal odas\u0131nda da ana okulu ve ana s\u0131n\u0131f\u0131 \u00f6\u011frencilerine masallar anlat\u0131l\u0131yor ve \u00e7ocuklar\u0131n \u00f6yk\u00fc kahramanlar\u0131yla tan\u0131\u015f\u0131labilmesi sa\u011flan\u0131yor.<\/p>\n<p style=\"text-align: justify;\">-An\u0131 k\u00f6\u015fesinde birlik ve beraberlik mesajlar\u0131-<\/p>\n<p style=\"text-align: justify;\">Bilim ve K\u00fclt\u00fcr Merkezi&#8217;nin giri\u015f kat\u0131nda sa\u011f tarafta olu\u015fturulan &#8220;An\u0131 K\u00f6\u015fesi&#8221;nde ise Sivas&#8217;ta 2 Temmuz 1993&#8217;te \u00e7\u0131kan olaylarda ya\u015fam\u0131n\u0131 yitiren 37 ki\u015finin isimleri yer al\u0131yor.<\/p>\n<p style=\"text-align: justify;\">\u0130simlerin alfabetik s\u0131raya g\u00f6re yaz\u0131ld\u0131\u011f\u0131 bu b\u00f6l\u00fcm\u00fcn tam ortas\u0131nda B\u00fcy\u00fck \u00d6nder Atat\u00fcrk&#8217;\u00fcn mask\u0131 ile birlik ve beraberli\u011fe vurgu yapan &#8220;Toplumun i\u00e7indeki farkl\u0131 d\u00fc\u015f\u00fcnceler, farkl\u0131 inan\u0131\u015flar ne olursa olsun, milli birlik ve beraberlik i\u00e7erisinde hareket etmesini bilen bir milletin ba\u015faramayaca\u011f\u0131 i\u015f, a\u015famayaca\u011f\u0131 engel yoktur&#8221; \u00f6zdeyi\u015fi yer al\u0131yor.<\/p>\n<p style=\"text-align: justify;\">An\u0131 k\u00f6\u015fesinin en alt k\u0131sm\u0131nda ise &#8220;2 Temmuz 1993 tarihinde meydana gelen elim olayda 37 insan\u0131m\u0131z hayat\u0131n\u0131 kaybetmi\u015ftir. B\u00f6yle ac\u0131lar\u0131n bir daha ya\u015fanmamas\u0131 dile\u011fiyle&#8230;&#8221; yaz\u0131s\u0131 dikkati \u00e7ekiyor.<\/p>\n<p style=\"text-align: justify;\">An\u0131 k\u00f6\u015fesinin sa\u011f k\u0131sm\u0131ndaki &#8220;Arifler K\u00f6\u015fesi&#8221;nde Mevlana, Hac\u0131 Bekta\u015f-\u0131 Veli ve Yunus Emre&#8217;nin, sol k\u0131sm\u0131ndaki &#8220;A\u015f\u0131klar K\u00f6\u015fesi&#8221;nde ise Sivas&#8217;\u0131n de\u011ferleri olan A\u015f\u0131k Veysel, Pir Sultan Abdal ve A\u015f\u0131k Ruhsati&#8217;nin birlik ve beraberlik ile ilgili s\u00f6zleri yer al\u0131yor.<\/p>\n<p style=\"text-align: justify;\">Kaynak: http:\/\/www.haberciniz.biz<\/p>\n","protected":false},"excerpt":{"rendered":"<p>Kamula\u015ft\u0131r\u0131ld\u0131ktan sonra Sivas \u0130l \u00d6zel \u0130daresi Bilim ve K\u00fclt\u00fcr Merkezi&#8217;ne d\u00f6n\u00fc\u015ft\u00fcr\u00fclen eski Mad\u0131mak Oteli&#8217;ndeki \u00e7ocuk k\u00fct\u00fcphanesi ve bilim odas\u0131n\u0131, 2 bin 585 \u00f6\u011frenci ziyaret etti. Sivas merkez ve il\u00e7elerindeki ilk\u00f6\u011fretim ve orta\u00f6\u011fretim okullar\u0131n\u0131n randevu alarak ziyaret etti\u011fi Bilim ve K\u00fclt\u00fcr Merkezi&#8217;ni, e\u011fitim-\u00f6\u011fretim y\u0131l\u0131n\u0131n ba\u015f\u0131ndan bu yana 2 bin 585 \u00f6\u011frenci gezdi. \u00d6\u011fretmenleri e\u015fli\u011finde merkeze gelen [&hellip;]<\/p>\n","protected":false},"author":1,"featured_media":0,"comment_status":"open","ping_status":"open","sticky":false,"template":"","format":"standard","meta":{"footnotes":""},"categories":[1],"tags":[161,160],"class_list":["post-4150","post","type-post","status-publish","format-standard","hentry","category-genel","tag-madimak-oteli","tag-madimak-oteli-kutuphane"],"_links":{"self":[{"href":"https:\/\/www.bbyhaber.com\/bby\/wp-json\/wp\/v2\/posts\/4150"}],"collection":[{"href":"https:\/\/www.bbyhaber.com\/bby\/wp-json\/wp\/v2\/posts"}],"about":[{"href":"https:\/\/www.bbyhaber.com\/bby\/wp-json\/wp\/v2\/types\/post"}],"author":[{"embeddable":true,"href":"https:\/\/www.bbyhaber.com\/bby\/wp-json\/wp\/v2\/users\/1"}],"replies":[{"embeddable":true,"href":"https:\/\/www.bbyhaber.com\/bby\/wp-json\/wp\/v2\/comments?post=4150"}],"version-history":[{"count":0,"href":"https:\/\/www.bbyhaber.com\/bby\/wp-json\/wp\/v2\/posts\/4150\/revisions"}],"wp:attachment":[{"href":"https:\/\/www.bbyhaber.com\/bby\/wp-json\/wp\/v2\/media?parent=4150"}],"wp:term":[{"taxonomy":"category","embeddable":true,"href":"https:\/\/www.bbyhaber.com\/bby\/wp-json\/wp\/v2\/categories?post=4150"},{"taxonomy":"post_tag","embeddable":true,"href":"https:\/\/www.bbyhaber.com\/bby\/wp-json\/wp\/v2\/tags?post=4150"}],"curies":[{"name":"wp","href":"https:\/\/api.w.org\/{rel}","templated":true}]}}