{"id":4120,"date":"2012-05-03T11:28:43","date_gmt":"2012-05-03T11:28:43","guid":{"rendered":"http:\/\/www.bbyhaber.com\/bby\/?p=4120"},"modified":"2012-05-30T13:04:04","modified_gmt":"2012-05-30T13:04:04","slug":"turk-konseyi-kutuphaneleri-mevcut-durum-sorunlar-ve-oneriler-sempozyumu","status":"publish","type":"post","link":"https:\/\/www.bbyhaber.com\/bby\/2012\/05\/03\/turk-konseyi-kutuphaneleri-mevcut-durum-sorunlar-ve-oneriler-sempozyumu","title":{"rendered":"T\u00fcrk Konseyi K\u00fct\u00fcphaneleri Mevcut Durum, Sorunlar ve \u00d6neriler Sempozyumu"},"content":{"rendered":"<p style=\"text-align: justify;\">Milli K\u00fct\u00fcphane konferans salonunda, <a href=\"http:\/\/avrasyakutuphanecilerbirligi.org\/\" target=\"_blank\">Avrasya K\u00fct\u00fcphaneciler Birli\u011fi<\/a>&#8216;nin organizasyonu, Ba\u015fbakanl\u0131k Tan\u0131tma Fonu, Milli K\u00fct\u00fcphane Ba\u015fkanl\u0131\u011f\u0131 ve Avrasya Yazarlar Birli\u011fi&#8217;nin katk\u0131lar\u0131yla ger\u00e7ekle\u015fen sempozyuma, T\u00fcrkiye&#8217;nin yan\u0131 s\u0131ra Azerbaycan, Kazakistan ve K\u0131rg\u0131zistan&#8217;dan k\u00fct\u00fcphane y\u00f6neticileri kat\u0131ld\u0131.<!--more--><\/p>\n<p style=\"text-align: justify;\">Ankara Vali Yard\u0131mc\u0131s\u0131 Y\u0131ld\u0131r\u0131m U\u00e7ar, a\u00e7\u0131l\u0131\u015fta yapt\u0131\u011f\u0131 konu\u015fmada, sempozyumda payla\u015f\u0131lacaklar\u0131n kat\u0131l\u0131mc\u0131 \u00fclkelerin k\u00fct\u00fcphanelerinin geli\u015fmesine olumlu katk\u0131lar sunaca\u011f\u0131n\u0131 belirtti. \u00dclkelerin ortak bir ge\u00e7mi\u015fe sahip oldu\u011funa i\u015faret eden U\u00e7ar, k\u00fct\u00fcphanelerin ge\u00e7mi\u015fi bug\u00fcne ta\u015f\u0131yan arac\u0131 kurulu\u015flar oldu\u011funu s\u00f6yledi.<\/p>\n<p style=\"text-align: justify;\">Geli\u015fen teknolojiyle birlikte k\u00fct\u00fcphanelerin yerini art\u0131k bilgisayarlar\u0131n ald\u0131\u011f\u0131n\u0131 ifade eden U\u00e7ar, &#8221;\u0130nsanlar oturduklar\u0131 yerden istedikleri bilgi ve belgeye kolayca ula\u015fabiliyor. Bu durumda &#8216;b\u00fcy\u00fck k\u00fct\u00fcphane binalar\u0131na ihtiya\u00e7 var m\u0131?&#8217; diye d\u00fc\u015f\u00fcnebiliriz. Ancak bu da beraberinde yaln\u0131zla\u015fmay\u0131 getiriyor. K\u00fct\u00fcphanelerde bunun aksine bir sosyalle\u015fme var. Kitaba dokunma var, hissetme var. Bu nedenle umuyorum ki k\u00fct\u00fcphaneler varl\u0131\u011f\u0131n\u0131 hep koruyacak&#8221; dedi.<\/p>\n<p style=\"text-align: justify;\">Avrasya K\u00fct\u00fcphaneciler Birli\u011fi Ba\u015fkan\u0131 Necip Erol Olcay da k\u00fct\u00fcphanelerin art\u0131k eskisinden daha iyi durumda oldu\u011funu belirterek, &#8221;Son y\u0131llarda bir\u00e7ok \u00fcniversitede k\u00fct\u00fcphanecilik b\u00f6l\u00fcmleri a\u00e7\u0131ld\u0131, \u00f6\u011frenciler de bu b\u00f6l\u00fcmlere ilgi g\u00f6steriyor. K\u00fct\u00fcphaneler gelecekte de varl\u0131\u011f\u0131n\u0131 hep koruyacak. \u00dclkeler aras\u0131 i\u015fbirlikleri bu geli\u015fmeyi daha da h\u0131zland\u0131racak&#8221; diye konu\u015ftu.<\/p>\n<p style=\"text-align: justify;\">Kazakistan Milli K\u00fct\u00fcphanesi Yazmalar ve Nadir Eserler B\u00f6l\u00fcm Ba\u015fkan\u0131 Nabat Askarbekov&#8217;a konu\u015fmas\u0131ndan sonra Erol&#8217;a, Kazakistan&#8217;\u0131n geleneksel k\u0131yafeti olan \u00e7apan, kalpak ve Manas Destan\u0131&#8217;n\u0131n tasvir edildi\u011fi bir tablo hediye etti. Konu\u015fmalar\u0131n ard\u0131ndan K\u0131rg\u0131zistan, Kazakistan ve Azerbaycan&#8217;dan gelen kat\u0131l\u0131mc\u0131lar, \u00fclkelerindeki k\u00fct\u00fcphanecilik \u00e7al\u0131\u015fmalar\u0131n\u0131 anlatt\u0131lar.<\/p>\n<p style=\"text-align: justify;\"><strong>Sempozyum program\u0131 i\u00e7in<\/strong> <a href=\"http:\/\/www.avrasyakutuphanecilerbirligi.org\/images\/duyurular\/AKBDavetiyeProgram.pdf\" target=\"_blank\">t\u0131klay\u0131n\u0131z<\/a><\/p>\n<p style=\"text-align: justify;\">Kaynak: http:\/\/beyazgazete.com<\/p>\n","protected":false},"excerpt":{"rendered":"<p>Milli K\u00fct\u00fcphane konferans salonunda, Avrasya K\u00fct\u00fcphaneciler Birli\u011fi&#8216;nin organizasyonu, Ba\u015fbakanl\u0131k Tan\u0131tma Fonu, Milli K\u00fct\u00fcphane Ba\u015fkanl\u0131\u011f\u0131 ve Avrasya Yazarlar Birli\u011fi&#8217;nin katk\u0131lar\u0131yla ger\u00e7ekle\u015fen sempozyuma, T\u00fcrkiye&#8217;nin yan\u0131 s\u0131ra Azerbaycan, Kazakistan ve K\u0131rg\u0131zistan&#8217;dan k\u00fct\u00fcphane y\u00f6neticileri kat\u0131ld\u0131.<\/p>\n","protected":false},"author":1,"featured_media":0,"comment_status":"open","ping_status":"open","sticky":false,"template":"","format":"standard","meta":{"footnotes":""},"categories":[1],"tags":[1395],"class_list":["post-4120","post","type-post","status-publish","format-standard","hentry","category-genel","tag-bby-mesleki-etkinlikler-arsivi"],"_links":{"self":[{"href":"https:\/\/www.bbyhaber.com\/bby\/wp-json\/wp\/v2\/posts\/4120"}],"collection":[{"href":"https:\/\/www.bbyhaber.com\/bby\/wp-json\/wp\/v2\/posts"}],"about":[{"href":"https:\/\/www.bbyhaber.com\/bby\/wp-json\/wp\/v2\/types\/post"}],"author":[{"embeddable":true,"href":"https:\/\/www.bbyhaber.com\/bby\/wp-json\/wp\/v2\/users\/1"}],"replies":[{"embeddable":true,"href":"https:\/\/www.bbyhaber.com\/bby\/wp-json\/wp\/v2\/comments?post=4120"}],"version-history":[{"count":0,"href":"https:\/\/www.bbyhaber.com\/bby\/wp-json\/wp\/v2\/posts\/4120\/revisions"}],"wp:attachment":[{"href":"https:\/\/www.bbyhaber.com\/bby\/wp-json\/wp\/v2\/media?parent=4120"}],"wp:term":[{"taxonomy":"category","embeddable":true,"href":"https:\/\/www.bbyhaber.com\/bby\/wp-json\/wp\/v2\/categories?post=4120"},{"taxonomy":"post_tag","embeddable":true,"href":"https:\/\/www.bbyhaber.com\/bby\/wp-json\/wp\/v2\/tags?post=4120"}],"curies":[{"name":"wp","href":"https:\/\/api.w.org\/{rel}","templated":true}]}}